{"id":999,"date":"2020-08-18T15:40:47","date_gmt":"2020-08-18T15:40:47","guid":{"rendered":"https:\/\/fpvoleibol.pt\/fpv\/?p=999"},"modified":"2020-08-19T15:42:18","modified_gmt":"2020-08-19T15:42:18","slug":"barbara-e-sofia-campeas-nacionais-de-sub-14","status":"publish","type":"post","link":"https:\/\/fpvoleibol.pt\/fpv\/2020\/08\/18\/barbara-e-sofia-campeas-nacionais-de-sub-14\/","title":{"rendered":"B\u00c1RBARA E SOFIA CAMPE\u00c3S NACIONAIS DE SUB-14"},"content":{"rendered":"<p class=\"descricaonoticia\" align=\"center\"><a href=\"https:\/\/www.fpvoleibol.pt\/noticias\/2020\/imagens\/girapraiasub14fpod_gd.jpg\" target=\"_blank\" rel=\"noopener noreferrer\"><img loading=\"lazy\" decoding=\"async\" src=\"https:\/\/www.fpvoleibol.pt\/noticias\/2020\/imagens\/girapraiasub14fpod_pq1.jpg\" width=\"480\" height=\"337\" border=\"1\" \/><\/a><\/p>\n<p class=\"descricaonoticia\" align=\"justify\">A dupla\u00a0<strong>B\u00e1rbara Castro\/Sofia Loureiro<\/strong>\u00a0sagrou-se hoje campe\u00e3 nacional de Gira-Praia na categoria de Sub-14 Femininos, cujo Campeonato Nacional decorreu no Centro de Alto Rendimento de Voleibol de Praia da FPV, em Cortega\u00e7a, Ovar.<\/p>\n<p class=\"descricaonoticia\" align=\"justify\">Numa final muito disputada,\u00a0<strong>B\u00e1rbara Castro e Sofia Loureiro<\/strong>\u00a0superaram\u00a0<span class=\"auto-style3\">Martina Calado\/B\u00e1rbara Guedes<\/span>\u00a0pela diferen\u00e7a m\u00ednima: 2-1 (18-21, 22-20 e 15-6).<\/p>\n<p class=\"descricaonoticia\" align=\"justify\">No jogo de atribui\u00e7\u00e3o dos 3.\u00ba e 4.\u00ba lugares,\u00a0<strong>Rafaela Brenha e Eva Rodrigues<\/strong>\u00a0venceram (2-0: 15-8 e 15-7)\u00a0<span class=\"auto-style3\">Isabella Verdonschot\/Maria Jo\u00e3o Gomes<\/span>.<\/p>\n<p class=\"descricaonoticia\" align=\"justify\">Amanh\u00e3 ser\u00e1 a vez do Campeonato de Sub-14 Masculinos, cuja reuni\u00e3o t\u00e9cnica est\u00e1 agendada para as 9h00, igualmente no CAR de Cortega\u00e7a.<\/p>\n<p class=\"auto-style2\"><a href=\"http:\/\/www.fpvoleibol.pt\/girapraia2020\" target=\"_blank\" rel=\"noopener noreferrer\"><img loading=\"lazy\" decoding=\"async\" src=\"https:\/\/www.fpvoleibol.pt\/noticias\/2020\/imagens\/girapraiasub14fpod_pq2.jpg\" width=\"480\" height=\"270\" border=\"1\" \/><\/a><\/p>\n<p class=\"descricaonoticia\" align=\"justify\">Os\u00a0<a href=\"http:\/\/www.fpvoleibol.pt\/girapraia2020\" target=\"_blank\" rel=\"noopener noreferrer\">Campeonatos Nacionais de Gira-Praia 2020<\/a>, nas categorias de Sub-14, Sub-16 e Sub-18 masculinos e femininos, disputam-se de 18 a 23 de Agosto no Centro de Alto Rendimento de Voleibol de Praia da Federa\u00e7\u00e3o Portuguesa de Voleibol (FPV), em Cortega\u00e7a, e realizam-se sem p\u00fablico, no estrito cumprimento das regras de seguran\u00e7a sanit\u00e1ria da Direc\u00e7\u00e3o Geral da Sa\u00fade (DGS).<\/p>\n<p class=\"auto-style2\"><a href=\"http:\/\/www.fpvoleibol.pt\/girapraia2020\" target=\"_blank\" rel=\"noopener noreferrer\"><img loading=\"lazy\" decoding=\"async\" class=\"aligncenter\" src=\"https:\/\/www.fpvoleibol.pt\/noticias\/2020\/imagens\/girapraia2020.jpg\" width=\"480\" height=\"270\" border=\"1\" \/><\/a><\/p>\n<p class=\"auto-style1\"><strong>Calend\u00e1rio<\/strong><\/p>\n<p class=\"auto-style2\"><strong>Dia 18 de Agosto<\/strong>\u00a0\u2013 Sub-14 Femininos<br \/>\n<strong>Dia 19 de Agosto\u00a0<\/strong>\u2013 Sub-14 Masculinos<\/p>\n<p class=\"auto-style2\"><strong>Dia 20 de Agosto<\/strong>\u00a0\u2013 Sub-16 Femininos<br \/>\n<strong>Dia 21 de Agosto<\/strong>\u00a0\u2013 Sub-16 Masculinos<\/p>\n<p class=\"auto-style2\"><strong>Dia 22 de Agosto<\/strong>\u00a0\u2013 Sub-18 Femininos<br \/>\n<strong>Dia 23 de Agosto<\/strong>\u00a0\u2013 Sub-18 Masculinos<\/p>\n<p class=\"descricaonoticia\" align=\"justify\">Todas as informa\u00e7\u00f5es em\u00a0<a href=\"http:\/\/www.fpvoleibol.pt\/girapraia2020\" target=\"_blank\" rel=\"noopener noreferrer\">www.fpvoleibol.pt\/girapraia2020<\/a><\/p>\n","protected":false},"excerpt":{"rendered":"<p>A dupla\u00a0B\u00e1rbara Castro\/Sofia Loureiro\u00a0sagrou-se hoje campe\u00e3 nacional de Gira-Praia na categoria de Sub-14 Femininos, cujo Campeonato Nacional decorreu no Centro de Alto Rendimento de Voleibol de Praia da FPV, em [&hellip;]<\/p>\n","protected":false},"author":1,"featured_media":1000,"comment_status":"open","ping_status":"open","sticky":false,"template":"","format":"standard","meta":{"_monsterinsights_skip_tracking":false,"_monsterinsights_sitenote_active":false,"_monsterinsights_sitenote_note":"","_monsterinsights_sitenote_category":0,"footnotes":""},"categories":[16],"tags":[],"class_list":{"0":"post-999","1":"post","2":"type-post","3":"status-publish","4":"format-standard","5":"has-post-thumbnail","7":"category-gira-praia","8":"czr-hentry"},"aioseo_notices":[],"_links":{"self":[{"href":"https:\/\/fpvoleibol.pt\/fpv\/wp-json\/wp\/v2\/posts\/999","targetHints":{"allow":["GET"]}}],"collection":[{"href":"https:\/\/fpvoleibol.pt\/fpv\/wp-json\/wp\/v2\/posts"}],"about":[{"href":"https:\/\/fpvoleibol.pt\/fpv\/wp-json\/wp\/v2\/types\/post"}],"author":[{"embeddable":true,"href":"https:\/\/fpvoleibol.pt\/fpv\/wp-json\/wp\/v2\/users\/1"}],"replies":[{"embeddable":true,"href":"https:\/\/fpvoleibol.pt\/fpv\/wp-json\/wp\/v2\/comments?post=999"}],"version-history":[{"count":1,"href":"https:\/\/fpvoleibol.pt\/fpv\/wp-json\/wp\/v2\/posts\/999\/revisions"}],"predecessor-version":[{"id":1001,"href":"https:\/\/fpvoleibol.pt\/fpv\/wp-json\/wp\/v2\/posts\/999\/revisions\/1001"}],"wp:featuredmedia":[{"embeddable":true,"href":"https:\/\/fpvoleibol.pt\/fpv\/wp-json\/wp\/v2\/media\/1000"}],"wp:attachment":[{"href":"https:\/\/fpvoleibol.pt\/fpv\/wp-json\/wp\/v2\/media?parent=999"}],"wp:term":[{"taxonomy":"category","embeddable":true,"href":"https:\/\/fpvoleibol.pt\/fpv\/wp-json\/wp\/v2\/categories?post=999"},{"taxonomy":"post_tag","embeddable":true,"href":"https:\/\/fpvoleibol.pt\/fpv\/wp-json\/wp\/v2\/tags?post=999"}],"curies":[{"name":"wp","href":"https:\/\/api.w.org\/{rel}","templated":true}]}}