{"id":989,"date":"2020-08-17T12:10:16","date_gmt":"2020-08-17T12:10:16","guid":{"rendered":"https:\/\/fpvoleibol.pt\/fpv\/?p=989"},"modified":"2020-08-18T12:10:57","modified_gmt":"2020-08-18T12:10:57","slug":"jogos-de-acesso-a-i-divisao","status":"publish","type":"post","link":"https:\/\/fpvoleibol.pt\/fpv\/2020\/08\/17\/jogos-de-acesso-a-i-divisao\/","title":{"rendered":"JOGOS DE ACESSO \u00c0 I DIVIS\u00c3O"},"content":{"rendered":"<p class=\"descricaonoticia\" align=\"center\"><a href=\"https:\/\/www.fpvoleibol.pt\/noticias\/2020\/imagens\/jogos_acesso_seniores_gd.jpg\" target=\"_blank\" rel=\"noopener noreferrer\"><img loading=\"lazy\" decoding=\"async\" src=\"https:\/\/www.fpvoleibol.pt\/noticias\/2020\/imagens\/jogos_acesso_seniores_pq.jpg\" width=\"430\" height=\"608\" border=\"1\" \/><\/a><\/p>\n<p class=\"descricaonoticia\" align=\"justify\">Os jogos de acesso \u00e0 I Divis\u00e3o de seniores femininos e masculinos ser\u00e3o disputados, de 11 a 20 de Setembro, no Centro de Desportos e Congressos de Matosinhos, respectivamente na Nave Costa Pereira e na Nave Il\u00eddio Ramos.<\/p>\n<p class=\"auto-style3\"><strong>JOGOS DE ACESSO \u00c0 I DIVIS\u00c3O<\/strong><\/p>\n<p class=\"auto-style1\"><strong>Femininos &#8211; Nave Costa Pereira<\/strong><\/p>\n<p class=\"auto-style1\"><strong>S\u00e9rie A<\/strong><\/p>\n<p class=\"descricaonoticia\" align=\"justify\"><strong>1.\u00aa Jornada<\/strong><br \/>\n11.09.2020<br \/>\n18h00 \u2013 Lus\u00f3fona VC x SC Espinho<\/p>\n<p class=\"descricaonoticia\" align=\"justify\"><strong>2.\u00aa Jornada<\/strong><br \/>\n12.09.202<br \/>\n15h00 \u2013 CS Madeira x Lus\u00f3fona VC<\/p>\n<p class=\"descricaonoticia\" align=\"justify\"><strong>3.\u00aa Jornada<\/strong><br \/>\n13.09.2020<br \/>\n15h00 \u2013 SC Espinho x CS Madeira<\/p>\n<p class=\"auto-style1\"><strong>S\u00e9rie B<\/strong><\/p>\n<p class=\"descricaonoticia\" align=\"justify\"><strong>1.\u00aa Jornada<\/strong><br \/>\n11.09.2020<br \/>\n20h00 \u2013 ADRE Praiense x Vit\u00f3ria SC<\/p>\n<p class=\"descricaonoticia\" align=\"justify\"><strong>2\u00aa. Jornada<\/strong><br \/>\n12.09.2020<br \/>\n15h00 \u2013 SL Benfica x ADRE Praiense<\/p>\n<p class=\"descricaonoticia\" align=\"justify\"><strong>3.\u00aa Jornada<\/strong><br \/>\n13.09.2020<br \/>\n17h00 \u2013 Vit\u00f3ria SC x SL Benfica<\/p>\n<p class=\"auto-style1\"><strong>Masculinos \u2013 Nave Il\u00eddio Ramos<\/strong><\/p>\n<p class=\"descricaonoticia\" align=\"justify\"><span class=\"auto-style2\"><strong>1.\u00aa Jornada<\/strong><\/span><br \/>\n<strong>11.09.2020<\/strong><br \/>\n16h00 \u2013 GC St.\u00ba Tirso x Ala Nun&#8217;\u00c1lvares de Gondomar<br \/>\n18h00 \u2013 CD Os Marienses x CD P\u00f3voa<\/p>\n<p class=\"descricaonoticia\" align=\"justify\"><span class=\"auto-style2\"><strong>2.\u00aa Jornada<\/strong><\/span><br \/>\n<strong>12.09.2020<\/strong><br \/>\n17h00 \u2013 CD Os Marienses x Ala Nun&#8217;\u00c1lvares de Gondomar<\/p>\n<p class=\"descricaonoticia\" align=\"justify\"><span class=\"auto-style2\"><strong>3.\u00aa Jornada<\/strong><\/span><br \/>\n<strong>13.09.2020<\/strong><br \/>\n17h00 \u2013 Ala Nun&#8217;\u00c1lvares de Gondomar x CD P\u00f3voa<br \/>\n19h00 \u2013 AAEspinho x GC St.\u00ba Tirso<\/p>\n<p class=\"descricaonoticia\" align=\"justify\"><span class=\"auto-style2\"><strong>4.\u00aa Jornada<\/strong><\/span><br \/>\n<strong>18.09.2020<\/strong><br \/>\n18h00 \u2013 Ala Nun&#8217;\u00c1lvares de Gondomar x AA Espinho<br \/>\n20h00 \u2013 GC St.\u00ba Tirso x CD Os Marienses<\/p>\n<p class=\"descricaonoticia\" align=\"justify\"><span class=\"auto-style2\"><strong>5.\u00aa Jornada<\/strong><\/span><br \/>\n<strong>19.09.2020<\/strong><br \/>\n16h00 \u2013 AA Espinho x CD Os Marienses<br \/>\n18h00 \u2013 CD P\u00f3voa x GC St.\u00ba Tirso<\/p>\n<p class=\"descricaonoticia\" align=\"justify\"><span class=\"auto-style2\"><strong>6.\u00aa Jornada<\/strong><\/span><br \/>\n<strong>20.09.2020<\/strong><br \/>\n16h00 \u2013 CD P\u00f3voa x AA Espinho<\/p>\n<p class=\"descricaonoticia\" align=\"justify\">Calend\u00e1rios de jogos de acesso \u00e0 I Divis\u00e3o dispon\u00edveis em\u00a0<a href=\"https:\/\/www.portugalvoleibol.com\/classificacao\/\" target=\"_blank\" rel=\"noopener noreferrer\">https:\/\/www.portugalvoleibol.com\/classificacao\/<\/a><\/p>\n<p class=\"descricaonoticia\" align=\"justify\">Mais informa\u00e7\u00f5es\u00a0<a href=\"https:\/\/www.fpvoleibol.pt\/nacional\/20_21\/sorteios\/acesso_1div_seniores.html\" target=\"_blank\" rel=\"noopener noreferrer\">AQUI<\/a><\/p>\n","protected":false},"excerpt":{"rendered":"<p>Os jogos de acesso \u00e0 I Divis\u00e3o de seniores femininos e masculinos ser\u00e3o disputados, de 11 a 20 de Setembro, no Centro de Desportos e Congressos de Matosinhos, respectivamente na [&hellip;]<\/p>\n","protected":false},"author":1,"featured_media":990,"comment_status":"open","ping_status":"open","sticky":false,"template":"","format":"standard","meta":{"_monsterinsights_skip_tracking":false,"_monsterinsights_sitenote_active":false,"_monsterinsights_sitenote_note":"","_monsterinsights_sitenote_category":0,"footnotes":""},"categories":[8],"tags":[],"class_list":{"0":"post-989","1":"post","2":"type-post","3":"status-publish","4":"format-standard","5":"has-post-thumbnail","7":"category-voleibol","8":"czr-hentry"},"aioseo_notices":[],"_links":{"self":[{"href":"https:\/\/fpvoleibol.pt\/fpv\/wp-json\/wp\/v2\/posts\/989","targetHints":{"allow":["GET"]}}],"collection":[{"href":"https:\/\/fpvoleibol.pt\/fpv\/wp-json\/wp\/v2\/posts"}],"about":[{"href":"https:\/\/fpvoleibol.pt\/fpv\/wp-json\/wp\/v2\/types\/post"}],"author":[{"embeddable":true,"href":"https:\/\/fpvoleibol.pt\/fpv\/wp-json\/wp\/v2\/users\/1"}],"replies":[{"embeddable":true,"href":"https:\/\/fpvoleibol.pt\/fpv\/wp-json\/wp\/v2\/comments?post=989"}],"version-history":[{"count":1,"href":"https:\/\/fpvoleibol.pt\/fpv\/wp-json\/wp\/v2\/posts\/989\/revisions"}],"predecessor-version":[{"id":991,"href":"https:\/\/fpvoleibol.pt\/fpv\/wp-json\/wp\/v2\/posts\/989\/revisions\/991"}],"wp:featuredmedia":[{"embeddable":true,"href":"https:\/\/fpvoleibol.pt\/fpv\/wp-json\/wp\/v2\/media\/990"}],"wp:attachment":[{"href":"https:\/\/fpvoleibol.pt\/fpv\/wp-json\/wp\/v2\/media?parent=989"}],"wp:term":[{"taxonomy":"category","embeddable":true,"href":"https:\/\/fpvoleibol.pt\/fpv\/wp-json\/wp\/v2\/categories?post=989"},{"taxonomy":"post_tag","embeddable":true,"href":"https:\/\/fpvoleibol.pt\/fpv\/wp-json\/wp\/v2\/tags?post=989"}],"curies":[{"name":"wp","href":"https:\/\/api.w.org\/{rel}","templated":true}]}}