{"id":986,"date":"2020-08-17T12:08:46","date_gmt":"2020-08-17T12:08:46","guid":{"rendered":"https:\/\/fpvoleibol.pt\/fpv\/?p=986"},"modified":"2020-08-18T12:09:41","modified_gmt":"2020-08-18T12:09:41","slug":"portugueses-na-challenge-cup","status":"publish","type":"post","link":"https:\/\/fpvoleibol.pt\/fpv\/2020\/08\/17\/portugueses-na-challenge-cup\/","title":{"rendered":"PORTUGUESES NA CHALLENGE CUP"},"content":{"rendered":"<p class=\"descricaonoticia\" align=\"center\"><img loading=\"lazy\" decoding=\"async\" src=\"https:\/\/www.fpvoleibol.pt\/noticias\/2020\/imagens\/cevchallengercup2021_2.jpg\" width=\"480\" height=\"270\" border=\"1\" \/><\/p>\n<p class=\"descricaonoticia\">As equipas de seniores masculinos portuguesas de SL Benfica, Sporting CP e AJ Fonte do Bastardo v\u00e3o disputar os 16 avos-de-final da\u00a0<a href=\"https:\/\/www.cev.eu\/Competition-Area\/Competition.aspx?ID=1261&amp;PID=2008\" target=\"_blank\" rel=\"noopener noreferrer\">CEV Volleyball Challenge Cup 2021<\/a>, fase cujo come\u00e7o est\u00e1 previsto para 1 de Dezembro de 2020.<\/p>\n<p class=\"descricaonoticia\">Em femininos, a AJM\/FC Porto e o Clube Kair\u00f3s s\u00e3o as equipas que v\u00e3o representar Portugal nos 16 avos-de-final da\u00a0<a href=\"https:\/\/www.cev.eu\/Competition-Area\/Competition.aspx?ID=1261&amp;PID=2008\" target=\"_blank\" rel=\"noopener noreferrer\">Challenge Cup 2021<\/a>, a iniciar no dia 10 de Novembro de 2020.<\/p>\n<p class=\"descricaonoticia\">Em 2020, o SL Benfica conseguiu uma entrada hist\u00f3rica na fase de grupos da Liga dos Campe\u00f5es, enquanto o Sporting atingiu as meias-finais da Challenge Cup, fase que n\u00e3o chegou a disputar devido \u00e0 pandemia de Covid-19.<br \/>\nNa Challenger Cup, as \u00e1guias conseguiram alcan\u00e7ar o 2.\u00ba (2015, vit\u00f3ria dos s\u00e9rvios do Vojvodina NS Seme Novi Sad) e o 3.\u00ba lugar (2016, eliminadas nas meias-finais por aqueles que seriam os vencedores da prova, os italianos do Calzedonia Verona).<\/p>\n<p class=\"descricaonoticia\">Mais informa\u00e7\u00f5es em\u00a0<a href=\"http:\/\/www.cev.eu\/\" target=\"_blank\" rel=\"noopener noreferrer\">www.cev.eu<\/a><\/p>\n","protected":false},"excerpt":{"rendered":"<p>As equipas de seniores masculinos portuguesas de SL Benfica, Sporting CP e AJ Fonte do Bastardo v\u00e3o disputar os 16 avos-de-final da\u00a0CEV Volleyball Challenge Cup 2021, fase cujo come\u00e7o est\u00e1 [&hellip;]<\/p>\n","protected":false},"author":1,"featured_media":987,"comment_status":"open","ping_status":"open","sticky":false,"template":"","format":"standard","meta":{"_monsterinsights_skip_tracking":false,"_monsterinsights_sitenote_active":false,"_monsterinsights_sitenote_note":"","_monsterinsights_sitenote_category":0,"footnotes":""},"categories":[8],"tags":[],"class_list":{"0":"post-986","1":"post","2":"type-post","3":"status-publish","4":"format-standard","5":"has-post-thumbnail","7":"category-voleibol","8":"czr-hentry"},"aioseo_notices":[],"_links":{"self":[{"href":"https:\/\/fpvoleibol.pt\/fpv\/wp-json\/wp\/v2\/posts\/986","targetHints":{"allow":["GET"]}}],"collection":[{"href":"https:\/\/fpvoleibol.pt\/fpv\/wp-json\/wp\/v2\/posts"}],"about":[{"href":"https:\/\/fpvoleibol.pt\/fpv\/wp-json\/wp\/v2\/types\/post"}],"author":[{"embeddable":true,"href":"https:\/\/fpvoleibol.pt\/fpv\/wp-json\/wp\/v2\/users\/1"}],"replies":[{"embeddable":true,"href":"https:\/\/fpvoleibol.pt\/fpv\/wp-json\/wp\/v2\/comments?post=986"}],"version-history":[{"count":1,"href":"https:\/\/fpvoleibol.pt\/fpv\/wp-json\/wp\/v2\/posts\/986\/revisions"}],"predecessor-version":[{"id":988,"href":"https:\/\/fpvoleibol.pt\/fpv\/wp-json\/wp\/v2\/posts\/986\/revisions\/988"}],"wp:featuredmedia":[{"embeddable":true,"href":"https:\/\/fpvoleibol.pt\/fpv\/wp-json\/wp\/v2\/media\/987"}],"wp:attachment":[{"href":"https:\/\/fpvoleibol.pt\/fpv\/wp-json\/wp\/v2\/media?parent=986"}],"wp:term":[{"taxonomy":"category","embeddable":true,"href":"https:\/\/fpvoleibol.pt\/fpv\/wp-json\/wp\/v2\/categories?post=986"},{"taxonomy":"post_tag","embeddable":true,"href":"https:\/\/fpvoleibol.pt\/fpv\/wp-json\/wp\/v2\/tags?post=986"}],"curies":[{"name":"wp","href":"https:\/\/api.w.org\/{rel}","templated":true}]}}