{"id":983,"date":"2020-08-16T08:35:55","date_gmt":"2020-08-16T08:35:55","guid":{"rendered":"https:\/\/fpvoleibol.pt\/fpv\/?p=983"},"modified":"2020-08-17T08:36:46","modified_gmt":"2020-08-17T08:36:46","slug":"brothers-in-arms-no-campeonato-lid","status":"publish","type":"post","link":"https:\/\/fpvoleibol.pt\/fpv\/2020\/08\/16\/brothers-in-arms-no-campeonato-lid\/","title":{"rendered":"BROTHERS IN ARMS NO CAMPEONATO LID"},"content":{"rendered":"<p class=\"descricaonoticia\" align=\"center\"><img loading=\"lazy\" decoding=\"async\" src=\"https:\/\/www.fpvoleibol.pt\/noticias\/2020\/imagens\/cnvp_final_podiofem.jpg\" width=\"480\" height=\"270\" border=\"1\" \/><\/p>\n<p class=\"descricaonoticia\"><strong>Juliana Antunes\/Raquel Lacerda<\/strong>\u00a0e<strong>\u00a0Ivo Casas\/Tiago Violas\u00a0<\/strong>sagraram-se hoje campe\u00f5es nacionais de Voleibol de Praia ao vencerem a final do\u00a0<strong><span class=\"auto-style1\"><a href=\"https:\/\/www.fpvoleibol.pt\/CNVP2020\/\" target=\"_blank\" rel=\"noopener noreferrer\">Campeonato Lidl<\/a><\/span><\/strong>, disputada no Centro de Alto Rendimento de Voleibol de Praia da FPV, em Cortega\u00e7a, Ovar.<\/p>\n<p class=\"descricaonoticia\">Para Juliana, este triunfo teve duplo significado, pois os seus nove t\u00edtulos passam a constituir novo recorde de vit\u00f3rias no Campeonato Nacional de Duplas de Voleibol de Praia, ao que se juntou o primeiro t\u00edtulo alcan\u00e7ado pelo seu irm\u00e3o, Ivo Casas, momentos que foram muito festejados pelos dois experientes atletas.<\/p>\n<p class=\"descricaonoticia\">Na final de femininos, Juliana Antunes e Raquel Lacerda venceram (2-0: 21-17 e 21-15) Mariana Maia\/Gabriela Coelho.<br \/>\nPara al\u00e9m de ter revalidado o t\u00edtulo que ostentava, Juliana passou a deter o recorde de t\u00edtulos nacionais de seniores em Voleibol de Praia:<br \/>\n&#8220;<em>Estou feliz, mas n\u00e3o s\u00e3o os t\u00edtulos que me motivam e sim todo o trabalho que desenvolvo no Voleibol de Praia. Este nono t\u00edtulo acaba por ser o resultado de tudo quanto tenho feito at\u00e9 agora.<br \/>\nSer campe\u00e3 nacional \u00e9 uma situa\u00e7\u00e3o fant\u00e1stica, principalmente por tudo o que se passou com toda a gente neste per\u00edodo dif\u00edcil de pandemia. \u00c9 uma recompensa pelo trabalho que eu e a T\u00e2nia desenvolvemos durante a quarentena e quero dizer que este t\u00edtulo tem um\u00a0<\/em>pedacinho<em>\u00a0que \u00e9 dela. Agrade\u00e7o igualmente \u00e0 Raquel por ter acreditado neste sonho<\/em>&#8220;.<\/p>\n<p class=\"descricaonoticia\">Raquel Lacerda somou o seu segundo t\u00edtulo de campe\u00e3 nacional:<br \/>\n&#8220;<em>No princ\u00edpio do Campeonato, n\u00e3o imaginava que iria aqui, mas estou extremamente contente por esta experi\u00eancia muito gratificante de treinar e jogar com a Juliana<\/em>&#8220;.<\/p>\n<p class=\"descricaonoticia\">No terceiro lugar ficou a dupla\u00a0<span class=\"auto-style1\">Matilde Calado\/Mafalda Porto<\/span>, que superou a tamb\u00e9m jovem e igualmente promissora dupla apoiada pela FPV, Beatriz Pinheiro\/In\u00eas Castro, por 2-1: 18-21, 21-18 e 15-11.<\/p>\n<p class=\"auto-style2\"><img loading=\"lazy\" decoding=\"async\" class=\"aligncenter\" src=\"https:\/\/www.fpvoleibol.pt\/noticias\/2020\/imagens\/cnvp_final_podiomas.jpg\" width=\"480\" height=\"270\" border=\"1\" \/><\/p>\n<p class=\"descricaonoticia\">Em masculinos, Ivo Casas e Tiago Violas, jogadores do SL Benfica em Voleibol indoor, somaram o seu primeiro t\u00edtulo ao vencerem uma dupla a quem muitos auguram uma boa carreira na modalidade, Hugo Campos e Jo\u00e3o Nuno Pedrosa, por 2-0 (21-15 e 21-16).<\/p>\n<p class=\"descricaonoticia\">No final, Ivo Casas reconheceu:<br \/>\n&#8220;<em>\u00c9 uma sensa\u00e7\u00e3o espectacular conquistar este t\u00edtulo. Qualquer t\u00edtulo \u00e9 sempre de festejar e este ainda mais por ter sido obtido com o Tiago, que \u00e9 um amigo de longa data. \u00c9 uma recompensa pelo nosso trabalho e tamb\u00e9m para quem acreditou em n\u00f3s. Uma palavra de apre\u00e7o para a jovem e promissora dupla que nos defrontou na final, com o Hugo Campos em esfor\u00e7o. Bateram-se bem e t\u00eam um bom futuro pela frente<\/em>&#8220;.<\/p>\n<p class=\"descricaonoticia\">Ao conquistar o seu primeiro t\u00edtulo em Cortega\u00e7a, Tiago Violas, que \u00e9 natural de Maceda, salientou:<br \/>\n&#8220;<em>\u00c9 um sentimento de grande orgulho. Estou feliz pelo t\u00edtulo, que recompensa o trabalho que realiz\u00e1mos e que tem um sabor especial por ter sido conquistado ao lado do Ivo, que \u00e9 como um irm\u00e3o para mim e uma inspira\u00e7\u00e3o pela forma como se bate e entrega ao jogo<\/em>&#8220;.<\/p>\n<p class=\"descricaonoticia\">Por seu turno, Hugo Campos e Jo\u00e3o Nuno Pedrosa, dupla apoiada pela FPV que vai disputar \u2013 juntamente com os tamb\u00e9m jovens Guilherme Maia e Filipe Leite, de 25 a 29 de Agosto, em Montpellier \u2013, uma\u00a0<a href=\"https:\/\/www.volleyball.world\/en\/beachvolleyball\/worldtour\/2020\/mmon2020\/men\/teamsinfo\/entriesbycountry\" target=\"_blank\" rel=\"noopener noreferrer\">etapa de 1 estrela<\/a>\u00a0do Circuito Mundial de Voleibol de Praia, destacaram:<br \/>\n&#8220;<em>\u00c9 incr\u00edvel estarmos aqui, sobretudo depois da les\u00e3o no ombro do Hugo. N\u00e3o tarda muito vamos disputar mais uma prova, desta vez internacional, e o Campeonato Lidl acaba por ser uma boa prepara\u00e7\u00e3o para o que nos espera. Aprendemos muito ao longo deste campeonato<\/em>&#8220;.<\/p>\n<p class=\"descricaonoticia\">No jogo de atribui\u00e7\u00e3o dos 3.\u00ba e 4.\u00ba lugares,\u00a0<span class=\"auto-style1\">Francisco Pombeiro e Diego Raposo<\/span>\u00a0impuseram-se a Guilherme Maia (filho do ol\u00edmpico Miguel Maia) e Filipe Leite por 2-0 (21-16 e 21-9), subindo pela quarta vez ao \u00faltimo degrau do p\u00f3dio em cinco etapas.<\/p>\n<p class=\"descricaonoticia\">As medalhas foram entregues aos vencedores por Salvador Malheiro e Vicente Ara\u00fajo, respectivamente presidentes da C\u00e2mara de Ovar e da Federa\u00e7\u00e3o Portuguesa de Voleibol.<\/p>\n<p class=\"descricaonoticia\">*Juliana Antunes sagrou-se campe\u00e3 nacional pela nona vez:<br \/>\nJuliana Antunes \/ Raquel Lacerda: 2020.<br \/>\nJuliana Antunes \/ T\u00e2nia Oliveira: 2019, 2017, 2016 e 2015<br \/>\nJuliana Rosas \/ Ana Freches: 2013, 2011 e 2010<br \/>\nJuliana Antunes \/ Francisca Esteves: 2008<\/p>\n<p class=\"descricaonoticia\">A\u00a0<strong>Final<\/strong>\u00a0do\u00a0<strong><span class=\"auto-style1\"><a href=\"https:\/\/www.fpvoleibol.pt\/CNVP2020\/\" target=\"_blank\" rel=\"noopener noreferrer\">Campeonato Nacional de Voleibol de Praia<\/a><\/span><\/strong>, organizado pela Federa\u00e7\u00e3o Portuguesa de Voleibol (FPV) com a colabora\u00e7\u00e3o da empresa Lidl Portugal, realizou-se sem p\u00fablico, no estrito cumprimento das regras de seguran\u00e7a sanit\u00e1ria da Direc\u00e7\u00e3o Geral da Sa\u00fade (DGS), mas teve transmiss\u00e3o de jogos em directo na Volei TV (youtube) e n&#8217;A Bola TV (finais).<\/p>\n<p class=\"auto-style2\"><a href=\"https:\/\/www.fpvoleibol.pt\/noticias\/2020\/imagens\/poster_cnvp_2020_cortegaca_gd.jpg\" target=\"_blank\" rel=\"noopener noreferrer\"><img loading=\"lazy\" decoding=\"async\" class=\"aligncenter\" src=\"https:\/\/www.fpvoleibol.pt\/noticias\/2020\/imagens\/poster_cnvp_2020_cortegaca_pq.jpg\" width=\"430\" height=\"608\" border=\"1\" \/><\/a><\/p>\n<p class=\"descricaonoticia\">As\u00a0<span class=\"auto-style1\">declara\u00e7\u00f5es dos protagonistas das etapas est\u00e3o dispon\u00edveis<\/span>\u00a0em\u00a0<a href=\"https:\/\/www.youtube.com\/c\/VoleiTVPortugal\" target=\"_blank\" rel=\"noopener noreferrer\">Volei TV<\/a><\/p>\n<p class=\"descricaonoticia\">Ver Resultados completos\u00a0<a href=\"https:\/\/www.fpvoleibol.pt\/CNVP2020\/\" target=\"_blank\" rel=\"noopener noreferrer\">aqui<\/a>\u00a0e toda a informa\u00e7\u00e3o sobre as cinco etapas do\u00a0<a href=\"https:\/\/www.fpvoleibol.pt\/CNVP2020\/\" target=\"_blank\" rel=\"noopener noreferrer\">Campeonato Lidl<\/a>\u00a0<a href=\"https:\/\/www.fpvoleibol.pt\/CNVP2020\/\" target=\"_blank\" rel=\"noopener noreferrer\"><strong>aqui<\/strong><\/a>\u00a0e\u00a0<a href=\"https:\/\/www.lidl.pt\/desporto\/eventos-desportivos2\/voleibol-de-praia-2020-campeonato-lidl\" target=\"_blank\" rel=\"noopener noreferrer\">aqui<\/a><\/p>\n<p class=\"descricaonoticia\" align=\"justify\">Ver\u00a0<span class=\"auto-style1\">lista dos campe\u00f5es nacionais de Voleibol de Praia<\/span>\u00a0<a href=\"https:\/\/www.fpvoleibol.pt\/noticias\/2020\/Voleibol_de_Praia_Vencedores_Podios.pdf\" target=\"_blank\" rel=\"noopener noreferrer\">aqui<\/a><\/p>\n","protected":false},"excerpt":{"rendered":"<p>Juliana Antunes\/Raquel Lacerda\u00a0e\u00a0Ivo Casas\/Tiago Violas\u00a0sagraram-se hoje campe\u00f5es nacionais de Voleibol de Praia ao vencerem a final do\u00a0Campeonato Lidl, disputada no Centro de Alto Rendimento de Voleibol de Praia da FPV, [&hellip;]<\/p>\n","protected":false},"author":1,"featured_media":984,"comment_status":"open","ping_status":"open","sticky":false,"template":"","format":"standard","meta":{"_monsterinsights_skip_tracking":false,"_monsterinsights_sitenote_active":false,"_monsterinsights_sitenote_note":"","_monsterinsights_sitenote_category":0,"footnotes":""},"categories":[9],"tags":[],"class_list":{"0":"post-983","1":"post","2":"type-post","3":"status-publish","4":"format-standard","5":"has-post-thumbnail","7":"category-voleibol-de-praia","8":"czr-hentry"},"aioseo_notices":[],"_links":{"self":[{"href":"https:\/\/fpvoleibol.pt\/fpv\/wp-json\/wp\/v2\/posts\/983","targetHints":{"allow":["GET"]}}],"collection":[{"href":"https:\/\/fpvoleibol.pt\/fpv\/wp-json\/wp\/v2\/posts"}],"about":[{"href":"https:\/\/fpvoleibol.pt\/fpv\/wp-json\/wp\/v2\/types\/post"}],"author":[{"embeddable":true,"href":"https:\/\/fpvoleibol.pt\/fpv\/wp-json\/wp\/v2\/users\/1"}],"replies":[{"embeddable":true,"href":"https:\/\/fpvoleibol.pt\/fpv\/wp-json\/wp\/v2\/comments?post=983"}],"version-history":[{"count":1,"href":"https:\/\/fpvoleibol.pt\/fpv\/wp-json\/wp\/v2\/posts\/983\/revisions"}],"predecessor-version":[{"id":985,"href":"https:\/\/fpvoleibol.pt\/fpv\/wp-json\/wp\/v2\/posts\/983\/revisions\/985"}],"wp:featuredmedia":[{"embeddable":true,"href":"https:\/\/fpvoleibol.pt\/fpv\/wp-json\/wp\/v2\/media\/984"}],"wp:attachment":[{"href":"https:\/\/fpvoleibol.pt\/fpv\/wp-json\/wp\/v2\/media?parent=983"}],"wp:term":[{"taxonomy":"category","embeddable":true,"href":"https:\/\/fpvoleibol.pt\/fpv\/wp-json\/wp\/v2\/categories?post=983"},{"taxonomy":"post_tag","embeddable":true,"href":"https:\/\/fpvoleibol.pt\/fpv\/wp-json\/wp\/v2\/tags?post=983"}],"curies":[{"name":"wp","href":"https:\/\/api.w.org\/{rel}","templated":true}]}}