{"id":973,"date":"2020-08-13T15:10:09","date_gmt":"2020-08-13T15:10:09","guid":{"rendered":"https:\/\/fpvoleibol.pt\/fpv\/?p=973"},"modified":"2020-08-14T15:11:16","modified_gmt":"2020-08-14T15:11:16","slug":"campeonato-lidl-juliana-persegue-9-o-titulo","status":"publish","type":"post","link":"https:\/\/fpvoleibol.pt\/fpv\/2020\/08\/13\/campeonato-lidl-juliana-persegue-9-o-titulo\/","title":{"rendered":"CAMPEONATO LIDL: JULIANA PERSEGUE 9.\u00ba T\u00cdTULO"},"content":{"rendered":"<p class=\"descricaonoticia\" align=\"center\"><img loading=\"lazy\" decoding=\"async\" src=\"https:\/\/www.fpvoleibol.pt\/noticias\/2020\/imagens\/jueraquel.jpg\" width=\"480\" height=\"324\" border=\"1\" \/><\/p>\n<p class=\"descricaonoticia\">Come\u00e7a amanh\u00e3, no Centro de Alto Rendimento de Voleibol de Praia da FPV, em Cortega\u00e7a, a quinta e derradeira etapa do\u00a0<strong><span class=\"auto-style1\"><a href=\"https:\/\/www.fpvoleibol.pt\/CNVP2020\/\" target=\"_blank\" rel=\"noopener noreferrer\">Campeonato Lidl<\/a><\/span><\/strong>, que atribuir\u00e1 os t\u00edtulos de campe\u00f5es nacionais de seniores femininos e masculinos.<\/p>\n<p class=\"descricaonoticia\"><strong>Juliana Antunes<\/strong>\u00a0vai defender o t\u00edtulo de campe\u00e3 ao lado de\u00a0<strong>Raquel Lacerda<\/strong>, atleta que se sagrou campe\u00e3 em 2012 e vice-campe\u00e3 2013, com Joana Vasconcelos, e foi 3.\u00aa classificada em 2016, com Ana Freches.<\/p>\n<p class=\"descricaonoticia\">Impedida de revalidar o t\u00edtulo com\u00a0<span class=\"auto-style1\">T\u00e2nia Oliveira<\/span>, por les\u00e3o da atleta com quem subiu ao degrau mais alto do p\u00f3dio em quatro edi\u00e7\u00f5es do Campeonato Nacional (2019, 2017, 2016 e 2015), Juliana vai tentar alcan\u00e7ar, a partir de s\u00e1bado, o seu\u00a0<a href=\"https:\/\/www.fpvoleibol.pt\/noticias\/2020\/Voleibol_de_Praia_Vencedores_Podios.pdf\" target=\"_blank\" rel=\"noopener noreferrer\">9.\u00ba t\u00edtulo<em>\u00a0individual<\/em>\u00a0de campe\u00e3 nacional<\/a>*, o que, a acontecer, ser\u00e1 um recorde a n\u00edvel do Voleibol de Praia portugu\u00eas, ultrapassando a dupla ol\u00edmpica Miguel Maia\/Jo\u00e3o Brenha, que ergueram por<a href=\"https:\/\/www.fpvoleibol.pt\/noticias\/2020\/Voleibol_de_Praia_Vencedores_Podios.pdf\" target=\"_blank\" rel=\"noopener noreferrer\">\u00a0oito vezes<\/a>\u00a0o ceptro nacional.<\/p>\n<p class=\"descricaonoticia\">A les\u00e3o de T\u00e2nia Oliveira impediu-a de disputar a 4.\u00aa etapa do Campeonato Lidl, disputada no passado fim-de-semana em Esmoriz. Na altura, Juliana Antunes formou dupla com Raquel Lacerda e somou o seu quarto triunfo em outras tantas etapas.<\/p>\n<p class=\"descricaonoticia\">\u2013\u00a0<strong>Depois de terem dominado as tre\u0302s primeiras etapas, a lesa\u0303o da Ta\u0302nia veio complicar os vossos objectivos&#8230; Como esta\u0303o a encarar a derradeira e mais importante etapa do Campeonato<\/strong>?<br \/>\nJ<strong>uliana Antunes\/T\u00e2nia Oliveira<\/strong>\u00a0\u2013 &#8220;<em>Estamos a encarar da mesma forma que no in\u00edcio do Campeonato. Est\u00e1 a ser um verdadeiro desafio disputar este campeonato, mas tentamos preparar-nos torneio a torneio com o objectivo de revalidar o t\u00edtulo, n\u00e3o sabendo \u00e0 partida se o campeonato iria chegar at\u00e9 ao fim, se ter\u00edamos que interromper a nossa participa\u00e7\u00e3o devido a outros compromissos, ou se ir\u00edamos conseguir competir visto estarmos h\u00e1 tanto tempo sem treinar com bola.<br \/>\nA T\u00e2nia n\u00e3o estar\u00e1 dispon\u00edvel para jogar esta final\u00edssima, mas a Juliana tentar\u00e1 defender o t\u00edtulo<\/em>&#8220;.<\/p>\n<p class=\"descricaonoticia\">\u2013\u00a0<strong>Com as condicionantes que foi obrigado a ter, quais foram os aspectos\/momentos do Campeonato que mais vos impressionaram ate\u0301 agora<\/strong>?<br \/>\n<strong>JA\/TO<\/strong>\u00a0\u2013 &#8220;<em>Infelizmente, o \u00fanico momento que nos impressiona positivamente \u00e9 a competi\u00e7\u00e3o. O poder estar a competir de novo. Tudo est\u00e1 descaracterizado. N\u00e3o termos o apoio do p\u00fablico em geral e dos nossos familiares em especial; isso \u00e9 o mais dif\u00edcil<\/em>&#8220;.<\/p>\n<p class=\"descricaonoticia\">\u2013\u00a0<strong>A forma como esta\u0301 a decorrer o campeonato abre esperan\u00e7as para um bom regresso a\u0300s competic\u0327o\u0303es de pavilha\u0303o<\/strong>?<br \/>\n<strong>JA\/TO<\/strong>\u00a0\u2013 &#8220;<em>Sim, o Voleibol de Praia est\u00e1 a ser uma boa campanha para o Voleibol indoor. Contudo, conv\u00e9m enaltecer que apesar de todos estarmos a cumprir os par\u00e2metros de seguran\u00e7a, \u00e9 muito importante que todos tenhamos uma boa conduta fora da competi\u00e7\u00e3o. A preven\u00e7\u00e3o ser\u00e1 sem d\u00favida sempre o nosso maior aliado<\/em>&#8220;.<\/p>\n<p class=\"descricaonoticia\">*Juliana Antunes tem um curr\u00edculo desportivo que fala por si: com dezenas de internacionaliza\u00e7\u00f5es pela Selec\u00e7\u00e3o Nacional de Seniores Femininos, nos \u00faltimos anos a atleta matosinhense foi tricampe\u00e3 nacional pelo Leix\u00f5es SC, ergueu a Superta\u00e7a 2019 e a Ta\u00e7a de Portugal de 2020 pela AJM\/FC Porto, no Voleibol indoor, tendo-se sagrado ainda campe\u00e3 nacional pela oitava vez* no Voleibol de Praia em 2019.<\/p>\n<p><strong><span class=\"auto-style3\">*T\u00edtulos nos campeonatos nacionais de duplas de Voleibol de Praia<\/span><\/strong><br \/>\nJuliana Antunes \/ T\u00e2nia Oliveira: 2019, 2017, 2016 e 2015<br \/>\nJuliana Rosas \/ Ana Freches: 2013, 2011 e 2010<br \/>\nJuliana Antunes \/ Francisca Esteves: 2008<\/p>\n<p class=\"descricaonoticia\">A\u00a0<strong>Final<\/strong>\u00a0do\u00a0<strong><span class=\"auto-style1\"><a href=\"https:\/\/www.fpvoleibol.pt\/CNVP2020\/\" target=\"_blank\" rel=\"noopener noreferrer\">Campeonato Nacional de Voleibol de Praia<\/a><\/span><\/strong>, organizado pela Federa\u00e7\u00e3o Portuguesa de Voleibol (FPV) com a colabora\u00e7\u00e3o da empresa Lidl Portugal, realiza-se em<strong>\u00a0Cortega\u00e7a, de 14 a 16 de Agosto<\/strong>, sem p\u00fablico, no estrito cumprimento das regras de seguran\u00e7a sanit\u00e1ria da Direc\u00e7\u00e3o Geral da Sa\u00fade (DGS), mas ter\u00e1 transmiss\u00e3o de jogos em directo na Volei TV (youtube) e n&#8217;A Bola TV (finais).<\/p>\n<p class=\"auto-style2\"><a href=\"https:\/\/www.fpvoleibol.pt\/noticias\/2020\/imagens\/poster_cnvp_2020_cortegaca_gd.jpg\" target=\"_blank\" rel=\"noopener noreferrer\"><img loading=\"lazy\" decoding=\"async\" class=\"aligncenter\" src=\"https:\/\/www.fpvoleibol.pt\/noticias\/2020\/imagens\/poster_cnvp_2020_cortegaca_pq.jpg\" width=\"430\" height=\"608\" border=\"1\" \/><\/a><\/p>\n<p class=\"descricaonoticia\">As\u00a0<span class=\"auto-style1\">declara\u00e7\u00f5es dos protagonistas das etapas est\u00e3o dispon\u00edveis<\/span>\u00a0em\u00a0<a href=\"https:\/\/www.youtube.com\/c\/VoleiTVPortugal\" target=\"_blank\" rel=\"noopener noreferrer\">Volei TV<\/a><\/p>\n<p class=\"descricaonoticia\">Ver Resultados completos\u00a0<a href=\"https:\/\/www.fpvoleibol.pt\/CNVP2020\/\" target=\"_blank\" rel=\"noopener noreferrer\">aqui<\/a>\u00a0e toda a informa\u00e7\u00e3o sobre as cinco etapas do\u00a0<a href=\"https:\/\/www.fpvoleibol.pt\/CNVP2020\/\" target=\"_blank\" rel=\"noopener noreferrer\">Campeonato Lidl<\/a>\u00a0<a href=\"https:\/\/www.fpvoleibol.pt\/CNVP2020\/\" target=\"_blank\" rel=\"noopener noreferrer\"><strong>aqui<\/strong><\/a>\u00a0e\u00a0<a href=\"https:\/\/www.lidl.pt\/desporto\/eventos-desportivos2\/voleibol-de-praia-2020-campeonato-lidl\" target=\"_blank\" rel=\"noopener noreferrer\">aqui<\/a><\/p>\n<p class=\"descricaonoticia\" align=\"justify\">Ver\u00a0<span class=\"auto-style1\">lista dos campe\u00f5es nacionais de Voleibol de Praia<\/span>\u00a0<a href=\"https:\/\/www.fpvoleibol.pt\/noticias\/2020\/Voleibol_de_Praia_Vencedores_Podios.pdf\" target=\"_blank\" rel=\"noopener noreferrer\">aqui<\/a><\/p>\n","protected":false},"excerpt":{"rendered":"<p>Come\u00e7a amanh\u00e3, no Centro de Alto Rendimento de Voleibol de Praia da FPV, em Cortega\u00e7a, a quinta e derradeira etapa do\u00a0Campeonato Lidl, que atribuir\u00e1 os t\u00edtulos de campe\u00f5es nacionais de [&hellip;]<\/p>\n","protected":false},"author":1,"featured_media":974,"comment_status":"open","ping_status":"open","sticky":false,"template":"","format":"standard","meta":{"_monsterinsights_skip_tracking":false,"_monsterinsights_sitenote_active":false,"_monsterinsights_sitenote_note":"","_monsterinsights_sitenote_category":0,"footnotes":""},"categories":[9],"tags":[],"class_list":{"0":"post-973","1":"post","2":"type-post","3":"status-publish","4":"format-standard","5":"has-post-thumbnail","7":"category-voleibol-de-praia","8":"czr-hentry"},"aioseo_notices":[],"_links":{"self":[{"href":"https:\/\/fpvoleibol.pt\/fpv\/wp-json\/wp\/v2\/posts\/973","targetHints":{"allow":["GET"]}}],"collection":[{"href":"https:\/\/fpvoleibol.pt\/fpv\/wp-json\/wp\/v2\/posts"}],"about":[{"href":"https:\/\/fpvoleibol.pt\/fpv\/wp-json\/wp\/v2\/types\/post"}],"author":[{"embeddable":true,"href":"https:\/\/fpvoleibol.pt\/fpv\/wp-json\/wp\/v2\/users\/1"}],"replies":[{"embeddable":true,"href":"https:\/\/fpvoleibol.pt\/fpv\/wp-json\/wp\/v2\/comments?post=973"}],"version-history":[{"count":1,"href":"https:\/\/fpvoleibol.pt\/fpv\/wp-json\/wp\/v2\/posts\/973\/revisions"}],"predecessor-version":[{"id":975,"href":"https:\/\/fpvoleibol.pt\/fpv\/wp-json\/wp\/v2\/posts\/973\/revisions\/975"}],"wp:featuredmedia":[{"embeddable":true,"href":"https:\/\/fpvoleibol.pt\/fpv\/wp-json\/wp\/v2\/media\/974"}],"wp:attachment":[{"href":"https:\/\/fpvoleibol.pt\/fpv\/wp-json\/wp\/v2\/media?parent=973"}],"wp:term":[{"taxonomy":"category","embeddable":true,"href":"https:\/\/fpvoleibol.pt\/fpv\/wp-json\/wp\/v2\/categories?post=973"},{"taxonomy":"post_tag","embeddable":true,"href":"https:\/\/fpvoleibol.pt\/fpv\/wp-json\/wp\/v2\/tags?post=973"}],"curies":[{"name":"wp","href":"https:\/\/api.w.org\/{rel}","templated":true}]}}