{"id":9647,"date":"2021-09-24T12:31:42","date_gmt":"2021-09-24T11:31:42","guid":{"rendered":"https:\/\/fpvoleibol.pt\/fpv\/?p=9647"},"modified":"2021-09-24T12:31:42","modified_gmt":"2021-09-24T11:31:42","slug":"supertaca-de-femininos-antevisao","status":"publish","type":"post","link":"https:\/\/fpvoleibol.pt\/fpv\/2021\/09\/24\/supertaca-de-femininos-antevisao\/","title":{"rendered":"SUPERTA\u00c7A DE FEMININOS &#8211; ANTEVIS\u00c3O"},"content":{"rendered":"<p><img loading=\"lazy\" decoding=\"async\" class=\"size-full wp-image-9462 aligncenter\" src=\"https:\/\/fpvoleibol.pt\/fpv\/wp-content\/uploads\/2021\/09\/supertaca2021_fem_web.jpg\" alt=\"\" width=\"914\" height=\"1280\" srcset=\"https:\/\/fpvoleibol.pt\/fpv\/wp-content\/uploads\/2021\/09\/supertaca2021_fem_web.jpg 914w, https:\/\/fpvoleibol.pt\/fpv\/wp-content\/uploads\/2021\/09\/supertaca2021_fem_web-214x300.jpg 214w, https:\/\/fpvoleibol.pt\/fpv\/wp-content\/uploads\/2021\/09\/supertaca2021_fem_web-731x1024.jpg 731w, https:\/\/fpvoleibol.pt\/fpv\/wp-content\/uploads\/2021\/09\/supertaca2021_fem_web-768x1076.jpg 768w\" sizes=\"auto, (max-width: 914px) 100vw, 914px\" \/><\/p>\n<p>A <strong>Superta\u00e7a 2021 de seniores femininos<\/strong> coloca frente a frente, amanh\u00e3 (18h00), no Pavilh\u00e3o Municipal de Santo Tirso, a <strong>AJM\/FC Porto<\/strong>, campe\u00e3 nacional, e o <strong>Leix\u00f5es SC<\/strong>, vencedor da Ta\u00e7a de Portugal.<\/p>\n<p>Organizada pela Federa\u00e7\u00e3o Portuguesa de Voleibol em parceria com a C\u00e2mara Municipal de Santo Tirso, a edi\u00e7\u00e3o deste ano da Superta\u00e7a \u00e9 aberta ao p\u00fablico (lota\u00e7\u00e3o limitada) e os <a href=\"https:\/\/fpvoleibol.pt\/fpv\/competicoes\/supertaca-2021\/\">bilhetes t\u00eam um pre\u00e7o \u00fanico de 5 euros<\/a>.\u00a0A Superta\u00e7a ser\u00e1 transmitida em directo n&#8217; <strong>A Bola TV <\/strong>e na <strong>Volei TV<\/strong>.<\/p>\n<p>E foi precisamente em declara\u00e7\u00f5es \u00e0 <a href=\"https:\/\/www.volei.tv\/\"><strong>Volei TV<\/strong><\/a> que os treinadores e as capit\u00e3s de equipa fizeram a antevis\u00e3o da Superta\u00e7a.<\/p>\n<p style=\"text-align: center;\"><a href=\"https:\/\/fpvoleibol.pt\/fpv\/wp-content\/uploads\/2021\/09\/AJM_FCPorto_2021-2022.pdf\"><strong>AJM\/FC Porto &#8211; Plantel<\/strong><\/a><\/p>\n<p><span style=\"text-decoration: underline;\"><strong>Carlos Carre\u00f1o (espanhol) &#8211; Treinador principal da AJM\/FC Porto<\/strong><\/span>:<br \/>\n&#8220;<em>O nosso primeiro objectivo \u00e9 vencer, mas, para al\u00e9m disso, esta equipa, tal como o clube, caracteriza-se por ser ganhadora e eu quero que quem estiver a ver os nossos jogos reconhe\u00e7a isso, que a AJM\/FC Porto \u00e9 uma equipa que luta muito, com grande car\u00e1cter, que tem uma filosofia de jogo muito agressiva.<\/em><br \/>\n<em>O Leix\u00f5es SC manteve uma grande parte da equipa que jogou na \u00e9poca passada, o que lhe facilita o trabalho. Para al\u00e9m disso, tem jogadoras com muita experi\u00eancia. Tem uma boa equipa, um bom colectivo e creio que vai ser uma final muito bonita de se assistir.<\/em><br \/>\n<em>Depois da pandemia, sente-se que as pessoas t\u00eam muita necessidade de ver espect\u00e1culos desportivos ao vivo e h\u00e1 muita fome de desporto e sobretudo desporto de alto n\u00edvel e n\u00f3s esperamos estar \u00e0 altura das suas expectativas<\/em>&#8220;.<\/p>\n<p><span style=\"text-decoration: underline;\"><strong>Renata Colombo (brasileira) &#8211; Capit\u00e3 da AJM\/FC Porto<\/strong><\/span>:<br \/>\n&#8220;<em>O nosso objectivo \u00e9 ganhar a Superta\u00e7a, mas temos de estar conscientes de que as nossas advers\u00e1rias tamb\u00e9m t\u00eam essa ambi\u00e7\u00e3o. Creio que vai ser, sobretudo, um bom espect\u00e1culo, com todo o mundo a lutar pelo mesmo objectivo.<\/em><br \/>\n<em>Vamos lutar desde o in\u00edcio at\u00e9 ao apito final pela reconquista do trof\u00e9u, pois essa \u00e9 uma das caracter\u00edsticas da nossa equipa: lutar at\u00e9 ao fim, sem nunca desistir. \u00c9 nisso que estamos a trabalhar, para jogarmos do in\u00edcio ao fim sempre com a mesma vontade e determina\u00e7\u00e3o para fazermos um bom jogo.<\/em><br \/>\n<em>Estamos a trabalhar duro para conseguirmos fazer um bom jogo e contribuir para um bom espect\u00e1culo. Para isso, temos de conseguir realizar no jogo tudo aquilo que trein\u00e1mos. Queremos jogar bem, descontra\u00eddas e com alegria, porque o mais importante \u00e9 conseguirmos fazer um bom trabalho.<\/em><br \/>\n<em>Queremos que o p\u00fablico goste do espect\u00e1culo e que os adeptos apare\u00e7am para nos dar o seu apoio, o seu calor humano, a sua energia, que s\u00e3o muito importantes para n\u00f3s. O adepto \u00e9 realmente mais um jogador, \u00e9 aquele que grita, que vibra e essa \u00e9 uma energia boa que transmite \u00e0 equipa<\/em>&#8220;.<\/p>\n<p>Ver reportagem na \u00edntegra <a href=\"https:\/\/www.youtube.com\/watch?v=gsXsyCO1m2o\">AQUI<\/a><\/p>\n<p style=\"text-align: center;\"><strong><a href=\"https:\/\/fpvoleibol.pt\/fpv\/wp-content\/uploads\/2021\/09\/LeixoesSC_fem_2021-2022.pdf\">Leix\u00f5es SC &#8211; Plantel<\/a><\/strong><\/p>\n<p><span style=\"text-decoration: underline;\"><strong>Miguel Coelho \u2013 Treinador principal do Leix\u00f5es SC<\/strong><\/span>:<br \/>\n&#8220;<em>N\u00f3s temos que ter a plena consci\u00eancia de que vamos jogar contra uma equipa muito forte, contra uma estrutura que todos os anos gasta muito dinheiro para compor o plantel, mas tamb\u00e9m temos de ter a coragem necess\u00e1ria para assumirmos que o nosso objectivo no s\u00e1bado \u00e9 ganhar. Sabemos que vamos ter de lutar muito para trazermos para o clube esta Superta\u00e7a.<\/em><br \/>\n<em>H\u00e1 um factor importante no advers\u00e1rio, que \u00e9 a mudan\u00e7a de treinador e, portanto, a mudan\u00e7a em muitas das ideias da equipa. Dos jogos que conseguimos ver, notam-se efectivamente algumas diferen\u00e7as, principalmente t\u00e1cticas, mas o resto vai depender de um ponto decisivo: como \u00e9 que as equipas se encontram neste momento, ou seja, como \u00e9 que o seu modelo est\u00e1 posto dentro de campo, que efic\u00e1cia \u00e9 que ele tem, mais do que um plano de jogo contra um advers\u00e1rio. As equipas conhecem-se, mas mais a n\u00edvel das jogadoras e individualmente pois a forma de estar colectivamente j\u00e1 n\u00e3o se conhece t\u00e3o bem. Por isso, acredito que quando melhor estivermos no nosso pr\u00f3prio modelo de jogo, mais perto estaremos de ganhar.<\/em><br \/>\n<em>Temos falado muito do regresso dos adeptos e esta mensagem \u00e9 principalmente para as pessoas de Matosinhos, para os adeptos do Leix\u00f5es: \u00abVenham apoiar-nos porque no ano passado sentimos muito a vossa falta\u00bb!<\/em><br \/>\n<em> Felizmente, conseguimos sentir sempre o seu carinho, atrav\u00e9s das redes sociais, por manifesta\u00e7\u00f5es \u00e0 porta do pavilh\u00e3o, na sa\u00edda para os est\u00e1gios, mas agora estamos ansiosos por os ter muito mais perto de n\u00f3s, no pavilh\u00e3o, para trazermos de volta aquela m\u00edstica do clube, que \u00e9 ter uma equipa e adeptos unidos quase como uma coisa s\u00f3. Esperamos que apare\u00e7am porque vamos fazer tudo para ser a extens\u00e3o do que os adeptos s\u00e3o na bancada<\/em>.&#8221;<\/p>\n<p><strong><span style=\"text-decoration: underline;\">Juliana Antunes \u2013<\/span> Capit\u00e3 do Leix\u00f5es SC<\/strong>:<br \/>\n&#8220;Como sempre, este grupo tem as suas caracter\u00edsticas competitivas e vencedoras e, como tal, um dos objectivos da \u00e9poca \u00e9 vencer a Superta\u00e7a, bem como os t\u00edtulos nas provas em que vamos competir.<br \/>\nO objectivo da equipa \u00e9 ganhar e treinamos todos os dias com esse intuito, com a mesma determina\u00e7\u00e3o, foco e garra para conseguirmos trazer o trof\u00e9u para casa.<br \/>\nConstruir um grupo e conseguir mant\u00ea-lo de um ano para o outro \u00e9 sempre uma vantagem porque h\u00e1 coisas que j\u00e1 n\u00e3o temos de treinar, principalmente coisas t\u00e9cnicas e t\u00e1cticas do modelo de jogo, sendo apenas necess\u00e1rio incluir nesse trabalho as novas jogadoras.<br \/>\nOs adeptos n\u00e3o v\u00e3o faltar porque eles est\u00e3o, como n\u00f3s, ansiosos de retornar \u00e0 competi\u00e7\u00e3o e convido todos para nos acompanharem em Santo Tirso no jogo da Superta\u00e7a: \u00abContamos com o vosso apoio mais uma vez e obrigado por tudo o que nos transmitem\u00bb!&#8221;<\/p>\n<p>Ver reportagem na \u00edntegra <a href=\"https:\/\/www.youtube.com\/watch?v=uxbcObTcpoo\">AQUI<\/a><\/p>\n<p>A AJM\/FC Porto sagrou-se campe\u00e3 nacional de seniores femininos pela primeira vez* ao vencer, no dia 11 de Abril, no Drag\u00e3o Arena, na cidade do Porto, o Leix\u00f5es SC por 3-2 (25-19, 25-19, 15-25, 23-25 e 15-10) no terceiro jogo do Play-off do t\u00edtulo da I Divis\u00e3o Elite.<\/p>\n<p><strong>Resultados do Play-off<\/strong><br \/>\n1.\u00ba Leix\u00f5es SC x AJM\/FC Porto, 2-3 (25-22, 14-25, 19-25, 29-27 e 10-15)<br \/>\n2.\u00ba AJM\/FC Porto x Leix\u00f5es SC, 3-1 (20-25, 25-21, 25-14 e 25-16)<br \/>\n3.\u00ba AJM\/FC Porto x Leix\u00f5es SC, 3-2 (25-19, 25-19, 15-25, 23-25 e 15-10)<\/p>\n<p>A equipa de seniores femininos do Leix\u00f5es SC ergueu, no dia 14 de Mar\u00e7o, a Ta\u00e7a de Portugal ao vencer o Sporting CP por 3-1 (16-25, 25-21, 25-17 e 25-20), na Final.<br \/>\nO Leix\u00f5es SC, que tinha erguido o trof\u00e9u pela \u00faltima vez em 1990\/91, \u00e9 agora a equipa com mais trof\u00e9us em femininos, nove, mais um do que o Cast\u00ealo da Maia GC.<\/p>\n<p>Em 2020, a AJM\/FC Porto ergueu o seu segundo trof\u00e9u na Superta\u00e7a de femininos ao vencer, na final, na Nave Costa Pereira &#8211; CDC Matosinhos, o Porto V\u00f3lei por 3-0 (25-17, 25-12 e 25-15).<\/p>\n<p>*Em 2020, devido \u00e0 pandemia de COVID-19, n\u00e3o houve atribui\u00e7\u00e3o do t\u00edtulo de campe\u00e3o nacional. Ver hist\u00f3rico dos campe\u00f5es nacionais <a href=\"https:\/\/fpvoleibol.pt\/fpv\/menu-voleibol\/historico-campeoes-nacionais\/\">aqui<\/a><\/p>\n<p><img loading=\"lazy\" decoding=\"async\" class=\"size-full wp-image-9584 aligncenter\" src=\"https:\/\/fpvoleibol.pt\/fpv\/wp-content\/uploads\/2021\/09\/supertaca_2021_b_d.jpg\" alt=\"\" width=\"960\" height=\"390\" srcset=\"https:\/\/fpvoleibol.pt\/fpv\/wp-content\/uploads\/2021\/09\/supertaca_2021_b_d.jpg 960w, https:\/\/fpvoleibol.pt\/fpv\/wp-content\/uploads\/2021\/09\/supertaca_2021_b_d-300x122.jpg 300w, https:\/\/fpvoleibol.pt\/fpv\/wp-content\/uploads\/2021\/09\/supertaca_2021_b_d-768x312.jpg 768w\" sizes=\"auto, (max-width: 960px) 100vw, 960px\" \/><\/p>\n<p>A <strong>acredita\u00e7\u00e3o dos representantes da Comunica\u00e7\u00e3o Social<\/strong> ser\u00e1 processada no pavilh\u00e3o e apenas para aqueles que reenviaram o <a href=\"https:\/\/fpvoleibol.pt\/fpv\/wp-content\/uploads\/2021\/09\/Acreditacao-formula_jornalistas_superfem.doc\"><strong>formul\u00e1rio<\/strong><\/a> devidamente preenchido at\u00e9 \u00e0s 12h00 de hoje, dia 24 de Setembro.<\/p>\n<p>Solicitamos que a compar\u00eancia dos representantes da Comunica\u00e7\u00e3o Social no pavilh\u00e3o, no s\u00e1bado, seja realizada com a devida anteced\u00eancia pois a entrada ser\u00e1 efectuada de acordo com as normas da Direc\u00e7\u00e3o-Geral da Sa\u00fade e mediante apresenta\u00e7\u00e3o de certificado de vacina\u00e7\u00e3o Covid-19 ou apresenta\u00e7\u00e3o de um teste r\u00e1pido de antig\u00e9nio (TRAg) com\u00a0 resultado negativo, realizado nas 48 horas anteriores, ou de um teste PCR, com resultado negativo, realizado nas 72 horas anteriores \u00e0 sua apresenta\u00e7\u00e3o.<\/p>\n<p><span style=\"text-decoration: underline;\"><span style=\"color: #000000; background-color: #ffffff; text-decoration: underline;\">Informamos ainda que devido \u00e0s restri\u00e7\u00f5es impostas pela pandemia de COVID-19 os representantes da Comunica\u00e7\u00e3o Social ter\u00e3o acesso condicionado ao recinto do jogo: apenas no final do jogo para reportagem (excep\u00e7\u00e3o feita aos fot\u00f3grafos na apresenta\u00e7\u00e3o das equipas).<\/span><\/span><\/p>\n<p><strong>IMPORTANTE<\/strong>: Os pedidos de acredita\u00e7\u00e3o dever\u00e3o ser efectuados por jornalistas (fotojornalista\/rep\u00f3rter de imagem) que representem \u00d3rg\u00e3os de Comunica\u00e7\u00e3o Social, <span style=\"text-decoration: underline;\">n\u00e3o sendo permitido recolher dados estat\u00edsticos<\/span> para al\u00e9m daqueles que s\u00e3o fornecidos pela organiza\u00e7\u00e3o da competi\u00e7\u00e3o.<\/p>\n","protected":false},"excerpt":{"rendered":"<p>A Superta\u00e7a 2021 de seniores femininos coloca frente a frente, amanh\u00e3 (18h00), no Pavilh\u00e3o Municipal de Santo Tirso, a AJM\/FC Porto, campe\u00e3 nacional, e o Leix\u00f5es SC, vencedor da Ta\u00e7a [&hellip;]<\/p>\n","protected":false},"author":2,"featured_media":9327,"comment_status":"open","ping_status":"open","sticky":false,"template":"","format":"standard","meta":{"_monsterinsights_skip_tracking":false,"_monsterinsights_sitenote_active":false,"_monsterinsights_sitenote_note":"","_monsterinsights_sitenote_category":0,"footnotes":""},"categories":[8,31],"tags":[51],"class_list":{"0":"post-9647","1":"post","2":"type-post","3":"status-publish","4":"format-standard","5":"has-post-thumbnail","7":"category-voleibol","8":"category-voleitv","9":"tag-supertaca-2021","10":"czr-hentry"},"aioseo_notices":[],"_links":{"self":[{"href":"https:\/\/fpvoleibol.pt\/fpv\/wp-json\/wp\/v2\/posts\/9647","targetHints":{"allow":["GET"]}}],"collection":[{"href":"https:\/\/fpvoleibol.pt\/fpv\/wp-json\/wp\/v2\/posts"}],"about":[{"href":"https:\/\/fpvoleibol.pt\/fpv\/wp-json\/wp\/v2\/types\/post"}],"author":[{"embeddable":true,"href":"https:\/\/fpvoleibol.pt\/fpv\/wp-json\/wp\/v2\/users\/2"}],"replies":[{"embeddable":true,"href":"https:\/\/fpvoleibol.pt\/fpv\/wp-json\/wp\/v2\/comments?post=9647"}],"version-history":[{"count":13,"href":"https:\/\/fpvoleibol.pt\/fpv\/wp-json\/wp\/v2\/posts\/9647\/revisions"}],"predecessor-version":[{"id":9664,"href":"https:\/\/fpvoleibol.pt\/fpv\/wp-json\/wp\/v2\/posts\/9647\/revisions\/9664"}],"wp:featuredmedia":[{"embeddable":true,"href":"https:\/\/fpvoleibol.pt\/fpv\/wp-json\/wp\/v2\/media\/9327"}],"wp:attachment":[{"href":"https:\/\/fpvoleibol.pt\/fpv\/wp-json\/wp\/v2\/media?parent=9647"}],"wp:term":[{"taxonomy":"category","embeddable":true,"href":"https:\/\/fpvoleibol.pt\/fpv\/wp-json\/wp\/v2\/categories?post=9647"},{"taxonomy":"post_tag","embeddable":true,"href":"https:\/\/fpvoleibol.pt\/fpv\/wp-json\/wp\/v2\/tags?post=9647"}],"curies":[{"name":"wp","href":"https:\/\/api.w.org\/{rel}","templated":true}]}}