{"id":9607,"date":"2021-09-22T09:29:32","date_gmt":"2021-09-22T08:29:32","guid":{"rendered":"https:\/\/fpvoleibol.pt\/fpv\/?p=9607"},"modified":"2021-09-22T09:29:32","modified_gmt":"2021-09-22T08:29:32","slug":"finais-da-kinder-cup-no-dia-2-de-outubro","status":"publish","type":"post","link":"https:\/\/fpvoleibol.pt\/fpv\/2021\/09\/22\/finais-da-kinder-cup-no-dia-2-de-outubro\/","title":{"rendered":"FINAIS DA KINDER CUP NO DIA 2 DE OUTUBRO"},"content":{"rendered":"<p><img loading=\"lazy\" decoding=\"async\" class=\"size-full wp-image-9608 aligncenter\" src=\"https:\/\/fpvoleibol.pt\/fpv\/wp-content\/uploads\/2021\/09\/kc2021beactive.jpg\" alt=\"\" width=\"960\" height=\"960\" srcset=\"https:\/\/fpvoleibol.pt\/fpv\/wp-content\/uploads\/2021\/09\/kc2021beactive.jpg 960w, https:\/\/fpvoleibol.pt\/fpv\/wp-content\/uploads\/2021\/09\/kc2021beactive-300x300.jpg 300w, https:\/\/fpvoleibol.pt\/fpv\/wp-content\/uploads\/2021\/09\/kc2021beactive-150x150.jpg 150w, https:\/\/fpvoleibol.pt\/fpv\/wp-content\/uploads\/2021\/09\/kc2021beactive-768x768.jpg 768w, https:\/\/fpvoleibol.pt\/fpv\/wp-content\/uploads\/2021\/09\/kc2021beactive-510x510.jpg 510w\" sizes=\"auto, (max-width: 960px) 100vw, 960px\" \/><\/p>\n<p>As finais da <strong>Kinder Cup 2021<\/strong>, organizadas pela <span style=\"text-decoration: underline;\">Federa\u00e7\u00e3o Portuguesa de Voleibol<\/span> com a colabora\u00e7\u00e3o da <span style=\"text-decoration: underline;\">C\u00e2mara Municipal de Santo Tirso<\/span>, realizam-se no no <span style=\"text-decoration: underline;\">dia 2 de Outubro<\/span> no jardim envolvente do Pavilh\u00e3o Desportivo Municipal de Santo Tirso.<\/p>\n<p>As finais da <strong>Kinder Cup<\/strong> inserem-se nas comemora\u00e7\u00f5es da Semana Europeia do Desporto #BEACTIVE (23 a 30 de Setembro de 2021). Ver mais informa\u00e7\u00f5es <a href=\"https:\/\/beactiveportugal.ipdj.pt\/recursos\/\">aqui<\/a><\/p>\n<p style=\"text-align: center;\"><span style=\"text-decoration: underline;\"><strong>Escal\u00f5es (\u00e9poca 2020\/21)<\/strong><\/span><\/p>\n<p style=\"text-align: center;\"><strong>Infantis<\/strong> &#8211; nascidos at\u00e9 2007<br \/>\n<strong>Iniciados<\/strong> &#8211; nascidos em 2006<br \/>\n<strong>Cadetes<\/strong> &#8211; nascidos em 2005<br \/>\n<strong>Juvenis<\/strong> &#8211; nascidos em 2004<br \/>\n<strong>Juniores A<\/strong> &#8211; nascidos em 2003<br \/>\n<strong>Juniores B<\/strong> &#8211; nascidos em 2002 e 2001<\/p>\n","protected":false},"excerpt":{"rendered":"<p>As finais da Kinder Cup 2021, organizadas pela Federa\u00e7\u00e3o Portuguesa de Voleibol com a colabora\u00e7\u00e3o da C\u00e2mara Municipal de Santo Tirso, realizam-se no no dia 2 de Outubro no jardim [&hellip;]<\/p>\n","protected":false},"author":2,"featured_media":9609,"comment_status":"open","ping_status":"open","sticky":false,"template":"","format":"standard","meta":{"_monsterinsights_skip_tracking":false,"_monsterinsights_sitenote_active":false,"_monsterinsights_sitenote_note":"","_monsterinsights_sitenote_category":0,"footnotes":""},"categories":[11,22],"tags":[],"class_list":{"0":"post-9607","1":"post","2":"type-post","3":"status-publish","4":"format-standard","5":"has-post-thumbnail","7":"category-formacao","8":"category-kinder-cup","9":"czr-hentry"},"aioseo_notices":[],"_links":{"self":[{"href":"https:\/\/fpvoleibol.pt\/fpv\/wp-json\/wp\/v2\/posts\/9607","targetHints":{"allow":["GET"]}}],"collection":[{"href":"https:\/\/fpvoleibol.pt\/fpv\/wp-json\/wp\/v2\/posts"}],"about":[{"href":"https:\/\/fpvoleibol.pt\/fpv\/wp-json\/wp\/v2\/types\/post"}],"author":[{"embeddable":true,"href":"https:\/\/fpvoleibol.pt\/fpv\/wp-json\/wp\/v2\/users\/2"}],"replies":[{"embeddable":true,"href":"https:\/\/fpvoleibol.pt\/fpv\/wp-json\/wp\/v2\/comments?post=9607"}],"version-history":[{"count":2,"href":"https:\/\/fpvoleibol.pt\/fpv\/wp-json\/wp\/v2\/posts\/9607\/revisions"}],"predecessor-version":[{"id":9793,"href":"https:\/\/fpvoleibol.pt\/fpv\/wp-json\/wp\/v2\/posts\/9607\/revisions\/9793"}],"wp:featuredmedia":[{"embeddable":true,"href":"https:\/\/fpvoleibol.pt\/fpv\/wp-json\/wp\/v2\/media\/9609"}],"wp:attachment":[{"href":"https:\/\/fpvoleibol.pt\/fpv\/wp-json\/wp\/v2\/media?parent=9607"}],"wp:term":[{"taxonomy":"category","embeddable":true,"href":"https:\/\/fpvoleibol.pt\/fpv\/wp-json\/wp\/v2\/categories?post=9607"},{"taxonomy":"post_tag","embeddable":true,"href":"https:\/\/fpvoleibol.pt\/fpv\/wp-json\/wp\/v2\/tags?post=9607"}],"curies":[{"name":"wp","href":"https:\/\/api.w.org\/{rel}","templated":true}]}}