{"id":9579,"date":"2021-09-21T14:16:45","date_gmt":"2021-09-21T13:16:45","guid":{"rendered":"https:\/\/fpvoleibol.pt\/fpv\/?p=9579"},"modified":"2021-09-21T14:16:45","modified_gmt":"2021-09-21T13:16:45","slug":"acreditacao-para-a-supertaca","status":"publish","type":"post","link":"https:\/\/fpvoleibol.pt\/fpv\/2021\/09\/21\/acreditacao-para-a-supertaca\/","title":{"rendered":"ACREDITA\u00c7\u00c3O PARA A SUPERTA\u00c7A"},"content":{"rendered":"<p><img loading=\"lazy\" decoding=\"async\" class=\"size-full wp-image-9584 aligncenter\" src=\"https:\/\/fpvoleibol.pt\/fpv\/wp-content\/uploads\/2021\/09\/supertaca_2021_b_d.jpg\" alt=\"\" width=\"960\" height=\"390\" srcset=\"https:\/\/fpvoleibol.pt\/fpv\/wp-content\/uploads\/2021\/09\/supertaca_2021_b_d.jpg 960w, https:\/\/fpvoleibol.pt\/fpv\/wp-content\/uploads\/2021\/09\/supertaca_2021_b_d-300x122.jpg 300w, https:\/\/fpvoleibol.pt\/fpv\/wp-content\/uploads\/2021\/09\/supertaca_2021_b_d-768x312.jpg 768w\" sizes=\"auto, (max-width: 960px) 100vw, 960px\" \/>A Superta\u00e7a 2021 de seniores femininos coloca frente a frente a <strong>AJM\/FC Porto<\/strong>, campe\u00e3 nacional, e o <strong>Leix\u00f5es SC<\/strong>, vencedor da Ta\u00e7a de Portugal, no dia 25 de Setembro, pelas 18h00, no Pavilh\u00e3o Municipal de Santo Tirso.<\/p>\n<p>A Superta\u00e7a 2021 de seniores masculinos op\u00f5e o <strong>SL Benfica<\/strong>, campe\u00e3o nacional, e o <strong>Sporting CP<\/strong>, vencedor da Ta\u00e7a de Portugal, no dia 2 de Outubro, pelas 17h00, no Pavilh\u00e3o Municipal de Santo Tirso.<\/p>\n<p>A Superta\u00e7a ter\u00e1 transmiss\u00e3o em directo n&#8217; <strong>A Bola TV (femininos)<\/strong> e na <strong>Sport TV (masculinos)<\/strong>.<\/p>\n<p>Organizada pela Federa\u00e7\u00e3o Portuguesa de Voleibol em parceria com a C\u00e2mara Municipal de Santo Tirso, a edi\u00e7\u00e3o deste ano da Superta\u00e7a \u00e9 aberta ao p\u00fablico (lota\u00e7\u00e3o limitada) e os <a href=\"https:\/\/fpvoleibol.pt\/fpv\/competicoes\/supertaca-2021\/\">bilhetes t\u00eam um pre\u00e7o \u00fanico de 5 euros<\/a>.<\/p>\n<p>A <strong>acredita\u00e7\u00e3o dos representantes da Comunica\u00e7\u00e3o Social<\/strong> ser\u00e1 processada no pavilh\u00e3o e apenas para aqueles que tiverem reenviado o *<strong>formul\u00e1rio<\/strong> (Femininos <a href=\"https:\/\/fpvoleibol.pt\/fpv\/wp-content\/uploads\/2021\/09\/Acreditacao-formula_jornalistas_superfem.doc\">aqui<\/a> e Masculinos <a href=\"https:\/\/fpvoleibol.pt\/fpv\/wp-content\/uploads\/2021\/09\/Acreditacao-formula_jornalistas_supermas.doc\">aqui<\/a>) devidamente preenchido at\u00e9 \u00e0s 12h00 da pr\u00f3xima sexta-feira, dia 24 de Setembro (Superta\u00e7a de femininos) e at\u00e9 \u00e0s 16h00 do dia 30 de Setembro (Superta\u00e7a\u00a0 de masculinos).<\/p>\n<p>Solicitamos que a compar\u00eancia dos representantes da Comunica\u00e7\u00e3o Social no pavilh\u00e3o seja realizada com a devida anteced\u00eancia pois a entrada ser\u00e1 efectuada de acordo com as normas da Direc\u00e7\u00e3o-Geral da Sa\u00fade e mediante apresenta\u00e7\u00e3o de certificado de vacina\u00e7\u00e3o Covid-19 ou apresenta\u00e7\u00e3o de um teste r\u00e1pido de antig\u00e9nio (TRAg) com\u00a0 resultado negativo, realizado nas 48 horas anteriores, ou de um teste PCR, com resultado negativo, realizado nas 72 horas anteriores \u00e0 sua apresenta\u00e7\u00e3o.<\/p>\n<p><span style=\"text-decoration: underline;\"><span style=\"color: #000000; background-color: #ffffff; text-decoration: underline;\">Informamos ainda que devido \u00e0s restri\u00e7\u00f5es impostas pela pandemia de COVID-19 os representantes da Comunica\u00e7\u00e3o Social ter\u00e3o acesso condicionado ao recinto do jogo: apenas no final do jogo para reportagem (excep\u00e7\u00e3o feita aos fot\u00f3grafos na apresenta\u00e7\u00e3o das equipas).<\/span><\/span><\/p>\n<p><strong>IMPORTANTE<\/strong>: Os pedidos de acredita\u00e7\u00e3o dever\u00e3o ser efectuados por jornalistas (fotojornalista\/rep\u00f3rter de imagem) que representem \u00d3rg\u00e3os de Comunica\u00e7\u00e3o Social, <span style=\"text-decoration: underline;\">n\u00e3o sendo permitido recolher dados estat\u00edsticos<\/span> para al\u00e9m daqueles que s\u00e3o fornecidos pela organiza\u00e7\u00e3o da competi\u00e7\u00e3o.<\/p>\n<p><strong>FORMUL\u00c1RIO DE ACREDITA\u00c7\u00c3O: <\/strong>Femininos <a href=\"https:\/\/fpvoleibol.pt\/fpv\/wp-content\/uploads\/2021\/09\/Acreditacao-formula_jornalistas_superfem.doc\">aqui<\/a> e Masculinos <a href=\"https:\/\/fpvoleibol.pt\/fpv\/wp-content\/uploads\/2021\/09\/Acreditacao-formula_jornalistas_supermas.doc\">aqui<\/a><\/p>\n<p>*Enviar pedido para jorgecastro.fpv@gmail.com at\u00e9<\/p>\n<p>\u2013 12h00 do dia 24 de Setembro (Superta\u00e7a de femininos)<\/p>\n<p>\u2013 16h00 do dia 30 de Setembro (Superta\u00e7a de masculinos)<\/p>\n","protected":false},"excerpt":{"rendered":"<p>A Superta\u00e7a 2021 de seniores femininos coloca frente a frente a AJM\/FC Porto, campe\u00e3 nacional, e o Leix\u00f5es SC, vencedor da Ta\u00e7a de Portugal, no dia 25 de Setembro, pelas [&hellip;]<\/p>\n","protected":false},"author":2,"featured_media":9585,"comment_status":"open","ping_status":"open","sticky":false,"template":"","format":"standard","meta":{"_monsterinsights_skip_tracking":false,"_monsterinsights_sitenote_active":false,"_monsterinsights_sitenote_note":"","_monsterinsights_sitenote_category":0,"footnotes":""},"categories":[8],"tags":[51],"class_list":{"0":"post-9579","1":"post","2":"type-post","3":"status-publish","4":"format-standard","5":"has-post-thumbnail","7":"category-voleibol","8":"tag-supertaca-2021","9":"czr-hentry"},"aioseo_notices":[],"_links":{"self":[{"href":"https:\/\/fpvoleibol.pt\/fpv\/wp-json\/wp\/v2\/posts\/9579","targetHints":{"allow":["GET"]}}],"collection":[{"href":"https:\/\/fpvoleibol.pt\/fpv\/wp-json\/wp\/v2\/posts"}],"about":[{"href":"https:\/\/fpvoleibol.pt\/fpv\/wp-json\/wp\/v2\/types\/post"}],"author":[{"embeddable":true,"href":"https:\/\/fpvoleibol.pt\/fpv\/wp-json\/wp\/v2\/users\/2"}],"replies":[{"embeddable":true,"href":"https:\/\/fpvoleibol.pt\/fpv\/wp-json\/wp\/v2\/comments?post=9579"}],"version-history":[{"count":8,"href":"https:\/\/fpvoleibol.pt\/fpv\/wp-json\/wp\/v2\/posts\/9579\/revisions"}],"predecessor-version":[{"id":9597,"href":"https:\/\/fpvoleibol.pt\/fpv\/wp-json\/wp\/v2\/posts\/9579\/revisions\/9597"}],"wp:featuredmedia":[{"embeddable":true,"href":"https:\/\/fpvoleibol.pt\/fpv\/wp-json\/wp\/v2\/media\/9585"}],"wp:attachment":[{"href":"https:\/\/fpvoleibol.pt\/fpv\/wp-json\/wp\/v2\/media?parent=9579"}],"wp:term":[{"taxonomy":"category","embeddable":true,"href":"https:\/\/fpvoleibol.pt\/fpv\/wp-json\/wp\/v2\/categories?post=9579"},{"taxonomy":"post_tag","embeddable":true,"href":"https:\/\/fpvoleibol.pt\/fpv\/wp-json\/wp\/v2\/tags?post=9579"}],"curies":[{"name":"wp","href":"https:\/\/api.w.org\/{rel}","templated":true}]}}