{"id":938,"date":"2020-08-07T14:01:47","date_gmt":"2020-08-07T14:01:47","guid":{"rendered":"https:\/\/fpvoleibol.pt\/fpv\/?p=938"},"modified":"2020-08-10T14:02:42","modified_gmt":"2020-08-10T14:02:42","slug":"gira-praia-regressa-no-dia-18-de-agosto","status":"publish","type":"post","link":"https:\/\/fpvoleibol.pt\/fpv\/2020\/08\/07\/gira-praia-regressa-no-dia-18-de-agosto\/","title":{"rendered":"GIRA-PRAIA REGRESSA NO DIA 18 DE AGOSTO"},"content":{"rendered":"<p class=\"descricaonoticia\" align=\"center\"><a href=\"http:\/\/www.fpvoleibol.pt\/girapraia2020\" target=\"_blank\" rel=\"noopener noreferrer\"><img loading=\"lazy\" decoding=\"async\" src=\"https:\/\/www.fpvoleibol.pt\/noticias\/2020\/imagens\/noticia_girapraia2020.jpg\" width=\"480\" height=\"270\" border=\"1\" \/><\/a><\/p>\n<p class=\"descricaonoticia\" align=\"justify\">Os\u00a0<a href=\"http:\/\/www.fpvoleibol.pt\/girapraia2020\" target=\"_blank\" rel=\"noopener noreferrer\">Campeonatos Nacionais de Gira-Praia 2020<\/a>, nas categorias de Sub-14, Sub-16 e Sub-18 masculinos e femininos, realizam-se de 18 a 23 de Agosto no Centro de Alto Rendimento de Voleibol de Praia da Federa\u00e7\u00e3o Portuguesa de Voleibol (FPV), em Cortega\u00e7a, Ovar.<\/p>\n<p class=\"descricaonoticia\" align=\"justify\">&#8220;Este ano, e devido \u00e0 pandemia, o Campeonato Nacional de Gira-Praia ser\u00e1 realizado em apenas uma etapa e no CAR de Cortega\u00e7a. Ser\u00e1 um evento sem p\u00fablico e ser\u00e1 disputado ao longo de 6 dias, evitando-se assim grandes concentra\u00e7\u00f5es de atletas. A data limite de inscri\u00e7\u00f5es \u00e9 o dia 13 de Agosto e todos os atletas dever\u00e3o preencher a declara\u00e7\u00e3o de menores&#8221;, esclareceu Leonel Salgueiro, Director T\u00e9cnico Nacional e respons\u00e1vel pelo Voleibol de Praia a n\u00edvel nacional.<\/p>\n<p class=\"descricaonoticia\" align=\"justify\">As inscri\u00e7\u00f5es podem ser efectuadas at\u00e9 ao dia 13 de Agosto (quinta-feira) atrav\u00e9s do link\u00a0<a href=\"http:\/\/www.fpvoleibol.pt\/girapraia2020\" target=\"_blank\" rel=\"noopener noreferrer\">www.fpvoleibol.pt\/girapraia2020<\/a><\/p>\n","protected":false},"excerpt":{"rendered":"<p>Os\u00a0Campeonatos Nacionais de Gira-Praia 2020, nas categorias de Sub-14, Sub-16 e Sub-18 masculinos e femininos, realizam-se de 18 a 23 de Agosto no Centro de Alto Rendimento de Voleibol de [&hellip;]<\/p>\n","protected":false},"author":1,"featured_media":939,"comment_status":"open","ping_status":"open","sticky":false,"template":"","format":"standard","meta":{"_monsterinsights_skip_tracking":false,"_monsterinsights_sitenote_active":false,"_monsterinsights_sitenote_note":"","_monsterinsights_sitenote_category":0,"footnotes":""},"categories":[9],"tags":[],"class_list":{"0":"post-938","1":"post","2":"type-post","3":"status-publish","4":"format-standard","5":"has-post-thumbnail","7":"category-voleibol-de-praia","8":"czr-hentry"},"aioseo_notices":[],"_links":{"self":[{"href":"https:\/\/fpvoleibol.pt\/fpv\/wp-json\/wp\/v2\/posts\/938","targetHints":{"allow":["GET"]}}],"collection":[{"href":"https:\/\/fpvoleibol.pt\/fpv\/wp-json\/wp\/v2\/posts"}],"about":[{"href":"https:\/\/fpvoleibol.pt\/fpv\/wp-json\/wp\/v2\/types\/post"}],"author":[{"embeddable":true,"href":"https:\/\/fpvoleibol.pt\/fpv\/wp-json\/wp\/v2\/users\/1"}],"replies":[{"embeddable":true,"href":"https:\/\/fpvoleibol.pt\/fpv\/wp-json\/wp\/v2\/comments?post=938"}],"version-history":[{"count":1,"href":"https:\/\/fpvoleibol.pt\/fpv\/wp-json\/wp\/v2\/posts\/938\/revisions"}],"predecessor-version":[{"id":940,"href":"https:\/\/fpvoleibol.pt\/fpv\/wp-json\/wp\/v2\/posts\/938\/revisions\/940"}],"wp:featuredmedia":[{"embeddable":true,"href":"https:\/\/fpvoleibol.pt\/fpv\/wp-json\/wp\/v2\/media\/939"}],"wp:attachment":[{"href":"https:\/\/fpvoleibol.pt\/fpv\/wp-json\/wp\/v2\/media?parent=938"}],"wp:term":[{"taxonomy":"category","embeddable":true,"href":"https:\/\/fpvoleibol.pt\/fpv\/wp-json\/wp\/v2\/categories?post=938"},{"taxonomy":"post_tag","embeddable":true,"href":"https:\/\/fpvoleibol.pt\/fpv\/wp-json\/wp\/v2\/tags?post=938"}],"curies":[{"name":"wp","href":"https:\/\/api.w.org\/{rel}","templated":true}]}}