{"id":934,"date":"2020-08-06T08:35:23","date_gmt":"2020-08-06T08:35:23","guid":{"rendered":"https:\/\/fpvoleibol.pt\/fpv\/?p=934"},"modified":"2020-08-06T08:35:23","modified_gmt":"2020-08-06T08:35:23","slug":"sorteios-da-supertaca-e-de-acesso-a-i-divisao","status":"publish","type":"post","link":"https:\/\/fpvoleibol.pt\/fpv\/2020\/08\/06\/sorteios-da-supertaca-e-de-acesso-a-i-divisao\/","title":{"rendered":"SORTEIOS DA SUPERTA\u00c7A E DE ACESSO \u00c0 I DIVIS\u00c3O"},"content":{"rendered":"<p class=\"descricaonoticia\" align=\"center\"><img loading=\"lazy\" decoding=\"async\" src=\"https:\/\/www.fpvoleibol.pt\/noticias\/2020\/imagens\/supertacafem_2018_b.jpg\" width=\"480\" height=\"270\" border=\"1\" \/><\/p>\n<p class=\"descricaonoticia\" align=\"justify\">Os jogos da\u00a0<strong>Superta\u00e7a de femininos<\/strong>, a disputar na Nave Costa Pereira, no Centro de Desportos e Congressos de Matosinhos, colocam frente a frente:<br \/>\nAVC Famalic\u00e3o x Porto V\u00f3lei (20h00, dia 11 de Setembro)<br \/>\nClube Kair\u00f3s x AVC Famalic\u00e3o (18h00, dia 12 de Setembro)<br \/>\nPorto V\u00f3lei x Clube Kair\u00f3s(15h00, dia 13 de Setembro)<\/p>\n<p class=\"descricaonoticia\" align=\"justify\">O 1.\u00aa classificado defronta a AJM\/FC Porto, vencedora da Ta\u00e7a de Portugal, no dia 18 de Setembro, pelas 21h00, na Nave Costa Pereira, no Centro de Desportos e Congressos de Matosinhos.<\/p>\n<p class=\"descricaonoticia\" align=\"justify\">Calend\u00e1rio dos jogos da Superta\u00e7a de femininos\u00a0<a href=\"https:\/\/www.fpvoleibol.pt\/nacional\/20_21\/sorteios\/supertaca_senfem_u.pdf\" target=\"_blank\" rel=\"noopener noreferrer\">AQUI<\/a><\/p>\n<p class=\"descricaonoticia\" align=\"justify\">A\u00a0<strong>Superta\u00e7a de masculinos<\/strong>, a disputar no Pavilh\u00e3o Multiusos de Gondomar, compreende duas s\u00e9ries, de onde sair\u00e3o os semifinalistas da prova:<\/p>\n<p class=\"descricaonoticia\" align=\"justify\"><strong>Jogos da S\u00e9rie A<\/strong><br \/>\nAA S. Mamede x SL Benfica (17h00, dia 11 de Setembro)<br \/>\nSC Espinho x AA S. Mamede (16h00, dia 12 de Setembro)<br \/>\nSL Benfica x SC Espinho (15h00, dia 13 de Setembro)<\/p>\n<p class=\"descricaonoticia\" align=\"justify\"><strong>Jogos da S\u00e9rie B<\/strong><br \/>\nLeix\u00f5es SC x AJF Bastardo (20h00, dia 11 de Setembro)<br \/>\nSporting CP x Leix\u00f5es SC (19h00, dia 12 de Setembro)<br \/>\nAJF Bastardo x Sporting CP (18h00, dia 13 de Setembro)<\/p>\n<p class=\"descricaonoticia\" align=\"justify\">As meias-finais cruzadas entre os dois primeiros classificados de cada s\u00e9rie disputam-se no dia 19 de Setembro e a final no dia 20 de Setembro. Ver f\u00f3rmula\u00a0<a href=\"https:\/\/www.fpvoleibol.pt\/nacional\/20_21\/sorteios\/info_supertaca_senmasc.pdf\" target=\"_blank\" rel=\"noopener noreferrer\">AQUI<\/a><\/p>\n<p>Informa\u00e7\u00f5es sobre a(s) Superta\u00e7a(s) dispon\u00edveis\u00a0<a href=\"https:\/\/www.fpvoleibol.pt\/nacional\/20_21\/sorteios\/supertaca2020.html\" target=\"_blank\" rel=\"noopener noreferrer\">AQUI<\/a><\/p>\n<p class=\"descricaonoticia\" align=\"justify\"><strong>NOTA<\/strong>: Tendo em considera\u00e7\u00e3o que os campeonatos nacionais de 2019\/2020 n\u00e3o chegaram ao fim \u2013 assim como a Ta\u00e7a de Portugal de masculinos \u2013 a Superta\u00e7a de 2020 ter\u00e1 um figurino diferente.<br \/>\nEm masculinos, SL Benfica, Sporting CP, AJ Fonte do Bastardo, SC Espinho, AA S. Mamede e Leix\u00f5es SC s\u00e3o as seis equipas que ir\u00e3o disputar a Superta\u00e7a 2020.<br \/>\nEm 2019, o SL Benfica venceu (3-0: 25-14, 25-18 e 25-22) a AJ Fonte do Bastardo e ergueu a Superta\u00e7a Honda, disputada no Pavilh\u00e3o do Complexo Municipal dos Desportos \u00abCidade de Almada\u00bb e que contou com a arbitragem de H\u00e9lio Ormonde (AV S\u00e3o Miguel) e Pedro Pinto (AV Porto). Ver estat\u00edstica\u00a0<a href=\"https:\/\/www.fpvoleibol.pt\/noticias\/2019\/Supertacahonda_SLB-AJFB%20(3-0).pdf\" target=\"_blank\" rel=\"noopener noreferrer\">aqui<\/a><br \/>\nA Superta\u00e7a 2020 de seniores femininos ser\u00e1 disputada por Clube Kair\u00f3s, AVC Famalic\u00e3o, Porto Volei 2014 e AJM\/FC Porto.<br \/>\nEm 2019, a AJM\/FC Porto conquistou a sua primeira Superta\u00e7a ao superar, em Vila Flor, o Leix\u00f5es SC, ent\u00e3o tricampe\u00e3o nacional em t\u00edtulo, por 3-2 (27-29, 23-25, 25-17, 25-16 e 15-6).<br \/>\nVer estat\u00edstica do jogo\u00a0<a href=\"https:\/\/www.fpvoleibol.pt\/noticias\/2019\/Match%20report_Ajm%20FCP%20x%20LSC.pdf\" target=\"_blank\" rel=\"noopener noreferrer\">aqui<\/a><\/p>\n<p class=\"descricaonoticia\" align=\"justify\">Mais informa\u00e7\u00f5es\u00a0<a href=\"https:\/\/www.fpvoleibol.pt\/documentacao\/circulares\/19_20\/39.pdf\" target=\"_blank\" rel=\"noopener noreferrer\">aqui<\/a><\/p>\n<p class=\"auto-style1\" style=\"text-align: center;\"><strong>JOGOS DE ACESSO \u00c0 I DIVIS\u00c3O<\/strong><\/p>\n<p class=\"descricaonoticia\" align=\"justify\">Calend\u00e1rio de Jogos de acesso \u00e0 I Divis\u00e3o (Masculinos) dispon\u00edvel em\u00a0<a href=\"https:\/\/www.fpvoleibol.pt\/nacional\/20_21\/sorteios\/acesso_1div_senmasc_u.pdf\">https:\/\/www.fpvoleibol.pt\/nacional\/20_21\/sorteios\/acesso_1div_senmasc_u.pdf<\/a><\/p>\n<p class=\"descricaonoticia\" align=\"justify\">Calend\u00e1rio de Jogos de acesso \u00e0 I Divis\u00e3o (Femininos) dispon\u00edvel em:<\/p>\n<p class=\"descricaonoticia\" align=\"justify\"><a href=\"https:\/\/www.fpvoleibol.pt\/nacional\/20_21\/sorteios\/acesso_1div_senfem_a.pdf\">https:\/\/www.fpvoleibol.pt\/nacional\/20_21\/sorteios\/acesso_1div_senfem_a.pdf<\/a>\u00a0e\u00a0<a href=\"https:\/\/www.fpvoleibol.pt\/nacional\/20_21\/sorteios\/acesso_1div_senfem_b.pdf\">https:\/\/www.fpvoleibol.pt\/nacional\/20_21\/sorteios\/acesso_1div_senfem_b.pdf<\/a><\/p>\n<p class=\"descricaonoticia\" align=\"justify\">Mais informa\u00e7\u00f5es\u00a0<a href=\"https:\/\/www.fpvoleibol.pt\/nacional\/20_21\/sorteios\/acesso_1div_seniores.html\" target=\"_blank\" rel=\"noopener noreferrer\">AQUI<\/a><\/p>\n","protected":false},"excerpt":{"rendered":"<p>Os jogos da\u00a0Superta\u00e7a de femininos, a disputar na Nave Costa Pereira, no Centro de Desportos e Congressos de Matosinhos, colocam frente a frente: AVC Famalic\u00e3o x Porto V\u00f3lei (20h00, dia [&hellip;]<\/p>\n","protected":false},"author":1,"featured_media":935,"comment_status":"open","ping_status":"open","sticky":false,"template":"","format":"standard","meta":{"_monsterinsights_skip_tracking":false,"_monsterinsights_sitenote_active":false,"_monsterinsights_sitenote_note":"","_monsterinsights_sitenote_category":0,"footnotes":""},"categories":[8],"tags":[],"class_list":{"0":"post-934","1":"post","2":"type-post","3":"status-publish","4":"format-standard","5":"has-post-thumbnail","7":"category-voleibol","8":"czr-hentry"},"aioseo_notices":[],"_links":{"self":[{"href":"https:\/\/fpvoleibol.pt\/fpv\/wp-json\/wp\/v2\/posts\/934","targetHints":{"allow":["GET"]}}],"collection":[{"href":"https:\/\/fpvoleibol.pt\/fpv\/wp-json\/wp\/v2\/posts"}],"about":[{"href":"https:\/\/fpvoleibol.pt\/fpv\/wp-json\/wp\/v2\/types\/post"}],"author":[{"embeddable":true,"href":"https:\/\/fpvoleibol.pt\/fpv\/wp-json\/wp\/v2\/users\/1"}],"replies":[{"embeddable":true,"href":"https:\/\/fpvoleibol.pt\/fpv\/wp-json\/wp\/v2\/comments?post=934"}],"version-history":[{"count":1,"href":"https:\/\/fpvoleibol.pt\/fpv\/wp-json\/wp\/v2\/posts\/934\/revisions"}],"predecessor-version":[{"id":936,"href":"https:\/\/fpvoleibol.pt\/fpv\/wp-json\/wp\/v2\/posts\/934\/revisions\/936"}],"wp:featuredmedia":[{"embeddable":true,"href":"https:\/\/fpvoleibol.pt\/fpv\/wp-json\/wp\/v2\/media\/935"}],"wp:attachment":[{"href":"https:\/\/fpvoleibol.pt\/fpv\/wp-json\/wp\/v2\/media?parent=934"}],"wp:term":[{"taxonomy":"category","embeddable":true,"href":"https:\/\/fpvoleibol.pt\/fpv\/wp-json\/wp\/v2\/categories?post=934"},{"taxonomy":"post_tag","embeddable":true,"href":"https:\/\/fpvoleibol.pt\/fpv\/wp-json\/wp\/v2\/tags?post=934"}],"curies":[{"name":"wp","href":"https:\/\/api.w.org\/{rel}","templated":true}]}}