{"id":9129,"date":"2021-09-02T20:04:19","date_gmt":"2021-09-02T19:04:19","guid":{"rendered":"https:\/\/fpvoleibol.pt\/fpv\/?p=9129"},"modified":"2021-09-03T14:36:40","modified_gmt":"2021-09-03T13:36:40","slug":"jogo-com-a-belgica-pode-abrir-caminho-no-europeu","status":"publish","type":"post","link":"https:\/\/fpvoleibol.pt\/fpv\/2021\/09\/02\/jogo-com-a-belgica-pode-abrir-caminho-no-europeu\/","title":{"rendered":"JOGO COM A B\u00c9LGICA PODE ABRIR CAMINHO NO EUROPEU"},"content":{"rendered":"<p><img loading=\"lazy\" decoding=\"async\" class=\"alignnone size-full wp-image-9140\" src=\"https:\/\/fpvoleibol.pt\/fpv\/wp-content\/uploads\/2021\/09\/Portugal_fest_cracovia2021.jpg\" alt=\"\" width=\"960\" height=\"623\" srcset=\"https:\/\/fpvoleibol.pt\/fpv\/wp-content\/uploads\/2021\/09\/Portugal_fest_cracovia2021.jpg 960w, https:\/\/fpvoleibol.pt\/fpv\/wp-content\/uploads\/2021\/09\/Portugal_fest_cracovia2021-300x195.jpg 300w, https:\/\/fpvoleibol.pt\/fpv\/wp-content\/uploads\/2021\/09\/Portugal_fest_cracovia2021-768x498.jpg 768w\" sizes=\"auto, (max-width: 960px) 100vw, 960px\" \/><\/p>\n<p>O jogo de estreia de Portugal no <a href=\"https:\/\/eurovolley.cev.eu\/en\/men-2021\/\"><strong>Campeonato da Europa de Seniores Masculinos 2021\u00a0<\/strong><\/a>n\u00e3o defraudou as expectativas, ainda que o resultado (1-3: 16-25, 25-22, 16-25 e 19-25) frente \u00e0 Pol\u00f3nia n\u00e3o tenha sido o desejado.<\/p>\n<p>Ap\u00f3s um set inicial em que revelaram <em>nervoso miudinho<\/em>, os lusitanos bateram-se sem receio com os bicampe\u00f5es mundiais e conseguiram criar dificuldades \u00e0quela que \u00e9 <em>apenas<\/em> a segunda melhor selec\u00e7\u00e3o no ranking internacional.<br \/>\nAinda que a espa\u00e7os, a Selec\u00e7\u00e3o Nacional, orientada por Hugo Silva, levantou j\u00e1 um pouco o v\u00e9u daquilo que pode fazer nesta edi\u00e7\u00e3o do EuroVolley, a segunda consecutiva que disputa, e revelou pormenores que agu\u00e7aram o apetite aos adeptos relativamente ao jogo de amanh\u00e3 (16h30\/Sport TV) frente \u00e0 <a href=\"https:\/\/eurovolley.cev.eu\/en\/men-2021\/teams\/team\/11826-belgium\">B\u00e9lgica<\/a>, este sim j\u00e1 um advers\u00e1rio ao n\u00edvel de Portugal.<br \/>\nNo final, e a justificar plenamente a diferen\u00e7a que o p\u00fablico faz em qualquer espect\u00e1culo desportivo, sobretudo no Voleibol, Hugo Gaspar, que hoje completou 39 anos de idade, foi surpreendido pelo \u00abParab\u00e9ns a voc\u00ea\u00bb cantado pelos milhares de polacos que acorreram ao Tauron Arena de Crac\u00f3via.<\/p>\n<p style=\"text-align: center;\"><a href=\"https:\/\/www-old.cev.eu\/Competition-Area\/MatchStatistics.aspx?ID=46354\">Pol\u00f3nia x Portugal, 3-1 (25-16, 22-25, 25-16 e 25-19)<\/a><\/p>\n<p><strong>1.\u00ba Set<\/strong><br \/>\nProfundo conhecedor da forma de actuar dos portugueses, o belga Vital Heynen n\u00e3o facilitou e colocou em campo os melhores jogadores da Pol\u00f3nia.<br \/>\nMuito fortes nas ac\u00e7\u00f5es ofensivas, sobretudo no ataque (Micha\u0142 Kubiak), os polacos mostraram-se tamb\u00e9m agressivos no servi\u00e7o, conseguindo tr\u00eas <em>ases<\/em> mas falhando seis servi\u00e7os.<br \/>\nDenotando muito nervosismo no in\u00edcio e sempre muitas dificuldades em ultrapassar o alto e s\u00f3lido bloco contr\u00e1rio, os pupilos de Hugo Silva n\u00e3o conseguiram aproximar-se no marcador, pese embora os dois servi\u00e7os directos rubricados por Andr\u00e9 Lopes (19-14). Resultado: 25-16 para a Pol\u00f3nia.<\/p>\n<p><strong>2.\u00ba Set<\/strong><br \/>\nOs portugueses entraram neste parcial com outra determina\u00e7\u00e3o e&#8230; tranquilidade.<br \/>\nA perder por 5-8, os portugueses igualaram aos 12 pontos, com dois servi\u00e7os de Alexandre Ferreira, e a adiantaram-se com blocos de Andr\u00e9 Lopes e de <em>Phelps<\/em> Martins (16-13).<br \/>\nA Pol\u00f3nia reagiu e os ataques de Wilfredo Leon fizeram <em>mossa<\/em> na defesa lusitana, aproximando os polacos (16-18).<br \/>\nPor\u00e9m, <em>esbarrando<\/em> na crescente confian\u00e7a e maior solidez defensiva dos portugueses, que tamb\u00e9m atacavam com outra perspic\u00e1cia, os polacos, na \u00e2nsia de se aproximarem no marcador, cometeram erros que foram fatais, com destaque para o servi\u00e7o falhado que deu o triunfo a Portugal: 25-22.<\/p>\n<p><strong>3.\u00ba Set<\/strong><br \/>\nOs polacos aprenderam bem a li\u00e7\u00e3o e reentraram em for\u00e7a no jogo (3-0), com destaque para o inevit\u00e1vel Leon.<br \/>\nN\u00e3o conseguindo apresentar a consist\u00eancia e a concentra\u00e7\u00e3o evidenciadas no set anterior, Portugal acabou por nunca poder discutir a vit\u00f3ria no parcial. Resultado: 25-16 para a Pol\u00f3nia.<\/p>\n<p><strong>4.\u00ba Set<\/strong><br \/>\nAp\u00f3s um equil\u00edbrio inicial (5-5), a Pol\u00f3nia imprimiu maior press\u00e3o nas ac\u00e7\u00f5es ofensivas. O seu side-out come\u00e7ou a fazer a diferen\u00e7a, com a boa leitura de jogo do distribuidor Fabian Drzyzga a multiplicar os pontos no ataque. Conjugando com isso a efic\u00e1cia do bloco, a equipa orientada por Vital Heynen assegurou o primeiro triunfo na Pool A, selando com um 25-19 o resultado do quarto set.<\/p>\n<p>Bartosz Kurek, o possante oposto da Pol\u00f3nia, foi o melhor pontuador do jogo, com 18 pontos, apenas mais tr\u00eas pontos que os amealhados por Alexandre Ferreira. Ver estat\u00edstica <a href=\"https:\/\/www-old.cev.eu\/Competition-Area\/MatchStatistics.aspx?ID=46354\">aqui<\/a><\/p>\n<p>No final, <strong>Hugo Silva<\/strong> salientou:<br \/>\n&#8220;<em>Foi um jogo dif\u00edcil, sobretudo na recep\u00e7\u00e3o, onde faltou mais paci\u00eancia para podermos pensar numa \u00abnegra\u00bb. Mas o jogo deu-nos indica\u00e7\u00f5es boas no sentido em que a equipa, no limite, pode contrariar os mais favoritos. Como aquele que vamos defrontar amanh\u00e3, a B\u00e9lgica, que aposta forte neste Europeu e \u00e9 uma selec\u00e7\u00e3o com a qual Portugal n\u00e3o se tem dado bem no passado. <\/em><br \/>\n<em>\u00c9 uma equipa que tamb\u00e9m tem um bom servi\u00e7o, como qualquer selec\u00e7\u00e3o de topo, e jogadores com muita experi\u00eancia como Sam Deroo, Stijn D&#8217;Hulst ou Tomas Rouseaux, que jogam ao mais alto n\u00edvel nos campeonatos europeus.<\/em><br \/>\n<em>N\u00e3o podemos esconder que vai ser um jogo de muito sofrimento, mas reencontrando a consist\u00eancia que nos identificou na qualifica\u00e7\u00e3o, \u00e9 poss\u00edvel o tal resultado positivo que nos abria desde logo outras perspectivas<\/em>&#8220;.<\/p>\n<p>A Selec\u00e7\u00e3o Portuguesa mede for\u00e7as com as suas cong\u00e9neres da Pol\u00f3nia, B\u00e9lgica, S\u00e9rvia, Ucr\u00e2nia e Gr\u00e9cia na <strong>Pool A<\/strong>\u00a0da fase de grupos do\u00a0<a href=\"https:\/\/eurovolley.cev.eu\/en\/men-2021\/\">Campeonato da Europa de 2021<\/a>.<\/p>\n<p>Nos outros jogos da Pool A (Crac\u00f3via) disputados hoje, a Ucr\u00e2nia venceu (<a href=\"https:\/\/www-old.cev.eu\/Competition-Area\/MatchStatistics.aspx?ID=46352\">3-2<\/a>) a Gr\u00e9cia e a S\u00e9rvia derrotou (<a href=\"https:\/\/www-old.cev.eu\/Competition-Area\/MatchStatistics.aspx?ID=46353\">3-1<\/a>) a B\u00e9lgica.<\/p>\n<p>Calend\u00e1rio e hor\u00e1rio dos jogos da Selec\u00e7\u00e3o Nacional de Seniores Masculinos \/ directos na Sport TV:<\/p>\n<p style=\"text-align: center;\"><a href=\"https:\/\/eurovolley.cev.eu\/en\/men-2021\/\"><strong>Campeonato da Europa 2021<\/strong><\/a><\/p>\n<p style=\"text-align: center;\"><strong>Calend\u00e1rio da Pool A \u2013 1.\u00aa Fase<\/strong><br \/>\n<strong>(Crac\u00f3via \u2013 Pol\u00f3nia\/<span style=\"text-decoration: underline;\">Hora de Portugal<\/span>)<\/strong><\/p>\n<p style=\"text-align: center;\"><strong>Dia 2 de Setembro<\/strong><br \/>\n13h30 \u2013 Gr\u00e9cia x Ucr\u00e2nia, 2-3<br \/>\n<strong>16h30<\/strong> \u2013 Pol\u00f3nia x PORTUGAL, 3-1<br \/>\n19h30 \u2013 B\u00e9lgica x S\u00e9rvia, 1-3<\/p>\n<p style=\"text-align: center;\"><strong>Dia 3 de Setembro<\/strong><br \/>\n<strong>16h30<\/strong> \u2013 B\u00e9lgica x PORTUGAL<br \/>\n19h30 \u2013 Ucr\u00e2nia x S\u00e9rvia<br \/>\n<strong>Folgam:<\/strong>\u00a0Pol\u00f3nia e Gr\u00e9cia<\/p>\n<p style=\"text-align: center;\"><strong>Dia 4 de Setembro<\/strong><br \/>\n16h30 \u2013B\u00e9lgica x Gr\u00e9cia<br \/>\n19h30 \u2013 S\u00e9rvia x Pol\u00f3nia<br \/>\n<strong>Folgam<\/strong>: Portugal e Ucr\u00e2nia<\/p>\n<p style=\"text-align: center;\"><strong>Dia 5 de Setembro<\/strong><br \/>\n<strong>16h30<\/strong> \u2013 PORTUGAL x Ucr\u00e2nia<br \/>\n19h30 \u2013 Gr\u00e9cia x Pol\u00f3nia<br \/>\n<strong>Folgam<\/strong>: S\u00e9rvia e B\u00e9lgica<\/p>\n<p style=\"text-align: center;\"><strong>Dia 6 de Setembro<\/strong><br \/>\n<strong>16h30<\/strong> \u2013 PORTUGAL x S\u00e9rvia<br \/>\n19h30 \u2013 Pol\u00f3nia x B\u00e9lgica<br \/>\n<strong>Folgam<\/strong>: Ucr\u00e2nia e Gr\u00e9cia<\/p>\n<p style=\"text-align: center;\"><strong>Dia 7 de Setembro<\/strong><br \/>\n16h30 \u2013 S\u00e9rvia x Gr\u00e9cia<br \/>\n19h30 \u2013 Ucr\u00e2nia x B\u00e9lgica<br \/>\n<strong>Folgam<\/strong>: Portugal e Pol\u00f3nia<\/p>\n<p style=\"text-align: center;\"><strong>Dia 8 de Setembro<\/strong><br \/>\n16h30 \u2013 Pol\u00f3nia x Ucr\u00e2nia<br \/>\n<strong>19h30<\/strong> \u2013 Gr\u00e9cia x PORTUGAL<br \/>\n<strong>Folgam<\/strong>: S\u00e9rvia e B\u00e9lgica<\/p>\n<p style=\"text-align: center;\">Os jogos do Europeu 2021 ser\u00e3o transmitidos em directo no\u00a0<a href=\"https:\/\/www.eurovolley.tv\/en-int\/page\/home-cev\">EuroVolley.TV (CEV)<\/a>\u00a0e na\u00a0<a href=\"https:\/\/www.sporttv.pt\/pesquisa\/voleibol\/\">Sport TV<\/a><\/p>\n<p><img loading=\"lazy\" decoding=\"async\" class=\"alignnone size-full wp-image-9139\" src=\"https:\/\/fpvoleibol.pt\/fpv\/wp-content\/uploads\/2021\/09\/Portugal_Team_cracovia2021.jpg\" alt=\"\" width=\"960\" height=\"506\" srcset=\"https:\/\/fpvoleibol.pt\/fpv\/wp-content\/uploads\/2021\/09\/Portugal_Team_cracovia2021.jpg 960w, https:\/\/fpvoleibol.pt\/fpv\/wp-content\/uploads\/2021\/09\/Portugal_Team_cracovia2021-300x158.jpg 300w, https:\/\/fpvoleibol.pt\/fpv\/wp-content\/uploads\/2021\/09\/Portugal_Team_cracovia2021-768x405.jpg 768w\" sizes=\"auto, (max-width: 960px) 100vw, 960px\" \/><\/p>\n<p style=\"text-align: center;\"><span style=\"text-decoration: underline;\"><strong>Comitiva Portuguesa<\/strong><\/span><\/p>\n<p style=\"text-align: center;\"><strong>Team Manager<\/strong> \u2013 Carlos Prata<br \/>\n<strong>Seleccionador Nacional<\/strong> \u2013 Hugo Silva<br \/>\n<strong>Treinador Adjunto<\/strong> \u2013 Filipe Vit\u00f3<br \/>\n<strong>Scouter<\/strong> \u2013 Jo\u00e3o Santos<br \/>\n<strong>M\u00e9dico<\/strong> \u2013 Ricardo Aido<br \/>\n<strong>Fisioterapeuta<\/strong> \u2013 F\u00e1bio Gon\u00e7alves<br \/>\n<strong>Jornalista<\/strong> \u2013 Murilo Augusto (<em>Social Media<\/em> FPV)<\/p>\n<p style=\"text-align: center;\"><span style=\"text-decoration: underline;\"><strong>Convocat\u00f3ria (14 jogadores*)<\/strong><\/span><\/p>\n<p><strong>Miguel Rodrigues<\/strong>\u00a0(Cuprum Lubin\/Pol\u00f3nia) \u2013 Distribuidor<br \/>\n<strong>Tiago Violas<\/strong>\u00a0(SL Benfica) \u2013 Distribuidor<\/p>\n<p><strong>Phelipe Martins<\/strong>\u00a0(Leix\u00f5es SC) \u2013 Central<br \/>\n<strong>Miguel Sinfr\u00f3nio<\/strong>\u00a0(SL Benfica) \u2013 Central<br \/>\n<strong>Filip Cveticanin<\/strong>\u00a0(SC Espinho) \u2013 Central<br \/>\n<strong>Jos\u00e9 Pedro Andrade<\/strong>\u00a0(Esmoriz GC) \u2013 Central<\/p>\n<p><strong>Alexandre Ferreira<\/strong>\u00a0(Seoul Woori Card Wibee VB\/Coreia do Sul) \u2013 Zona 4<br \/>\n<strong>Andr\u00e9 Lopes\u00a0<\/strong>(SL Benfica) \u2013 Zona 4<strong><br \/>\n<\/strong><strong>Louren\u00e7o Martins<\/strong>\u00a0(SAEMS Tourcoing\/Fran\u00e7a) \u2013 Zona 4<br \/>\n<strong>Andr\u00e9 Marques<\/strong>\u00a0(Cast\u00ealo da Maia GC) \u2013 Zona 4<\/p>\n<p><strong>Marco Ferreira<\/strong>\u00a0(Al Jazira SC\/Emirados \u00c1rabes Unidos) \u2013 Oposto<br \/>\n<strong>Hugo Gaspar<\/strong> (SL Benfica) \u2013 Oposto<\/p>\n<p><strong>Gil Meireles<\/strong>\u00a0(Sporting CP) \u2013 Libero<br \/>\n<strong>Ivo Casas<\/strong>\u00a0(SL Benfica) \u2013 Libero<\/p>\n<p><span style=\"font-size: 8pt;\"><strong>*Clubes em 2020\/2021<\/strong><\/span><\/p>\n<p class=\"\" style=\"text-align: center;\"><img loading=\"lazy\" decoding=\"async\" class=\"alignnone size-large wp-image-7544\" src=\"https:\/\/fpvoleibol.pt\/fpv\/wp-content\/uploads\/2021\/07\/ev2021-m-pool-phases-final_d2-729x1024.jpg\" alt=\"\" width=\"729\" height=\"1024\" srcset=\"https:\/\/fpvoleibol.pt\/fpv\/wp-content\/uploads\/2021\/07\/ev2021-m-pool-phases-final_d2-729x1024.jpg 729w, https:\/\/fpvoleibol.pt\/fpv\/wp-content\/uploads\/2021\/07\/ev2021-m-pool-phases-final_d2-213x300.jpg 213w, https:\/\/fpvoleibol.pt\/fpv\/wp-content\/uploads\/2021\/07\/ev2021-m-pool-phases-final_d2-768x1079.jpg 768w, https:\/\/fpvoleibol.pt\/fpv\/wp-content\/uploads\/2021\/07\/ev2021-m-pool-phases-final_d2-1093x1536.jpg 1093w, https:\/\/fpvoleibol.pt\/fpv\/wp-content\/uploads\/2021\/07\/ev2021-m-pool-phases-final_d2-1457x2048.jpg 1457w, https:\/\/fpvoleibol.pt\/fpv\/wp-content\/uploads\/2021\/07\/ev2021-m-pool-phases-final_d2-scaled.jpg 1821w\" sizes=\"auto, (max-width: 729px) 100vw, 729px\" \/><\/p>\n<p>A\u00a0<strong>Pool A<\/strong>, que tem sede na cidade polaca de Crac\u00f3via, <em>cruza<\/em>\u00a0nos oitavos-de-final com a Pool C, a disputar na cidade finlandesa de Tampere, grupo que \u00e9 formado pelas selec\u00e7\u00f5es de Finl\u00e2ndia, R\u00fassia, Holanda, Turquia, Espanha e Maced\u00f3nia.<\/p>\n<p>Para al\u00e9m da Selec\u00e7\u00e3o Nacional, destaque para a presen\u00e7a no EuroVolley 2021 de outro representante do nosso Pa\u00eds, o internacional\u00a0<strong>Ricardo Ferreira<\/strong>, que integra a equipa de arbitragem nomeada para a competi\u00e7\u00e3o (inicialmente na <strong>Pool B<\/strong>, na Rep\u00fablica Checa).<\/p>\n<p>Quanto \u00e0s selec\u00e7\u00f5es, s\u00e3o 24 as que conquistaram o direito de disputar, de 1 a 19 de Setembro, a fase final do Campeonato da Europa de Seniores Masculinos 2021.<br \/>\n\u00c0s 12 selec\u00e7\u00f5es com participa\u00e7\u00e3o previamente assegurada, 4 como organizadores (Est\u00f3nia, Finl\u00e2ndia, Pol\u00f3nia e Rep\u00fablica Checa) e 8 como resultado da classifica\u00e7\u00e3o alcan\u00e7ada na\u00a0<a href=\"https:\/\/eurovolley.cev.eu\/en\/2019\/men\/\">\u00faltima edi\u00e7\u00e3o da competi\u00e7\u00e3o<\/a>\u00a0(S\u00e9rvia, Eslov\u00e9nia, Fran\u00e7a, R\u00fassia, It\u00e1lia, Ucr\u00e2nia, Alemanha e B\u00e9lgica), juntaram-se depois Holanda, Cro\u00e1cia (1.\u00aa e 2.\u00aa classificadas na Pool A), Bulg\u00e1ria (Pool B), Turquia, Maced\u00f3nia (Pool C), Let\u00f3nia, Espanha (Pool D), Eslov\u00e1quia (Pool E), Montenegro, Gr\u00e9cia (Pool F),\u00a0<strong>Portugal<\/strong>\u00a0e Bielorr\u00fassia (Pool G).<\/p>\n<p>Portugal e Bulg\u00e1ria foram as \u00fanicas selec\u00e7\u00f5es que venceram todos os jogos disputados na fase de qualifica\u00e7\u00e3o. Ver mais\u00a0<a href=\"https:\/\/eurovolley.cev.eu\/en\/men-2021\/qualifiers-area\/\">informa\u00e7\u00f5es aqui<\/a><\/p>\n<p>Pela segunda vez na hist\u00f3ria da competi\u00e7\u00e3o, o EuroVolley contar\u00e1 com 24 selec\u00e7\u00f5es participantes.\u00a0Pol\u00f3nia, Rep\u00fablica Checa, Finl\u00e2ndia e Est\u00f3nia encabe\u00e7am as pools que acolhem, respectivamente A, B, C e D.<\/p>\n<p class=\"\"><img loading=\"lazy\" decoding=\"async\" class=\"alignnone size-large wp-image-7547\" src=\"https:\/\/fpvoleibol.pt\/fpv\/wp-content\/uploads\/2021\/07\/ev2021-m-pool-phases-final_d3-987x1024.jpg\" alt=\"\" width=\"987\" height=\"1024\" srcset=\"https:\/\/fpvoleibol.pt\/fpv\/wp-content\/uploads\/2021\/07\/ev2021-m-pool-phases-final_d3-987x1024.jpg 987w, https:\/\/fpvoleibol.pt\/fpv\/wp-content\/uploads\/2021\/07\/ev2021-m-pool-phases-final_d3-289x300.jpg 289w, https:\/\/fpvoleibol.pt\/fpv\/wp-content\/uploads\/2021\/07\/ev2021-m-pool-phases-final_d3-768x796.jpg 768w, https:\/\/fpvoleibol.pt\/fpv\/wp-content\/uploads\/2021\/07\/ev2021-m-pool-phases-final_d3-1481x1536.jpg 1481w, https:\/\/fpvoleibol.pt\/fpv\/wp-content\/uploads\/2021\/07\/ev2021-m-pool-phases-final_d3-1975x2048.jpg 1975w, https:\/\/fpvoleibol.pt\/fpv\/wp-content\/uploads\/2021\/07\/ev2021-m-pool-phases-final_d3.jpg 2000w\" sizes=\"auto, (max-width: 987px) 100vw, 987px\" \/><\/p>\n<p>Nos\u00a0<strong>oitavos-de-final (11 a 13 de Setembro)<\/strong>, os quatro primeiros classificados da Pool A defrontam os quatro primeiros da Pool C (1.\u00ba A x 4.\u00ba C, 2.\u00ba A x 3.\u00ba C, 3.\u00ba A x 2.\u00ba C e 4.\u00ba A x 1.\u00ba C) e os quatro melhores da Pool B enfrentam os da Pool D (1.\u00ba B x 4.\u00ba D, 2.\u00ba B x 3.\u00ba D, 3.\u00ba B x 2.\u00ba D e 4.\u00ba B x 1.\u00ba D).<\/p>\n<p>Os\u00a0<strong>quartos-de-final (14 e 15 de Setembro)<\/strong>\u00a0ser\u00e3o disputados nas cidades de Gdansk (Pol\u00f3nia) e Ostrava (Rep\u00fablica Checa).<\/p>\n<p>A Pol\u00f3nia receber\u00e1 em Katowice as\u00a0<strong>meias-finais (18 de Setembro)<\/strong>\u00a0e o\u00a0<strong>jogo de atribui\u00e7\u00e3o dos 3.\u00ba e 4.\u00ba lugares\u00a0<\/strong>e<strong>\u00a0Final\u00a0<\/strong>do EuroVolley 2021<strong>\u00a0(19 de Setembro)<\/strong>.<\/p>\n<p style=\"text-align: center;\"><span style=\"text-decoration: underline;\">**Participa\u00e7\u00f5es de Portugal na fase final do Campeonato da Europa<\/span>:<\/p>\n<p style=\"text-align: center;\">1948 (It\u00e1lia) \u2013 4.\u00ba lugar (n\u00famero reduzido de equipas por convite)<br \/>\n1951 (Fran\u00e7a) \u2013 7.\u00ba lugar (n\u00famero reduzido de equipas por convite)<br \/>\n2005 (It\u00e1lia\/S\u00e9rvia e Montenegro) \u2013 10.\u00ba lugar<br \/>\n2011 (\u00c1ustria e Rep\u00fablica Checa) \u2013 14.\u00ba lugar<br \/>\n2019 (B\u00e9lgica\/Eslov\u00e9nia\/Fran\u00e7a\/Holanda) \u2013 20.\u00ba lugar<\/p>\n","protected":false},"excerpt":{"rendered":"<p>O jogo de estreia de Portugal no Campeonato da Europa de Seniores Masculinos 2021\u00a0n\u00e3o defraudou as expectativas, ainda que o resultado (1-3: 16-25, 25-22, 16-25 e 19-25) frente \u00e0 Pol\u00f3nia [&hellip;]<\/p>\n","protected":false},"author":2,"featured_media":9141,"comment_status":"open","ping_status":"open","sticky":false,"template":"","format":"standard","meta":{"_monsterinsights_skip_tracking":false,"_monsterinsights_sitenote_active":false,"_monsterinsights_sitenote_note":"","_monsterinsights_sitenote_category":0,"footnotes":""},"categories":[8],"tags":[36],"class_list":{"0":"post-9129","1":"post","2":"type-post","3":"status-publish","4":"format-standard","5":"has-post-thumbnail","7":"category-voleibol","8":"tag-eurovolley2021-seniores-masculinos","9":"czr-hentry"},"aioseo_notices":[],"_links":{"self":[{"href":"https:\/\/fpvoleibol.pt\/fpv\/wp-json\/wp\/v2\/posts\/9129","targetHints":{"allow":["GET"]}}],"collection":[{"href":"https:\/\/fpvoleibol.pt\/fpv\/wp-json\/wp\/v2\/posts"}],"about":[{"href":"https:\/\/fpvoleibol.pt\/fpv\/wp-json\/wp\/v2\/types\/post"}],"author":[{"embeddable":true,"href":"https:\/\/fpvoleibol.pt\/fpv\/wp-json\/wp\/v2\/users\/2"}],"replies":[{"embeddable":true,"href":"https:\/\/fpvoleibol.pt\/fpv\/wp-json\/wp\/v2\/comments?post=9129"}],"version-history":[{"count":16,"href":"https:\/\/fpvoleibol.pt\/fpv\/wp-json\/wp\/v2\/posts\/9129\/revisions"}],"predecessor-version":[{"id":9165,"href":"https:\/\/fpvoleibol.pt\/fpv\/wp-json\/wp\/v2\/posts\/9129\/revisions\/9165"}],"wp:featuredmedia":[{"embeddable":true,"href":"https:\/\/fpvoleibol.pt\/fpv\/wp-json\/wp\/v2\/media\/9141"}],"wp:attachment":[{"href":"https:\/\/fpvoleibol.pt\/fpv\/wp-json\/wp\/v2\/media?parent=9129"}],"wp:term":[{"taxonomy":"category","embeddable":true,"href":"https:\/\/fpvoleibol.pt\/fpv\/wp-json\/wp\/v2\/categories?post=9129"},{"taxonomy":"post_tag","embeddable":true,"href":"https:\/\/fpvoleibol.pt\/fpv\/wp-json\/wp\/v2\/tags?post=9129"}],"curies":[{"name":"wp","href":"https:\/\/api.w.org\/{rel}","templated":true}]}}