{"id":9115,"date":"2021-09-02T14:10:18","date_gmt":"2021-09-02T13:10:18","guid":{"rendered":"https:\/\/fpvoleibol.pt\/fpv\/?p=9115"},"modified":"2021-09-02T14:10:18","modified_gmt":"2021-09-02T13:10:18","slug":"sousa-teixeira-no-europeu-de-sub-18","status":"publish","type":"post","link":"https:\/\/fpvoleibol.pt\/fpv\/2021\/09\/02\/sousa-teixeira-no-europeu-de-sub-18\/","title":{"rendered":"SOUSA\/TEIXEIRA NO EUROPEU DE SUB-18"},"content":{"rendered":"<p><img loading=\"lazy\" decoding=\"async\" class=\"alignnone size-full wp-image-8986\" src=\"https:\/\/fpvoleibol.pt\/fpv\/wp-content\/uploads\/2021\/08\/u18_teixeira_sousa_d.jpg\" alt=\"\" width=\"960\" height=\"757\" srcset=\"https:\/\/fpvoleibol.pt\/fpv\/wp-content\/uploads\/2021\/08\/u18_teixeira_sousa_d.jpg 960w, https:\/\/fpvoleibol.pt\/fpv\/wp-content\/uploads\/2021\/08\/u18_teixeira_sousa_d-300x237.jpg 300w, https:\/\/fpvoleibol.pt\/fpv\/wp-content\/uploads\/2021\/08\/u18_teixeira_sousa_d-768x606.jpg 768w\" sizes=\"auto, (max-width: 960px) 100vw, 960px\" \/><\/p>\n<p>A dupla de Voleibol de Praia portuguesa <strong>Tom\u00e1s Sousa\/Tom\u00e1s Teixeira<\/strong> enfrenta amanh\u00e3 as suas cong\u00e9neres italiana Michael Burgmann\/Raoul Acerbi e b\u00falgara Alexander Tsanev\/Yasen Stanev na Pool D do Quadro Principal do <a href=\"https:\/\/www.cev.eu\/beach\/age-groups\/u18\/men\/\"><strong>Campeonato da Europa de Sub-18<\/strong><\/a> (<em>U18 Beach Volleyball European Championships<\/em>), a decorrer no <a href=\"https:\/\/www.facebook.com\/Ludusbeachpark\/\">Sport Park Ludus Crnuce<\/a> de Ljubljana, capital da Eslov\u00e9nia.<\/p>\n<p>Hoje, no jogo de estreia na competi\u00e7\u00e3o, os portugueses defrontaram os ucranianos Yevhenii Boiko e Vladyslav Omelchuk, tendo perdido por 0-2 (11-21 e 15-21), enquanto os transalpinos triunfaram por 2-0 (21-8 e 21-18) frente aos b\u00falgaros.<\/p>\n<p>A jovem dupla lusitana est\u00e1 na Eslov\u00e9nia acompanhada do treinador <strong>Ricardo Rocha<\/strong>.<\/p>\n<p>Recentemente, a dupla lusitana alcan\u00e7ou o 4.\u00ba lugar no <a href=\"https:\/\/beach.volleyball-verband.de\/public\/tur-sp.php?id=10563\">Torneio de Sub-18 da WEVZA<\/a> (<strong>Associa\u00e7\u00e3o Zonal de Voleibol do Oeste Europeu<\/strong>), organizado pela Federa\u00e7\u00e3o Alem\u00e3 de Voleibol (DVV) em Berlim, capital da Alemanha. mais informa\u00e7\u00f5es em <a href=\"http:\/\/www.wevza.com\">www.wevza.com<\/a><\/p>\n","protected":false},"excerpt":{"rendered":"<p>A dupla de Voleibol de Praia portuguesa Tom\u00e1s Sousa\/Tom\u00e1s Teixeira enfrenta amanh\u00e3 as suas cong\u00e9neres italiana Michael Burgmann\/Raoul Acerbi e b\u00falgara Alexander Tsanev\/Yasen Stanev na Pool D do Quadro Principal [&hellip;]<\/p>\n","protected":false},"author":2,"featured_media":9022,"comment_status":"open","ping_status":"open","sticky":false,"template":"","format":"standard","meta":{"_monsterinsights_skip_tracking":false,"_monsterinsights_sitenote_active":false,"_monsterinsights_sitenote_note":"","_monsterinsights_sitenote_category":0,"footnotes":""},"categories":[11,9],"tags":[],"class_list":{"0":"post-9115","1":"post","2":"type-post","3":"status-publish","4":"format-standard","5":"has-post-thumbnail","7":"category-formacao","8":"category-voleibol-de-praia","9":"czr-hentry"},"aioseo_notices":[],"_links":{"self":[{"href":"https:\/\/fpvoleibol.pt\/fpv\/wp-json\/wp\/v2\/posts\/9115","targetHints":{"allow":["GET"]}}],"collection":[{"href":"https:\/\/fpvoleibol.pt\/fpv\/wp-json\/wp\/v2\/posts"}],"about":[{"href":"https:\/\/fpvoleibol.pt\/fpv\/wp-json\/wp\/v2\/types\/post"}],"author":[{"embeddable":true,"href":"https:\/\/fpvoleibol.pt\/fpv\/wp-json\/wp\/v2\/users\/2"}],"replies":[{"embeddable":true,"href":"https:\/\/fpvoleibol.pt\/fpv\/wp-json\/wp\/v2\/comments?post=9115"}],"version-history":[{"count":11,"href":"https:\/\/fpvoleibol.pt\/fpv\/wp-json\/wp\/v2\/posts\/9115\/revisions"}],"predecessor-version":[{"id":9126,"href":"https:\/\/fpvoleibol.pt\/fpv\/wp-json\/wp\/v2\/posts\/9115\/revisions\/9126"}],"wp:featuredmedia":[{"embeddable":true,"href":"https:\/\/fpvoleibol.pt\/fpv\/wp-json\/wp\/v2\/media\/9022"}],"wp:attachment":[{"href":"https:\/\/fpvoleibol.pt\/fpv\/wp-json\/wp\/v2\/media?parent=9115"}],"wp:term":[{"taxonomy":"category","embeddable":true,"href":"https:\/\/fpvoleibol.pt\/fpv\/wp-json\/wp\/v2\/categories?post=9115"},{"taxonomy":"post_tag","embeddable":true,"href":"https:\/\/fpvoleibol.pt\/fpv\/wp-json\/wp\/v2\/tags?post=9115"}],"curies":[{"name":"wp","href":"https:\/\/api.w.org\/{rel}","templated":true}]}}