{"id":9106,"date":"2021-09-02T10:10:51","date_gmt":"2021-09-02T09:10:51","guid":{"rendered":"https:\/\/fpvoleibol.pt\/fpv\/?p=9106"},"modified":"2021-09-02T10:10:51","modified_gmt":"2021-09-02T09:10:51","slug":"europeu-de-femininos-ao-rubro","status":"publish","type":"post","link":"https:\/\/fpvoleibol.pt\/fpv\/2021\/09\/02\/europeu-de-femininos-ao-rubro\/","title":{"rendered":"EUROPEU DE FEMININOS \u00abAO RUBRO\u00bb"},"content":{"rendered":"<p><img loading=\"lazy\" decoding=\"async\" class=\"size-full wp-image-9110 aligncenter\" src=\"https:\/\/fpvoleibol.pt\/fpv\/wp-content\/uploads\/2021\/09\/italy-russia_euro2021.jpg\" alt=\"\" width=\"960\" height=\"593\" srcset=\"https:\/\/fpvoleibol.pt\/fpv\/wp-content\/uploads\/2021\/09\/italy-russia_euro2021.jpg 960w, https:\/\/fpvoleibol.pt\/fpv\/wp-content\/uploads\/2021\/09\/italy-russia_euro2021-300x185.jpg 300w, https:\/\/fpvoleibol.pt\/fpv\/wp-content\/uploads\/2021\/09\/italy-russia_euro2021-768x474.jpg 768w\" sizes=\"auto, (max-width: 960px) 100vw, 960px\" \/><\/p>\n<p>O <a href=\"https:\/\/eurovolley.cev.eu\/en\/women-2021\/\">Campeonato da Europa de Seniores Femininos<\/a> est\u00e1 numa fase crucial.<br \/>\nAmanh\u00e3, disputam-se as meias-finais na Stark Arena, em Belgrado, capital da S\u00e9rvia.<br \/>\nTurquia x S\u00e9rvia (17h00 locais) e Pa\u00edses Baixos x It\u00e1lia (20h00 locais) s\u00e3o os jogos que d\u00e3o o apuramento para a Final, a disputar no s\u00e1bado.<\/p>\n<p>Ontem, as italianas venceram a R\u00fassia por n\u00fameros pouco usuais a este n\u00edvel (<a href=\"https:\/\/www-old.cev.eu\/Competition-Area\/MatchStatistics.aspx?ID=46424\">3-0: 25-20, 25-8 e 25-15<\/a>), com a transalpina Paola Egonu a cotar-se como a melhor pontuadora, com 15 pontos.<br \/>\nA S\u00e9rvia, campe\u00e3 em t\u00edtulo, venceu (<a href=\"https:\/\/www-old.cev.eu\/Competition-Area\/MatchStatistics.aspx?ID=46423\">3-1: 22-25, 25-18, 25-7 e 25-20<\/a>) a Fran\u00e7a, com destaque para os 27 pontos de Bojana Milenkovic e para as 300 internacionaliza\u00e7\u00f5es cumpridas pela capit\u00e3 s\u00e9rvia, Maja Ognjenovic.<\/p>\n<p>O <a href=\"https:\/\/eurovolley.cev.eu\/en\/women-2021\/\">Campeonato da Europa 2021 &#8211; femininos<\/a>, que decorreu em quatro pa\u00edses \u2013 Bulg\u00e1ria, Cro\u00e1cia, Rom\u00e9nia e S\u00e9rvia \u2013, centra-se agora em Belgrado. Mais informa\u00e7\u00f5es<a href=\"https:\/\/eurovolley.cev.eu\/en\/women-2021\/\"> aqui<\/a><\/p>\n","protected":false},"excerpt":{"rendered":"<p>O Campeonato da Europa de Seniores Femininos est\u00e1 numa fase crucial. Amanh\u00e3, disputam-se as meias-finais na Stark Arena, em Belgrado, capital da S\u00e9rvia. Turquia x S\u00e9rvia (17h00 locais) e Pa\u00edses [&hellip;]<\/p>\n","protected":false},"author":2,"featured_media":9111,"comment_status":"open","ping_status":"open","sticky":false,"template":"","format":"standard","meta":{"_monsterinsights_skip_tracking":false,"_monsterinsights_sitenote_active":false,"_monsterinsights_sitenote_note":"","_monsterinsights_sitenote_category":0,"footnotes":""},"categories":[8],"tags":[35],"class_list":{"0":"post-9106","1":"post","2":"type-post","3":"status-publish","4":"format-standard","5":"has-post-thumbnail","7":"category-voleibol","8":"tag-eurovolley2021-seniores-femininos","9":"czr-hentry"},"aioseo_notices":[],"_links":{"self":[{"href":"https:\/\/fpvoleibol.pt\/fpv\/wp-json\/wp\/v2\/posts\/9106","targetHints":{"allow":["GET"]}}],"collection":[{"href":"https:\/\/fpvoleibol.pt\/fpv\/wp-json\/wp\/v2\/posts"}],"about":[{"href":"https:\/\/fpvoleibol.pt\/fpv\/wp-json\/wp\/v2\/types\/post"}],"author":[{"embeddable":true,"href":"https:\/\/fpvoleibol.pt\/fpv\/wp-json\/wp\/v2\/users\/2"}],"replies":[{"embeddable":true,"href":"https:\/\/fpvoleibol.pt\/fpv\/wp-json\/wp\/v2\/comments?post=9106"}],"version-history":[{"count":4,"href":"https:\/\/fpvoleibol.pt\/fpv\/wp-json\/wp\/v2\/posts\/9106\/revisions"}],"predecessor-version":[{"id":9114,"href":"https:\/\/fpvoleibol.pt\/fpv\/wp-json\/wp\/v2\/posts\/9106\/revisions\/9114"}],"wp:featuredmedia":[{"embeddable":true,"href":"https:\/\/fpvoleibol.pt\/fpv\/wp-json\/wp\/v2\/media\/9111"}],"wp:attachment":[{"href":"https:\/\/fpvoleibol.pt\/fpv\/wp-json\/wp\/v2\/media?parent=9106"}],"wp:term":[{"taxonomy":"category","embeddable":true,"href":"https:\/\/fpvoleibol.pt\/fpv\/wp-json\/wp\/v2\/categories?post=9106"},{"taxonomy":"post_tag","embeddable":true,"href":"https:\/\/fpvoleibol.pt\/fpv\/wp-json\/wp\/v2\/tags?post=9106"}],"curies":[{"name":"wp","href":"https:\/\/api.w.org\/{rel}","templated":true}]}}