{"id":9086,"date":"2021-09-01T17:43:42","date_gmt":"2021-09-01T16:43:42","guid":{"rendered":"https:\/\/fpvoleibol.pt\/fpv\/?p=9086"},"modified":"2021-09-01T17:43:42","modified_gmt":"2021-09-01T16:43:42","slug":"eurovolley-2021-na-sport-tv","status":"publish","type":"post","link":"https:\/\/fpvoleibol.pt\/fpv\/2021\/09\/01\/eurovolley-2021-na-sport-tv\/","title":{"rendered":"EUROVOLLEY 2021 NA SPORT TV"},"content":{"rendered":"<p><img loading=\"lazy\" decoding=\"async\" class=\"size-full wp-image-9087 aligncenter\" src=\"https:\/\/fpvoleibol.pt\/fpv\/wp-content\/uploads\/2021\/09\/teamportugal_cracovia_jogos.jpg\" alt=\"\" width=\"960\" height=\"570\" srcset=\"https:\/\/fpvoleibol.pt\/fpv\/wp-content\/uploads\/2021\/09\/teamportugal_cracovia_jogos.jpg 960w, https:\/\/fpvoleibol.pt\/fpv\/wp-content\/uploads\/2021\/09\/teamportugal_cracovia_jogos-300x178.jpg 300w, https:\/\/fpvoleibol.pt\/fpv\/wp-content\/uploads\/2021\/09\/teamportugal_cracovia_jogos-768x456.jpg 768w\" sizes=\"auto, (max-width: 960px) 100vw, 960px\" \/><\/p>\n<p style=\"text-align: center;\"><strong>Os jogos da Selec\u00e7\u00e3o Nacional de Seniores Masculinos no <a href=\"https:\/\/eurovolley.cev.eu\/en\/men-2021\/\">Europeu 2021<\/a> ser\u00e3o transmitidos em directo na <a href=\"https:\/\/www.sporttv.pt\/pesquisa\/voleibol\/\">Sport TV<\/a>. I<\/strong><strong>nforma\u00e7\u00f5es adicionais no <a href=\"https:\/\/www.facebook.com\/fpvoleibol\">Facebook <\/a>e <a href=\"https:\/\/www.instagram.com\/portugalvoleibol\/\">Instagram da FPV<\/a>\u00a0<\/strong><\/p>\n<p style=\"text-align: center;\"><strong>Calend\u00e1rio da Pool A \u2013 1.\u00aa Fase<\/strong><br \/>\n<strong>(<a href=\"https:\/\/www.tauronarenakrakow.pl\/en\/\">Tauron Arena &#8211; Crac\u00f3via<\/a> \u2013 Pol\u00f3nia\/Hora local)<\/strong><\/p>\n<p style=\"text-align: center;\"><strong>Dia 2 de Setembro<\/strong><br \/>\n14h30 \u2013 Gr\u00e9cia x Ucr\u00e2nia<br \/>\n<strong>17h30<\/strong> \u2013 Pol\u00f3nia x PORTUGAL<br \/>\n20h30 \u2013 B\u00e9lgica x S\u00e9rvia<\/p>\n<p style=\"text-align: center;\"><strong>Dia 3 de Setembro<\/strong><br \/>\n<strong>17h30<\/strong> \u2013 B\u00e9lgica x PORTUGAL<br \/>\n20h30 \u2013 Ucr\u00e2nia x S\u00e9rvia<br \/>\n<strong>Folgam:<\/strong>\u00a0Pol\u00f3nia e Gr\u00e9cia<\/p>\n<p style=\"text-align: center;\"><strong>Dia 4 de Setembro<\/strong><br \/>\n17h30 \u2013B\u00e9lgica x Gr\u00e9cia<br \/>\n20h30 \u2013 S\u00e9rvia x Pol\u00f3nia<br \/>\n<strong>Folgam<\/strong>: Portugal e Ucr\u00e2nia<\/p>\n<p style=\"text-align: center;\"><strong>Dia 5 de Setembro<\/strong><br \/>\n<strong>17h30<\/strong> \u2013 PORTUGAL x Ucr\u00e2nia<br \/>\n20h30 \u2013 Gr\u00e9cia x Pol\u00f3nia<br \/>\n<strong>Folgam<\/strong>: S\u00e9rvia e B\u00e9lgica<\/p>\n<p style=\"text-align: center;\"><strong>Dia 6 de Setembro<\/strong><br \/>\n<strong>17h30<\/strong> \u2013 PORTUGAL x S\u00e9rvia<br \/>\n20h30 \u2013 Pol\u00f3nia x B\u00e9lgica<br \/>\n<strong>Folgam<\/strong>: Ucr\u00e2nia e Gr\u00e9cia<\/p>\n<p style=\"text-align: center;\"><strong>Dia 7 de Setembro<\/strong><br \/>\n17h30 \u2013 S\u00e9rvia x Gr\u00e9cia<br \/>\n20h30 \u2013 Ucr\u00e2nia x B\u00e9lgica<br \/>\n<strong>Folgam<\/strong>: Portugal e Pol\u00f3nia<\/p>\n<p style=\"text-align: center;\"><strong>Dia 8 de Setembro<\/strong><br \/>\n17h30 \u2013 Pol\u00f3nia x Ucr\u00e2nia<br \/>\n<strong>20h30<\/strong> \u2013 Gr\u00e9cia x PORTUGAL<br \/>\n<strong>Folgam<\/strong>: S\u00e9rvia e B\u00e9lgica<\/p>\n<p style=\"text-align: center;\">Os jogos do Europeu 2021 ser\u00e3o transmitidos em directo na\u00a0<a href=\"https:\/\/www.sporttv.pt\/pesquisa\/voleibol\/\">Sport TV<\/a> e no <a href=\"https:\/\/www.eurovolley.tv\/en-int\/page\/home-cev\">EuroVolley.TV (CEV)<\/a><\/p>\n","protected":false},"excerpt":{"rendered":"<p>Os jogos da Selec\u00e7\u00e3o Nacional de Seniores Masculinos no Europeu 2021 ser\u00e3o transmitidos em directo na Sport TV. Informa\u00e7\u00f5es adicionais no Facebook e Instagram da FPV\u00a0 Calend\u00e1rio da Pool A [&hellip;]<\/p>\n","protected":false},"author":2,"featured_media":9088,"comment_status":"open","ping_status":"open","sticky":false,"template":"","format":"standard","meta":{"_monsterinsights_skip_tracking":false,"_monsterinsights_sitenote_active":false,"_monsterinsights_sitenote_note":"","_monsterinsights_sitenote_category":0,"footnotes":""},"categories":[8],"tags":[36],"class_list":{"0":"post-9086","1":"post","2":"type-post","3":"status-publish","4":"format-standard","5":"has-post-thumbnail","7":"category-voleibol","8":"tag-eurovolley2021-seniores-masculinos","9":"czr-hentry"},"aioseo_notices":[],"_links":{"self":[{"href":"https:\/\/fpvoleibol.pt\/fpv\/wp-json\/wp\/v2\/posts\/9086","targetHints":{"allow":["GET"]}}],"collection":[{"href":"https:\/\/fpvoleibol.pt\/fpv\/wp-json\/wp\/v2\/posts"}],"about":[{"href":"https:\/\/fpvoleibol.pt\/fpv\/wp-json\/wp\/v2\/types\/post"}],"author":[{"embeddable":true,"href":"https:\/\/fpvoleibol.pt\/fpv\/wp-json\/wp\/v2\/users\/2"}],"replies":[{"embeddable":true,"href":"https:\/\/fpvoleibol.pt\/fpv\/wp-json\/wp\/v2\/comments?post=9086"}],"version-history":[{"count":6,"href":"https:\/\/fpvoleibol.pt\/fpv\/wp-json\/wp\/v2\/posts\/9086\/revisions"}],"predecessor-version":[{"id":9105,"href":"https:\/\/fpvoleibol.pt\/fpv\/wp-json\/wp\/v2\/posts\/9086\/revisions\/9105"}],"wp:featuredmedia":[{"embeddable":true,"href":"https:\/\/fpvoleibol.pt\/fpv\/wp-json\/wp\/v2\/media\/9088"}],"wp:attachment":[{"href":"https:\/\/fpvoleibol.pt\/fpv\/wp-json\/wp\/v2\/media?parent=9086"}],"wp:term":[{"taxonomy":"category","embeddable":true,"href":"https:\/\/fpvoleibol.pt\/fpv\/wp-json\/wp\/v2\/categories?post=9086"},{"taxonomy":"post_tag","embeddable":true,"href":"https:\/\/fpvoleibol.pt\/fpv\/wp-json\/wp\/v2\/tags?post=9086"}],"curies":[{"name":"wp","href":"https:\/\/api.w.org\/{rel}","templated":true}]}}