{"id":901,"date":"2020-07-26T14:16:20","date_gmt":"2020-07-26T14:16:20","guid":{"rendered":"https:\/\/fpvoleibol.pt\/fpv\/?p=901"},"modified":"2020-07-28T14:17:25","modified_gmt":"2020-07-28T14:17:25","slug":"sebastiao-e-marcus-somam-segunda-vitoria-no-campeonato-lidl","status":"publish","type":"post","link":"https:\/\/fpvoleibol.pt\/fpv\/2020\/07\/26\/sebastiao-e-marcus-somam-segunda-vitoria-no-campeonato-lidl\/","title":{"rendered":"SEBASTI\u00c3O E MARCUS SOMAM SEGUNDA VIT\u00d3RIA NO CAMPEONATO LIDL"},"content":{"rendered":"<p class=\"descricaonoticia\" align=\"center\"><img loading=\"lazy\" decoding=\"async\" src=\"https:\/\/www.fpvoleibol.pt\/noticias\/2020\/imagens\/cnvp_oeiras_pdiomas_d.jpg\" width=\"480\" height=\"320\" border=\"1\" \/><\/p>\n<p class=\"descricaonoticia\"><strong>Sebasti\u00e3o Le\u00e3o\u00a0<\/strong>e<strong>\u00a0Marcus Borlini<\/strong>, l\u00edderes isolados do ranking, somaram a sua segunda vit\u00f3ria consecutiva no\u00a0<strong><span class=\"auto-style1\"><a href=\"https:\/\/www.fpvoleibol.pt\/CNVP2020\/\" target=\"_blank\" rel=\"noopener noreferrer\">Campeonato Lidl<\/a><\/span><\/strong>\u00a0ao derrotarem hoje, por 2-0 (21-17 e 21-16), Ivo Casas e Tiago Violas, jogadores de Voleibol indoor do SL Benfica, na final da 2.\u00aa Etapa, que decorreu no Campo do CV Oeiras.<\/p>\n<p class=\"descricaonoticia\">No terceiro lugar ficou a dupla composta por Francisco Pombeiro e Diego Raposo, que j\u00e1 tinha subido ao p\u00f3dio na etapa inaugural, ao superar (2-0: 21-12 e 22-20) Jos\u00e9 Pedro Andrade e Roberto Reis, este \u00faltimo campe\u00e3o nacional em t\u00edtulo.<\/p>\n<p class=\"descricaonoticia\">Mais detalhes e declara\u00e7\u00f5es na\u00a0<a href=\"https:\/\/www.youtube.com\/watch?v=ZjBMp2IQBPg\" target=\"_blank\" rel=\"noopener noreferrer\">Volei TV<\/a><\/p>\n<p class=\"descricaonoticia\">A 3.\u00aa Etapa do\u00a0<strong><span class=\"auto-style1\"><a href=\"https:\/\/www.fpvoleibol.pt\/CNVP2020\/\" target=\"_blank\" rel=\"noopener noreferrer\">Campeonato Lidl<\/a>\u00a0<\/span><\/strong>est\u00e1 agendada para os dias 31 de Julho a 2 de Agosto, na Praia de Buarcos, na Figueira da Foz.<br \/>\nA 4.\u00aa Etapa ser\u00e1 disputada no Centro de Alto Rendimento de Voleibol de Praia da FPV, em Cortega\u00e7a, de 7 a 9 de Agosto.<\/p>\n<p class=\"descricaonoticia\">Em femininos,\u00a0<strong>Juliana Antunes e T\u00e2nia Oliveira<\/strong>, a\u00a0<a href=\"https:\/\/www.fpvoleibol.pt\/noticias\/2020\/Voleibol_de_Praia_Vencedores_Podios.pdf\" target=\"_blank\" rel=\"noopener noreferrer\">dupla campe\u00e3 nacional em t\u00edtulo<\/a>, imp\u00f4s-se, na\u00a0<a href=\"https:\/\/www.fpvoleibol.pt\/noticias\/2020\/20200723-1680_cnvp.html\" target=\"_blank\" rel=\"noopener noreferrer\">quinta-feira<\/a>, a Mariana Maia\/Gabriela Coelho, antigas internacionais de Indoor e de Voleibol de Praia, pelo resultado m\u00e1ximo (2-0), mas com os parciais de 21-16 e 32-30, um set que teria feito as del\u00edcias de um p\u00fablico entusiasta e conhecedor como aquele que normalmente acompanhava as etapas do Campeonato Nacional de Voleibol de Praia&#8230;<br \/>\nNo terceiro degrau do p\u00f3dio ficou a jovem mas j\u00e1 experiente dupla formada por Matilde Calado\/Mafalda Porto ao vencer (2-0, por les\u00e3o de uma advers\u00e1ria) as irm\u00e3s Margarida e Carolina Maia, que tinham sido segundas classificadas em Cortega\u00e7a.<\/p>\n<p class=\"auto-style3\"><a href=\"https:\/\/www.fpvoleibol.pt\/CNVP2020\/\" target=\"_blank\" rel=\"noopener noreferrer\"><img loading=\"lazy\" decoding=\"async\" class=\"aligncenter\" src=\"https:\/\/www.fpvoleibol.pt\/noticias\/2020\/imagens\/CNVP_Oeiras_Podiumfem_f.jpg\" width=\"480\" height=\"270\" border=\"1\" \/><\/a><\/p>\n<p class=\"descricaonoticia\" align=\"justify\">Todas as etapas do Campeonato Nacional de Voleibol de Praia, organizado pela FPV com o apoio da empresa Lidl Portugal, t\u00eam cobertura televisiva por parte d&#8217;A Bola TV e da Volei TV.<\/p>\n<p class=\"descricaonoticia\" align=\"justify\">Ver Resultados completos\u00a0<a href=\"https:\/\/www.fpvoleibol.pt\/CNVP2020\/\" target=\"_blank\" rel=\"noopener noreferrer\">aqui<\/a>\u00a0e toda a informa\u00e7\u00e3o sobre o\u00a0<a href=\"https:\/\/www.fpvoleibol.pt\/CNVP2020\/\" target=\"_blank\" rel=\"noopener noreferrer\">Campeonato Lidl<\/a>\u00a0<a href=\"https:\/\/www.fpvoleibol.pt\/CNVP2020\/\" target=\"_blank\" rel=\"noopener noreferrer\"><strong>aqui<\/strong><\/a>\u00a0e\u00a0<a href=\"https:\/\/www.lidl.pt\/desporto\/eventos-desportivos2\/voleibol-de-praia-2020-campeonato-lidl\" target=\"_blank\" rel=\"noopener noreferrer\">aqui<\/a><\/p>\n<p class=\"descricaonoticia\" align=\"justify\">Ver\u00a0<span class=\"auto-style1\">lista dos campe\u00f5es nacionais de Voleibol de Praia<\/span>\u00a0<a href=\"https:\/\/www.fpvoleibol.pt\/noticias\/2020\/Voleibol_de_Praia_Vencedores_Podios.pdf\" target=\"_blank\" rel=\"noopener noreferrer\">aqui<\/a><\/p>\n","protected":false},"excerpt":{"rendered":"<p>Sebasti\u00e3o Le\u00e3o\u00a0e\u00a0Marcus Borlini, l\u00edderes isolados do ranking, somaram a sua segunda vit\u00f3ria consecutiva no\u00a0Campeonato Lidl\u00a0ao derrotarem hoje, por 2-0 (21-17 e 21-16), Ivo Casas e Tiago Violas, jogadores de Voleibol [&hellip;]<\/p>\n","protected":false},"author":1,"featured_media":902,"comment_status":"open","ping_status":"open","sticky":false,"template":"","format":"standard","meta":{"_monsterinsights_skip_tracking":false,"_monsterinsights_sitenote_active":false,"_monsterinsights_sitenote_note":"","_monsterinsights_sitenote_category":0,"footnotes":""},"categories":[9],"tags":[],"class_list":{"0":"post-901","1":"post","2":"type-post","3":"status-publish","4":"format-standard","5":"has-post-thumbnail","7":"category-voleibol-de-praia","8":"czr-hentry"},"aioseo_notices":[],"_links":{"self":[{"href":"https:\/\/fpvoleibol.pt\/fpv\/wp-json\/wp\/v2\/posts\/901","targetHints":{"allow":["GET"]}}],"collection":[{"href":"https:\/\/fpvoleibol.pt\/fpv\/wp-json\/wp\/v2\/posts"}],"about":[{"href":"https:\/\/fpvoleibol.pt\/fpv\/wp-json\/wp\/v2\/types\/post"}],"author":[{"embeddable":true,"href":"https:\/\/fpvoleibol.pt\/fpv\/wp-json\/wp\/v2\/users\/1"}],"replies":[{"embeddable":true,"href":"https:\/\/fpvoleibol.pt\/fpv\/wp-json\/wp\/v2\/comments?post=901"}],"version-history":[{"count":1,"href":"https:\/\/fpvoleibol.pt\/fpv\/wp-json\/wp\/v2\/posts\/901\/revisions"}],"predecessor-version":[{"id":903,"href":"https:\/\/fpvoleibol.pt\/fpv\/wp-json\/wp\/v2\/posts\/901\/revisions\/903"}],"wp:featuredmedia":[{"embeddable":true,"href":"https:\/\/fpvoleibol.pt\/fpv\/wp-json\/wp\/v2\/media\/902"}],"wp:attachment":[{"href":"https:\/\/fpvoleibol.pt\/fpv\/wp-json\/wp\/v2\/media?parent=901"}],"wp:term":[{"taxonomy":"category","embeddable":true,"href":"https:\/\/fpvoleibol.pt\/fpv\/wp-json\/wp\/v2\/categories?post=901"},{"taxonomy":"post_tag","embeddable":true,"href":"https:\/\/fpvoleibol.pt\/fpv\/wp-json\/wp\/v2\/tags?post=901"}],"curies":[{"name":"wp","href":"https:\/\/api.w.org\/{rel}","templated":true}]}}