{"id":898,"date":"2020-07-25T14:14:21","date_gmt":"2020-07-25T14:14:21","guid":{"rendered":"https:\/\/fpvoleibol.pt\/fpv\/?p=898"},"modified":"2020-07-28T14:15:32","modified_gmt":"2020-07-28T14:15:32","slug":"cursos-de-delegados-tecnicos","status":"publish","type":"post","link":"https:\/\/fpvoleibol.pt\/fpv\/2020\/07\/25\/cursos-de-delegados-tecnicos\/","title":{"rendered":"CURSOS DE DELEGADOS T\u00c9CNICOS"},"content":{"rendered":"<p class=\"descricaonoticia\" align=\"center\"><img loading=\"lazy\" decoding=\"async\" src=\"https:\/\/www.fpvoleibol.pt\/noticias\/2020\/imagens\/curso_del_d.jpg\" width=\"480\" height=\"312\" border=\"1\" \/><\/p>\n<p class=\"descricaonoticia\" align=\"justify\">O\u00a0<strong>Curso de Forma\u00e7\u00e3o de Delegados T\u00e9cnicos<\/strong>\u00a0da Federa\u00e7\u00e3o Portuguesa de Voleibol (FPV) terminou ontem \u00e0 noite, tendo contado com 31 participantes.<\/p>\n<p class=\"descricaonoticia\" align=\"justify\"><span class=\"auto-style1\">Pedro Barros<\/span>, Presidente do Conselho de Disciplina da FPV, e os assessores jur\u00eddicos\u00a0<span class=\"auto-style1\">Rog\u00e9rio Pedro Oliveira<\/span>\u00a0e\u00a0<span class=\"auto-style1\">Susana Moreira<\/span>\u00a0foram os prelectores e abordaram diversos temas prementes, entre os quais:<br \/>\nAtribui\u00e7\u00f5es do delegado t\u00e9cnico e suas fun\u00e7\u00f5es<br \/>\nRegras oficiais e organiza\u00e7\u00e3o de jogos<br \/>\nRegimento de Provas<br \/>\nRegulamento de Disciplina e infrac\u00e7\u00f5es disciplinares mais comuns<br \/>\nPreven\u00e7\u00e3o da viol\u00eancia no Voleibol<br \/>\nPoliciamento<br \/>\nVicia\u00e7\u00e3o de resultados<br \/>\nApostas desportivas<\/p>\n<p class=\"descricaonoticia\" align=\"justify\">Terminado o Curso de Delegados T\u00e9cnicos promovido pela FPV, os participantes ir\u00e3o realizar uma prova de conhecimentos, agendada para a pr\u00f3xima sexta-feira (31 de Julho).<\/p>\n<p class=\"descricaonoticia\" align=\"justify\">Informa\u00e7\u00f5es adicionais em\u00a0<a href=\"http:\/\/www.fpvoleibol.pt\/cursos\/cursos-2020.php\" target=\"_blank\" rel=\"noopener noreferrer\">www.fpvoleibol.pt\/cursos\/cursos-2020.php<\/a><\/p>\n","protected":false},"excerpt":{"rendered":"<p>O\u00a0Curso de Forma\u00e7\u00e3o de Delegados T\u00e9cnicos\u00a0da Federa\u00e7\u00e3o Portuguesa de Voleibol (FPV) terminou ontem \u00e0 noite, tendo contado com 31 participantes. Pedro Barros, Presidente do Conselho de Disciplina da FPV, e [&hellip;]<\/p>\n","protected":false},"author":1,"featured_media":899,"comment_status":"open","ping_status":"open","sticky":false,"template":"","format":"standard","meta":{"_monsterinsights_skip_tracking":false,"_monsterinsights_sitenote_active":false,"_monsterinsights_sitenote_note":"","_monsterinsights_sitenote_category":0,"footnotes":""},"categories":[11],"tags":[],"class_list":{"0":"post-898","1":"post","2":"type-post","3":"status-publish","4":"format-standard","5":"has-post-thumbnail","7":"category-formacao","8":"czr-hentry"},"aioseo_notices":[],"_links":{"self":[{"href":"https:\/\/fpvoleibol.pt\/fpv\/wp-json\/wp\/v2\/posts\/898","targetHints":{"allow":["GET"]}}],"collection":[{"href":"https:\/\/fpvoleibol.pt\/fpv\/wp-json\/wp\/v2\/posts"}],"about":[{"href":"https:\/\/fpvoleibol.pt\/fpv\/wp-json\/wp\/v2\/types\/post"}],"author":[{"embeddable":true,"href":"https:\/\/fpvoleibol.pt\/fpv\/wp-json\/wp\/v2\/users\/1"}],"replies":[{"embeddable":true,"href":"https:\/\/fpvoleibol.pt\/fpv\/wp-json\/wp\/v2\/comments?post=898"}],"version-history":[{"count":1,"href":"https:\/\/fpvoleibol.pt\/fpv\/wp-json\/wp\/v2\/posts\/898\/revisions"}],"predecessor-version":[{"id":900,"href":"https:\/\/fpvoleibol.pt\/fpv\/wp-json\/wp\/v2\/posts\/898\/revisions\/900"}],"wp:featuredmedia":[{"embeddable":true,"href":"https:\/\/fpvoleibol.pt\/fpv\/wp-json\/wp\/v2\/media\/899"}],"wp:attachment":[{"href":"https:\/\/fpvoleibol.pt\/fpv\/wp-json\/wp\/v2\/media?parent=898"}],"wp:term":[{"taxonomy":"category","embeddable":true,"href":"https:\/\/fpvoleibol.pt\/fpv\/wp-json\/wp\/v2\/categories?post=898"},{"taxonomy":"post_tag","embeddable":true,"href":"https:\/\/fpvoleibol.pt\/fpv\/wp-json\/wp\/v2\/tags?post=898"}],"curies":[{"name":"wp","href":"https:\/\/api.w.org\/{rel}","templated":true}]}}