{"id":895,"date":"2020-07-23T14:12:35","date_gmt":"2020-07-23T14:12:35","guid":{"rendered":"https:\/\/fpvoleibol.pt\/fpv\/?p=895"},"modified":"2020-07-28T14:13:48","modified_gmt":"2020-07-28T14:13:48","slug":"juliana-e-tania-somam-nova-vitoria-no-campeonato-lidl","status":"publish","type":"post","link":"https:\/\/fpvoleibol.pt\/fpv\/2020\/07\/23\/juliana-e-tania-somam-nova-vitoria-no-campeonato-lidl\/","title":{"rendered":"JULIANA E T\u00c2NIA SOMAM NOVA VIT\u00d3RIA NO CAMPEONATO LIDL"},"content":{"rendered":"<p class=\"descricaonoticia\" align=\"center\"><a href=\"https:\/\/www.fpvoleibol.pt\/noticias\/2020\/imagens\/CNVP_Oeiras_Podiumfem.jpg\" target=\"_blank\" rel=\"noopener noreferrer\"><img loading=\"lazy\" decoding=\"async\" src=\"https:\/\/www.fpvoleibol.pt\/noticias\/2020\/imagens\/CNVP_Oeiras_Podiumfem_f.jpg\" width=\"480\" height=\"270\" border=\"1\" \/><\/a><\/p>\n<p class=\"descricaonoticia\" align=\"justify\"><strong>Juliana Antunes e T\u00e2nia Oliveira<\/strong>\u00a0venceram, hoje, no Campo do CV Oeiras, a 2.\u00aa Etapa do\u00a0<strong><span class=\"auto-style1\"><a href=\"https:\/\/www.fpvoleibol.pt\/CNVP2020\/\" target=\"_blank\" rel=\"noopener noreferrer\">Campeonato Lidl<\/a><\/span><\/strong>, repetindo assim o triunfo rubricado, h\u00e1 uma semana, na etapa inaugural da competi\u00e7\u00e3o, disputada no Centro de Alto Rendimento de Voleibol de Praia da FPV, em Cortega\u00e7a.<\/p>\n<p class=\"descricaonoticia\" align=\"justify\">Na final de hoje, arbitrada por Maria Michelle Ferreira e Carlos Silva, a\u00a0<a href=\"https:\/\/www.fpvoleibol.pt\/noticias\/2020\/Voleibol_de_Praia_Vencedores_Podios.pdf\" target=\"_blank\" rel=\"noopener noreferrer\">dupla campe\u00e3 nacional em t\u00edtulo<\/a>\u00a0imp\u00f4s-se, com alguma dificuldade a Mariana Maia\/Gabriela Coelho, antigas internacionais de Indoor e de Voleibol de Praia, pelo resultado m\u00e1ximo (2-0), mas com os parciais de 21-16 e 32-30, um set que teria feito as del\u00edcias de um p\u00fablico entusiasta e conhecedor como aquele que normalmente acompanhava as etapas do Campeonato Nacional de Voleibol de Praia&#8230;<\/p>\n<p class=\"descricaonoticia\" align=\"justify\">&#8220;<em>Sentimos muitas dificuldades em fechar o jogo e isso deveu-se aos problemas que as nossas advers\u00e1rias nos criaram. Temos de lhes dar m\u00e9rito pela forma como se bateram. \u00c9 verdade que o facto de jogarmos juntas h\u00e1 j\u00e1 alguns anos pesa a nosso favor, pois conhecemo-nos muito bem, mas a Gabriela \u00e9 uma jogadora de grande qualidade e com experi\u00eancia, tal como a Mariana, embora ela tenha estado afastada da praia algum tempo<\/em>&#8220;, salientaram as vencedoras.<\/p>\n<p class=\"descricaonoticia\" align=\"justify\">No terceiro degrau do p\u00f3dio ficou a jovem mas j\u00e1 experiente dupla formada por Matilde Calado\/Mafalda Porto ao vencer (2-0, por les\u00e3o de uma advers\u00e1ria) as irm\u00e3s Margarida e Carolina Maia, que tinham sido segundas classificadas em Cortega\u00e7a.<\/p>\n<p class=\"descricaonoticia\" align=\"justify\">Na entrega de pr\u00e9mios marcou presen\u00e7a, para al\u00e9m de\u00a0<strong>Vicente Ara\u00fajo, Presidente da FPV<\/strong>, o\u00a0<strong>Secret\u00e1rio de Estado da Juventude e do Desporto, Jo\u00e3o Paulo Rebelo<\/strong>, que fez quest\u00e3o de assinalar:<br \/>\n&#8220;<em>A minha vinda a esta etapa do Campeonato Nacional tamb\u00e9m foi um bocadinho para simbolicamente marcar a retoma do Desporto que est\u00e1 a haver, de uma forma geral, e que queremos alargar em Agosto \u00e0s modalidades colectivas de pavilh\u00e3o, para irmos retomando paulatinamente o desporto no nosso pa\u00eds<\/em>&#8220;.<\/p>\n<p class=\"descricaonoticia\" align=\"justify\">Relembrando um percurso que come\u00e7ou com &#8220;<em>as modalidades individuais sem contacto f\u00edsico e disputadas ao ar livre<\/em>&#8220;, passando para as modalidades colectivas disputadas ao ar livre, o Secret\u00e1rio de Estado da Juventude e do Desporto mostrou-se confiante que &#8220;<em>na pr\u00f3xima reuni\u00e3o do Conselho de Ministros (30 de Julho) possamos aprovar a resolu\u00e7\u00e3o do Conselho de Ministros que permitir\u00e1 \u00e0s modalidades colectivas de pavilh\u00e3o retomarem as suas competi\u00e7\u00f5es<\/em>&#8220;.<\/p>\n<p class=\"descricaonoticia\" align=\"justify\">Em masculinos, come\u00e7a amanh\u00e3 a 2.\u00aa Etapa do Campeonato Lidl, igualmente no Campo do CV Oeiras, com a realiza\u00e7\u00e3o da fase de qualifica\u00e7\u00e3o para o Quadro Principal.<br \/>\nVencedores da etapa de Cortega\u00e7a, Sebasti\u00e3o Le\u00e3o e Marcus Borlini lideram o ranking e aparecem como os favoritos \u00e0 conquista de novo 1.\u00ba lugar.<br \/>\nOs jovens Filipe Leite e Guilherme Maia \u2013 filho do ex-ol\u00edmpico Miguel Maia \u2013 que constitu\u00edram a dupla-sensa\u00e7\u00e3o da etapa estreia do Campeonato Lidl ao subirem ao segundo degrau do p\u00f3dio, o que os catapultou para uma posi\u00e7\u00e3o de s\u00e9rios candidatos ao ceptro nacional, encimam um lote de potenciais pretendentes aos lugares cimeiros na prova de Oeiras: Francisco Pombeiro\/Diego Raposo, Ivo Casas\/Tiago Violas, Hugo Campos\/Jo\u00e3o Nuno Pedrosa e Dinis Le\u00e3o (irm\u00e3o de Sebasti\u00e3o)\/Tom\u00e1s Guerra.<\/p>\n<p class=\"descricaonoticia\" align=\"justify\">Mais detalhes na\u00a0<a href=\"http:\/\/volei.tv\/\" target=\"_blank\" rel=\"noopener noreferrer\">Volei TV<\/a><\/p>\n<p class=\"auto-style3\"><a href=\"https:\/\/www.fpvoleibol.pt\/CNVP2020\/\" target=\"_blank\" rel=\"noopener noreferrer\"><img loading=\"lazy\" decoding=\"async\" class=\"aligncenter\" src=\"https:\/\/www.fpvoleibol.pt\/noticias\/2020\/imagens\/CNVP_Oeiras_pq.jpg\" width=\"430\" height=\"608\" border=\"1\" \/><\/a><\/p>\n<p class=\"descricaonoticia\" align=\"justify\">Todas as etapas do Campeonato Nacional de Voleibol de Praia, organizado pela FPV com o apoio da empresa Lidl Portugal, t\u00eam cobertura televisiva por parte d&#8217;A Bola TV e da Volei TV.<\/p>\n<p class=\"descricaonoticia\" align=\"justify\">Ver Resultados completos\u00a0<a href=\"https:\/\/www.fpvoleibol.pt\/CNVP2020\/\" target=\"_blank\" rel=\"noopener noreferrer\">aqui<\/a>\u00a0e toda a informa\u00e7\u00e3o sobre o\u00a0<a href=\"https:\/\/www.fpvoleibol.pt\/CNVP2020\/\" target=\"_blank\" rel=\"noopener noreferrer\">Campeonato Lidl<\/a>\u00a0<a href=\"https:\/\/www.fpvoleibol.pt\/CNVP2020\/\" target=\"_blank\" rel=\"noopener noreferrer\"><strong>aqui<\/strong><\/a>\u00a0e\u00a0<a href=\"https:\/\/www.lidl.pt\/desporto\/eventos-desportivos2\/voleibol-de-praia-2020-campeonato-lidl\" target=\"_blank\" rel=\"noopener noreferrer\">aqui<\/a><\/p>\n<p class=\"descricaonoticia\" align=\"justify\">Ver\u00a0<span class=\"auto-style1\">lista dos campe\u00f5es nacionais de Voleibol de Praia<\/span>\u00a0<a href=\"https:\/\/www.fpvoleibol.pt\/noticias\/2020\/Voleibol_de_Praia_Vencedores_Podios.pdf\" target=\"_blank\" rel=\"noopener noreferrer\">aqui<\/a><\/p>\n","protected":false},"excerpt":{"rendered":"<p>Juliana Antunes e T\u00e2nia Oliveira\u00a0venceram, hoje, no Campo do CV Oeiras, a 2.\u00aa Etapa do\u00a0Campeonato Lidl, repetindo assim o triunfo rubricado, h\u00e1 uma semana, na etapa inaugural da competi\u00e7\u00e3o, disputada [&hellip;]<\/p>\n","protected":false},"author":1,"featured_media":896,"comment_status":"open","ping_status":"open","sticky":false,"template":"","format":"standard","meta":{"_monsterinsights_skip_tracking":false,"_monsterinsights_sitenote_active":false,"_monsterinsights_sitenote_note":"","_monsterinsights_sitenote_category":0,"footnotes":""},"categories":[9],"tags":[],"class_list":{"0":"post-895","1":"post","2":"type-post","3":"status-publish","4":"format-standard","5":"has-post-thumbnail","7":"category-voleibol-de-praia","8":"czr-hentry"},"aioseo_notices":[],"_links":{"self":[{"href":"https:\/\/fpvoleibol.pt\/fpv\/wp-json\/wp\/v2\/posts\/895","targetHints":{"allow":["GET"]}}],"collection":[{"href":"https:\/\/fpvoleibol.pt\/fpv\/wp-json\/wp\/v2\/posts"}],"about":[{"href":"https:\/\/fpvoleibol.pt\/fpv\/wp-json\/wp\/v2\/types\/post"}],"author":[{"embeddable":true,"href":"https:\/\/fpvoleibol.pt\/fpv\/wp-json\/wp\/v2\/users\/1"}],"replies":[{"embeddable":true,"href":"https:\/\/fpvoleibol.pt\/fpv\/wp-json\/wp\/v2\/comments?post=895"}],"version-history":[{"count":1,"href":"https:\/\/fpvoleibol.pt\/fpv\/wp-json\/wp\/v2\/posts\/895\/revisions"}],"predecessor-version":[{"id":897,"href":"https:\/\/fpvoleibol.pt\/fpv\/wp-json\/wp\/v2\/posts\/895\/revisions\/897"}],"wp:featuredmedia":[{"embeddable":true,"href":"https:\/\/fpvoleibol.pt\/fpv\/wp-json\/wp\/v2\/media\/896"}],"wp:attachment":[{"href":"https:\/\/fpvoleibol.pt\/fpv\/wp-json\/wp\/v2\/media?parent=895"}],"wp:term":[{"taxonomy":"category","embeddable":true,"href":"https:\/\/fpvoleibol.pt\/fpv\/wp-json\/wp\/v2\/categories?post=895"},{"taxonomy":"post_tag","embeddable":true,"href":"https:\/\/fpvoleibol.pt\/fpv\/wp-json\/wp\/v2\/tags?post=895"}],"curies":[{"name":"wp","href":"https:\/\/api.w.org\/{rel}","templated":true}]}}