{"id":892,"date":"2020-07-23T14:10:44","date_gmt":"2020-07-23T14:10:44","guid":{"rendered":"https:\/\/fpvoleibol.pt\/fpv\/?p=892"},"modified":"2020-07-28T14:12:01","modified_gmt":"2020-07-28T14:12:01","slug":"treinos-de-observacao-para-seleccao-de-sub-17-masculinos","status":"publish","type":"post","link":"https:\/\/fpvoleibol.pt\/fpv\/2020\/07\/23\/treinos-de-observacao-para-seleccao-de-sub-17-masculinos\/","title":{"rendered":"TREINOS DE OBSERVA\u00c7\u00c3O PARA SELEC\u00c7\u00c3O DE SUB-17 MASCULINOS"},"content":{"rendered":"<p class=\"descricaonoticia\" align=\"center\"><img loading=\"lazy\" decoding=\"async\" class=\"auto-style1\" src=\"https:\/\/www.fpvoleibol.pt\/noticias\/2020\/imagens\/portugalxletonia.jpg\" width=\"480\" height=\"270\" border=\"1\" \/><\/p>\n<p class=\"auto-style2\" align=\"justify\">Tendo em vista a participa\u00e7\u00e3o da\u00a0<strong>Selec\u00e7\u00e3o Nacional de Sub-17 Masculinos<\/strong>\u00a0no\u00a0<span class=\"auto-style7\">Torneio da WEVZA<\/span>, a disputar em Janeiro de 2021, a equipa t\u00e9cnica liderada por\u00a0<strong>Nuno Pereira<\/strong>\u00a0ir\u00e1 realizar treinos de observa\u00e7\u00e3o de atletas nascidos em 2005 e 2006.<\/p>\n<p class=\"auto-style2\" align=\"justify\">As sess\u00f5es de observa\u00e7\u00e3o ser\u00e3o realizadas na Escola Secund\u00e1ria Carolina Michaelis, no Porto, em dois momentos distintos e com dois grupos diferentes.<\/p>\n<p class=\"descricaonoticia\" align=\"justify\"><strong><span class=\"auto-style7\">Grupo 1<\/span><br \/>\nDe 3 a 7 de Agosto (9h00 \u00e0s 13h00)<\/strong><\/p>\n<p class=\"auto-style2\" align=\"justify\"><strong>AA Espinho<\/strong><br \/>\nAndr\u00e9 Santos<br \/>\nJorge Marques<\/p>\n<p class=\"auto-style2\" align=\"justify\"><strong>AA S. Mamede<\/strong><br \/>\nGuilherme Leal<\/p>\n<p class=\"auto-style2\" align=\"justify\"><strong>Ala Nun&#8217;\u00c1lvares de Gondomar<\/strong><br \/>\nMiguel Morais Pereira<\/p>\n<p class=\"auto-style2\" align=\"justify\"><strong>CA Madalena<\/strong><br \/>\nGon\u00e7alo Ferreira<\/p>\n<p class=\"auto-style2\" align=\"justify\"><strong>CV Oeiras<\/strong><br \/>\nDiogo Fevereiro<br \/>\nDuarte Abecasis<\/p>\n<p class=\"auto-style2\" align=\"justify\"><strong>Esmoriz GC<\/strong><br \/>\nGustavo Cruz Sousa<br \/>\nNuno Carvalho<\/p>\n<p class=\"auto-style2\" align=\"justify\"><strong>Esc. Sec. Latino Coelho<\/strong><br \/>\nGuilherme Gon\u00e7alves<br \/>\nNuno Melo<br \/>\nRafael Esperan\u00e7o<\/p>\n<p class=\"auto-style2\" align=\"justify\"><strong>Leix\u00f5es SC<\/strong><br \/>\nManuel Catarino<\/p>\n<p class=\"auto-style2\" align=\"justify\"><strong>SC Espinho<\/strong><br \/>\nAnt\u00f3nio Vieira<br \/>\nFrancisco Mendes<br \/>\nLeonardo Pereira<br \/>\nMiguel Pedrosa<\/p>\n<p class=\"auto-style2\" align=\"justify\"><strong>VC Viana<\/strong><br \/>\nJo\u00e3o Oliveira<br \/>\nJo\u00e3o Salgueiro<br \/>\nJos\u00e9 Rafael Oliveira<\/p>\n<p class=\"descricaonoticia\" align=\"justify\"><strong><span class=\"auto-style7\">Grupo 2<\/span><br \/>\nDe 10 a 14 de Agosto (9h00 \u00e0s 13h00)<\/strong><\/p>\n<p class=\"auto-style2\" align=\"justify\"><strong>AA Espinho<\/strong><br \/>\nBruno Pinto<br \/>\nCarlos Ramos<br \/>\nRodrigo Silva<\/p>\n<p class=\"auto-style2\" align=\"justify\"><strong>AA S. Mamede<\/strong><br \/>\nDavid Fernandes<br \/>\nGon\u00e7alo Ribeiro<br \/>\nGuilherme Torres Ferreira<\/p>\n<p class=\"auto-style2\" align=\"justify\"><strong>Ala Nun&#8217;\u00c1lvares de Gondomar<\/strong><br \/>\nPedro Gomes<\/p>\n<p class=\"auto-style2\" align=\"justify\"><strong>CA Madalena<\/strong><br \/>\nBruno Costa<br \/>\nJo\u00e3o Pinheiro<br \/>\nEsmoriz GC<br \/>\nLouren\u00e7o Fernandes<\/p>\n<p class=\"auto-style2\" align=\"justify\"><strong>Esc. Sec. Latino Coelho<\/strong><br \/>\nAndr\u00e9 Melo<br \/>\nDuarte Teixeira<br \/>\nLu\u00eds Quaresma<br \/>\nTom\u00e1s L\u00e1zaro<\/p>\n<p class=\"auto-style2\" align=\"justify\">L<strong>eix\u00f5es SC<\/strong><br \/>\nJo\u00e3o J\u00fanior<\/p>\n<p class=\"auto-style2\" align=\"justify\"><strong>SC Espinho<\/strong><br \/>\nDiogo Brand\u00e3o<br \/>\nDiogo Couto<br \/>\nGuilherme Jardim<br \/>\nGustavo Domingues<br \/>\nTom\u00e1s Domingues<\/p>\n<p class=\"auto-style2\" align=\"justify\"><span class=\"auto-style7\"><strong>NOTA<\/strong><\/span>: A equipa t\u00e9cnica ir\u00e1 continuar a desenvolver o seu processo de identifica\u00e7\u00e3o e selec\u00e7\u00e3o de atletas durante a \u00e9poca desportiva, os quais poder\u00e3o ser oportunamente chamados para observa\u00e7\u00e3o.<\/p>\n<p class=\"descricaonoticia\"><a href=\"http:\/\/www.wevza.com\/\" target=\"_blank\" rel=\"noopener noreferrer\"><img loading=\"lazy\" decoding=\"async\" class=\"aligncenter\" src=\"https:\/\/www.fpvoleibol.pt\/noticias\/2017\/imagens\/WEVZA.jpg\" width=\"480\" height=\"270\" border=\"1\" \/><\/a><\/p>\n<p class=\"auto-style2\" align=\"justify\">A\u00a0<strong>Associa\u00e7\u00e3o Zonal de Voleibol do Oeste Europeu<\/strong>\u00a0(Western European Volleyball Zonal Association), mais conhecida pela sigla WEVZA, que foi constitu\u00edda no dia 26 de Setembro de 2013, integra oito pa\u00edses \u2013 Portugal, Espanha, Alemanha, B\u00e9lgica, It\u00e1lia, Holanda, Fran\u00e7a e Su\u00ed\u00e7a \u2013 e tem actualmente como Presidente o portugu\u00eas Vicente Ara\u00fajo, Presidente da FPV, e como Vice-Presidentes o belga Willy Bruninx e o franc\u00eas Eric Tanguy.<\/p>\n<p class=\"auto-style2\" align=\"justify\">O objectivo primordial desta associa\u00e7\u00e3o zonal \u00e9 fortalecer e fomentar a organiza\u00e7\u00e3o de actividades desportivas, tanto de Voleibol como de Voleibol de Praia, com especial \u00eanfase nas categorias de forma\u00e7\u00e3o.<\/p>\n<p class=\"auto-style2\" align=\"justify\">A Confedera\u00e7\u00e3o Europeia de Voleibol (CEV) conta com seis associa\u00e7\u00f5es zonais: a WEVZA (Europa Ocidental), a BVA (Balc\u00e3s), a EEVZA (Europa de Leste), a MEVZA (Europa Central), a NEVZA (Europa do Norte) e ainda a SCD (Divis\u00e3o dos Pequenos Pa\u00edses), da qual fazem parte Andorra, Chipre, Ilhas Faro\u00e9, Gibraltar, Gronel\u00e2ndia, Isl\u00e2ndia, Irlanda, Liechtenstein, Luxemburgo, Malta, M\u00f3naco, Irlanda do Norte, San Marino, Esc\u00f3cia e Pa\u00eds de Gales.<\/p>\n<p class=\"auto-style2\" align=\"justify\">Mais informa\u00e7\u00f5es:\u00a0<a href=\"http:\/\/wevza.com\/\" target=\"_blank\" rel=\"noopener noreferrer\">www.wevza.com<\/a>\u00a0\/\u00a0\u00a0<a href=\"http:\/\/www.cev.lu\/\" target=\"_blank\" rel=\"noopener noreferrer\">www.cev.lu<\/a><\/p>\n","protected":false},"excerpt":{"rendered":"<p>Tendo em vista a participa\u00e7\u00e3o da\u00a0Selec\u00e7\u00e3o Nacional de Sub-17 Masculinos\u00a0no\u00a0Torneio da WEVZA, a disputar em Janeiro de 2021, a equipa t\u00e9cnica liderada por\u00a0Nuno Pereira\u00a0ir\u00e1 realizar treinos de observa\u00e7\u00e3o de atletas [&hellip;]<\/p>\n","protected":false},"author":1,"featured_media":893,"comment_status":"open","ping_status":"open","sticky":false,"template":"","format":"standard","meta":{"_monsterinsights_skip_tracking":false,"_monsterinsights_sitenote_active":false,"_monsterinsights_sitenote_note":"","_monsterinsights_sitenote_category":0,"footnotes":""},"categories":[8],"tags":[],"class_list":{"0":"post-892","1":"post","2":"type-post","3":"status-publish","4":"format-standard","5":"has-post-thumbnail","7":"category-voleibol","8":"czr-hentry"},"aioseo_notices":[],"_links":{"self":[{"href":"https:\/\/fpvoleibol.pt\/fpv\/wp-json\/wp\/v2\/posts\/892","targetHints":{"allow":["GET"]}}],"collection":[{"href":"https:\/\/fpvoleibol.pt\/fpv\/wp-json\/wp\/v2\/posts"}],"about":[{"href":"https:\/\/fpvoleibol.pt\/fpv\/wp-json\/wp\/v2\/types\/post"}],"author":[{"embeddable":true,"href":"https:\/\/fpvoleibol.pt\/fpv\/wp-json\/wp\/v2\/users\/1"}],"replies":[{"embeddable":true,"href":"https:\/\/fpvoleibol.pt\/fpv\/wp-json\/wp\/v2\/comments?post=892"}],"version-history":[{"count":1,"href":"https:\/\/fpvoleibol.pt\/fpv\/wp-json\/wp\/v2\/posts\/892\/revisions"}],"predecessor-version":[{"id":894,"href":"https:\/\/fpvoleibol.pt\/fpv\/wp-json\/wp\/v2\/posts\/892\/revisions\/894"}],"wp:featuredmedia":[{"embeddable":true,"href":"https:\/\/fpvoleibol.pt\/fpv\/wp-json\/wp\/v2\/media\/893"}],"wp:attachment":[{"href":"https:\/\/fpvoleibol.pt\/fpv\/wp-json\/wp\/v2\/media?parent=892"}],"wp:term":[{"taxonomy":"category","embeddable":true,"href":"https:\/\/fpvoleibol.pt\/fpv\/wp-json\/wp\/v2\/categories?post=892"},{"taxonomy":"post_tag","embeddable":true,"href":"https:\/\/fpvoleibol.pt\/fpv\/wp-json\/wp\/v2\/tags?post=892"}],"curies":[{"name":"wp","href":"https:\/\/api.w.org\/{rel}","templated":true}]}}