{"id":886,"date":"2020-07-20T14:07:21","date_gmt":"2020-07-20T14:07:21","guid":{"rendered":"https:\/\/fpvoleibol.pt\/fpv\/?p=886"},"modified":"2020-07-28T14:08:49","modified_gmt":"2020-07-28T14:08:49","slug":"sorteios-dos-campeonatos-nacionais-no-dia-27-de-julho","status":"publish","type":"post","link":"https:\/\/fpvoleibol.pt\/fpv\/2020\/07\/20\/sorteios-dos-campeonatos-nacionais-no-dia-27-de-julho\/","title":{"rendered":"SORTEIOS DOS CAMPEONATOS NACIONAIS NO DIA 27 DE JULHO"},"content":{"rendered":"<p class=\"descricaonoticia\" align=\"center\"><img loading=\"lazy\" decoding=\"async\" src=\"https:\/\/www.fpvoleibol.pt\/noticias\/2020\/imagens\/FPV2.jpg\" width=\"480\" height=\"270\" border=\"1\" \/><\/p>\n<p class=\"descricaonoticia\" align=\"justify\">Os\u00a0<strong>sorteios<\/strong><span class=\"auto-style1\">\u00a0<\/span>das primeiras fases dos\u00a0<span class=\"auto-style1\">Campeonatos Nacionais da I Divis\u00e3o de seniores masculinos e femininos<\/span>, referentes \u00e0 \u00e9poca de 2020\/2021, realizam-se no dia\u00a0<strong>27 de Julho (segunda-feira<\/strong>), a partir das 18h30, por videoconfer\u00eancia, atrav\u00e9s da plataforma Zoom.<\/p>\n","protected":false},"excerpt":{"rendered":"<p>Os\u00a0sorteios\u00a0das primeiras fases dos\u00a0Campeonatos Nacionais da I Divis\u00e3o de seniores masculinos e femininos, referentes \u00e0 \u00e9poca de 2020\/2021, realizam-se no dia\u00a027 de Julho (segunda-feira), a partir das 18h30, por videoconfer\u00eancia, [&hellip;]<\/p>\n","protected":false},"author":1,"featured_media":734,"comment_status":"open","ping_status":"open","sticky":false,"template":"","format":"standard","meta":{"_monsterinsights_skip_tracking":false,"_monsterinsights_sitenote_active":false,"_monsterinsights_sitenote_note":"","_monsterinsights_sitenote_category":0,"footnotes":""},"categories":[8],"tags":[],"class_list":{"0":"post-886","1":"post","2":"type-post","3":"status-publish","4":"format-standard","5":"has-post-thumbnail","7":"category-voleibol","8":"czr-hentry"},"aioseo_notices":[],"_links":{"self":[{"href":"https:\/\/fpvoleibol.pt\/fpv\/wp-json\/wp\/v2\/posts\/886","targetHints":{"allow":["GET"]}}],"collection":[{"href":"https:\/\/fpvoleibol.pt\/fpv\/wp-json\/wp\/v2\/posts"}],"about":[{"href":"https:\/\/fpvoleibol.pt\/fpv\/wp-json\/wp\/v2\/types\/post"}],"author":[{"embeddable":true,"href":"https:\/\/fpvoleibol.pt\/fpv\/wp-json\/wp\/v2\/users\/1"}],"replies":[{"embeddable":true,"href":"https:\/\/fpvoleibol.pt\/fpv\/wp-json\/wp\/v2\/comments?post=886"}],"version-history":[{"count":1,"href":"https:\/\/fpvoleibol.pt\/fpv\/wp-json\/wp\/v2\/posts\/886\/revisions"}],"predecessor-version":[{"id":887,"href":"https:\/\/fpvoleibol.pt\/fpv\/wp-json\/wp\/v2\/posts\/886\/revisions\/887"}],"wp:featuredmedia":[{"embeddable":true,"href":"https:\/\/fpvoleibol.pt\/fpv\/wp-json\/wp\/v2\/media\/734"}],"wp:attachment":[{"href":"https:\/\/fpvoleibol.pt\/fpv\/wp-json\/wp\/v2\/media?parent=886"}],"wp:term":[{"taxonomy":"category","embeddable":true,"href":"https:\/\/fpvoleibol.pt\/fpv\/wp-json\/wp\/v2\/categories?post=886"},{"taxonomy":"post_tag","embeddable":true,"href":"https:\/\/fpvoleibol.pt\/fpv\/wp-json\/wp\/v2\/tags?post=886"}],"curies":[{"name":"wp","href":"https:\/\/api.w.org\/{rel}","templated":true}]}}