{"id":883,"date":"2020-07-20T14:05:22","date_gmt":"2020-07-20T14:05:22","guid":{"rendered":"https:\/\/fpvoleibol.pt\/fpv\/?p=883"},"modified":"2020-07-28T14:06:25","modified_gmt":"2020-07-28T14:06:25","slug":"desporto-deve-ser-incluido-nos-planos-de-recuperacao","status":"publish","type":"post","link":"https:\/\/fpvoleibol.pt\/fpv\/2020\/07\/20\/desporto-deve-ser-incluido-nos-planos-de-recuperacao\/","title":{"rendered":"DESPORTO DEVE SER INCLU\u00cdDO NOS PLANOS DE RECUPERA\u00c7\u00c3O"},"content":{"rendered":"<p class=\"descricaonoticia\" align=\"center\"><img loading=\"lazy\" decoding=\"async\" src=\"https:\/\/www.fpvoleibol.pt\/noticias\/2020\/imagens\/ONU_f.jpg\" width=\"480\" height=\"270\" border=\"1\" \/><\/p>\n<p class=\"descricaonoticia\" align=\"justify\">Portugal integra o grupo de 118 pa\u00edses membros da Organiza\u00e7\u00e3o das Na\u00e7\u00f5es Unidas (ONU) que solicitaram aos respectivos governos que &#8220;<em>incluam o desporto e a actividade f\u00edsica nos planos de recupera\u00e7\u00e3o<\/em>&#8221; p\u00f3s-pandemia de Covid-19 e que &#8220;a<em>s estrat\u00e9gias nacionais para um desenvolvimento sustent\u00e1vel n\u00e3o deixem de fora o desporto<\/em>&#8220;, anunciou hoje o\u00a0<a href=\"https:\/\/comiteolimpicoportugal.pt\/\" target=\"_blank\" rel=\"noopener noreferrer\">Comit\u00e9 Ol\u00edmpico de Portugal (COP)<\/a>.<\/p>\n<p class=\"descricaonoticia\" align=\"justify\">Numa declara\u00e7\u00e3o conjunta, os 118 pa\u00edses destacam &#8220;<em>a contribui\u00e7\u00e3o do desporto e da actividade f\u00edsica na promo\u00e7\u00e3o de \u00e1reas como a educa\u00e7\u00e3o, desenvolvimento sustent\u00e1vel, paz, coopera\u00e7\u00e3o, solidariedade, inclus\u00e3o social e sa\u00fade<\/em>&#8220;.<\/p>\n<p class=\"descricaonoticia\" align=\"justify\">O reagendamento de competi\u00e7\u00f5es desportivas, como os Jogos Ol\u00edmpicos em T\u00f3quio, s\u00e3o, segundo a declara\u00e7\u00e3o das Na\u00e7\u00f5es Unidas, &#8220;<em>um s\u00edmbolo de unidade e solidariedade no momento de recupera\u00e7\u00e3o da pandemia<\/em>&#8220;.<\/p>\n<p class=\"descricaonoticia\" align=\"justify\">Mais informa\u00e7\u00f5es\u00a0<a href=\"https:\/\/comiteolimpicoportugal.pt\/nacoes-unidas-pedem-que-desporto-seja-incluido-nos-planos-de-recuperacao\/\" target=\"_blank\" rel=\"noopener noreferrer\">aqui<\/a><\/p>\n","protected":false},"excerpt":{"rendered":"<p>Portugal integra o grupo de 118 pa\u00edses membros da Organiza\u00e7\u00e3o das Na\u00e7\u00f5es Unidas (ONU) que solicitaram aos respectivos governos que &#8220;incluam o desporto e a actividade f\u00edsica nos planos de [&hellip;]<\/p>\n","protected":false},"author":1,"featured_media":884,"comment_status":"open","ping_status":"open","sticky":false,"template":"","format":"standard","meta":{"_monsterinsights_skip_tracking":false,"_monsterinsights_sitenote_active":false,"_monsterinsights_sitenote_note":"","_monsterinsights_sitenote_category":0,"footnotes":""},"categories":[15,14],"tags":[],"class_list":{"0":"post-883","1":"post","2":"type-post","3":"status-publish","4":"format-standard","5":"has-post-thumbnail","7":"category-diversos","8":"category-institucional","9":"czr-hentry"},"aioseo_notices":[],"_links":{"self":[{"href":"https:\/\/fpvoleibol.pt\/fpv\/wp-json\/wp\/v2\/posts\/883","targetHints":{"allow":["GET"]}}],"collection":[{"href":"https:\/\/fpvoleibol.pt\/fpv\/wp-json\/wp\/v2\/posts"}],"about":[{"href":"https:\/\/fpvoleibol.pt\/fpv\/wp-json\/wp\/v2\/types\/post"}],"author":[{"embeddable":true,"href":"https:\/\/fpvoleibol.pt\/fpv\/wp-json\/wp\/v2\/users\/1"}],"replies":[{"embeddable":true,"href":"https:\/\/fpvoleibol.pt\/fpv\/wp-json\/wp\/v2\/comments?post=883"}],"version-history":[{"count":1,"href":"https:\/\/fpvoleibol.pt\/fpv\/wp-json\/wp\/v2\/posts\/883\/revisions"}],"predecessor-version":[{"id":885,"href":"https:\/\/fpvoleibol.pt\/fpv\/wp-json\/wp\/v2\/posts\/883\/revisions\/885"}],"wp:featuredmedia":[{"embeddable":true,"href":"https:\/\/fpvoleibol.pt\/fpv\/wp-json\/wp\/v2\/media\/884"}],"wp:attachment":[{"href":"https:\/\/fpvoleibol.pt\/fpv\/wp-json\/wp\/v2\/media?parent=883"}],"wp:term":[{"taxonomy":"category","embeddable":true,"href":"https:\/\/fpvoleibol.pt\/fpv\/wp-json\/wp\/v2\/categories?post=883"},{"taxonomy":"post_tag","embeddable":true,"href":"https:\/\/fpvoleibol.pt\/fpv\/wp-json\/wp\/v2\/tags?post=883"}],"curies":[{"name":"wp","href":"https:\/\/api.w.org\/{rel}","templated":true}]}}