{"id":877,"date":"2020-07-19T13:59:30","date_gmt":"2020-07-19T13:59:30","guid":{"rendered":"https:\/\/fpvoleibol.pt\/fpv\/?p=877"},"modified":"2020-07-28T14:00:51","modified_gmt":"2020-07-28T14:00:51","slug":"juliana-tania-e-sebastiao-marcus-vitoriosos-no-carvp-de-cortegaca","status":"publish","type":"post","link":"https:\/\/fpvoleibol.pt\/fpv\/2020\/07\/19\/juliana-tania-e-sebastiao-marcus-vitoriosos-no-carvp-de-cortegaca\/","title":{"rendered":"JULIANA\/T\u00c2NIA E SEBASTI\u00c3O\/MARCUS VITORIOSOS NO CARVP DE CORTEGA\u00c7A"},"content":{"rendered":"<p class=\"descricaonoticia\" align=\"center\"><a href=\"https:\/\/www.fpvoleibol.pt\/CNVP2020\/\" target=\"_blank\" rel=\"noopener noreferrer\"><img loading=\"lazy\" decoding=\"async\" src=\"https:\/\/www.fpvoleibol.pt\/noticias\/2020\/imagens\/cnvp_corte_podiofem_d1.jpg\" width=\"480\" height=\"328\" border=\"1\" \/><\/a><\/p>\n<p class=\"descricaonoticia\" align=\"justify\">As duplas de Voleibol de Praia Juliana Antunes\/T\u00e2nia Oliveira e Sebasti\u00e3o Le\u00e3o\/Marcus Borlini venceram, hoje, a etapa inaugural do\u00a0<strong><span class=\"auto-style1\"><a href=\"https:\/\/www.fpvoleibol.pt\/CNVP2020\/\" target=\"_blank\" rel=\"noopener noreferrer\">Campeonato Lidl<\/a><\/span><\/strong>, no Centro de Alto Rendimento de Voleibol de Praia da Federa\u00e7\u00e3o Portuguesa de Voleibol (FPV), localizado em Cortega\u00e7a, Ovar.<\/p>\n<p class=\"descricaonoticia\" align=\"justify\">Na Final de femininos, Juliana Antunes\/T\u00e2nia Oliveira, a dupla\u00a0<a href=\"https:\/\/www.fpvoleibol.pt\/noticias\/2020\/Voleibol_de_Praia_Vencedores_Podios.pdf\" target=\"_blank\" rel=\"noopener noreferrer\">campe\u00e3 nacional em t\u00edtulo<\/a>, imp\u00f4s-se (2-0: 21-9 e 21-18) a Margarida Maia\/Carolina Maia.<\/p>\n<p class=\"descricaonoticia\" align=\"justify\">No terceiro degrau do p\u00f3dio ficou a dupla formada por antigas internacionais de Indoor e de Voleibol de Praia Mariana Maia\/Gabriela Coelho, que superou Beatriz Pinheiro e In\u00eas Castro, jovens apoiadas pela FPV, por 2-0 (21-15 e 21-18).<\/p>\n<p class=\"auto-style3\"><a href=\"https:\/\/www.fpvoleibol.pt\/CNVP2020\/\" target=\"_blank\" rel=\"noopener noreferrer\"><img loading=\"lazy\" decoding=\"async\" class=\"aligncenter\" src=\"https:\/\/www.fpvoleibol.pt\/noticias\/2020\/imagens\/cnvp_corte_podiomas_d2.jpg\" width=\"480\" height=\"320\" border=\"1\" \/><\/a><\/p>\n<p class=\"descricaonoticia\" align=\"justify\">Na Final de masculinos, Sebasti\u00e3o Le\u00e3o e Marcus Borlini levaram a melhor (2-0: 21-16 e 23-21) sobre a surpreendente dupla Filipe Leite\/Guilherme Maia, refor\u00e7ando a sua posi\u00e7\u00e3o de l\u00edderes no ranking.<\/p>\n<p class=\"descricaonoticia\" align=\"justify\">No jogo de atribui\u00e7\u00e3o do 3.\u00ba e do 4.\u00ba lugar, Francisco Pombeiro e Diego Raposo superaram (2-1: 18-21, 21-19 e 15-9) a dupla dos jogadores benfiquistas Ivo Casas e Tiago Violas.<\/p>\n<p class=\"descricaonoticia\" align=\"justify\">Mais detalhes na\u00a0<a href=\"http:\/\/volei.tv\/\" target=\"_blank\" rel=\"noopener noreferrer\">Volei TV<\/a><\/p>\n<p class=\"auto-style3\"><a href=\"https:\/\/www.fpvoleibol.pt\/CNVP2020\/\" target=\"_blank\" rel=\"noopener noreferrer\"><img loading=\"lazy\" decoding=\"async\" class=\"aligncenter\" src=\"https:\/\/www.fpvoleibol.pt\/noticias\/2020\/imagens\/CNVP_Oeiras_pq.jpg\" width=\"430\" height=\"608\" border=\"1\" \/><\/a><\/p>\n<p class=\"descricaonoticia\" align=\"justify\">A 2.\u00aa Etapa do Campeonato Lidl decorrer\u00e1 no Campo do CV Oeiras, repartindo-se pelos dias 21 a 23 de Julho (femininos) e 24 a 26 de Julho (masculinos).<\/p>\n<p class=\"descricaonoticia\" align=\"justify\">Todas as etapas do Campeonato Nacional de Voleibol de Praia, organizado pela FPV com o apoio da empresa Lidl Portugal, t\u00eam cobertura televisiva por parte d&#8217;A Bola TV e da Volei TV.<\/p>\n<p class=\"descricaonoticia\" align=\"justify\">Ver Resultados completos\u00a0<a href=\"https:\/\/www.fpvoleibol.pt\/CNVP2020\/\" target=\"_blank\" rel=\"noopener noreferrer\">aqui<\/a>\u00a0e toda a informa\u00e7\u00e3o sobre o\u00a0<a href=\"https:\/\/www.fpvoleibol.pt\/CNVP2020\/\" target=\"_blank\" rel=\"noopener noreferrer\">Campeonato Lidl<\/a>\u00a0<a href=\"https:\/\/www.fpvoleibol.pt\/CNVP2020\/\" target=\"_blank\" rel=\"noopener noreferrer\"><strong>aqui<\/strong><\/a>\u00a0e\u00a0<a href=\"https:\/\/www.lidl.pt\/desporto\/eventos-desportivos2\/voleibol-de-praia-2020-campeonato-lidl\" target=\"_blank\" rel=\"noopener noreferrer\">aqui<\/a><\/p>\n<p class=\"descricaonoticia\" align=\"justify\">Ver\u00a0<span class=\"auto-style1\">lista dos campe\u00f5es nacionais de Voleibol de Praia<\/span>\u00a0<a href=\"https:\/\/www.fpvoleibol.pt\/noticias\/2020\/Voleibol_de_Praia_Vencedores_Podios.pdf\" target=\"_blank\" rel=\"noopener noreferrer\">aqui<\/a><\/p>\n","protected":false},"excerpt":{"rendered":"<p>As duplas de Voleibol de Praia Juliana Antunes\/T\u00e2nia Oliveira e Sebasti\u00e3o Le\u00e3o\/Marcus Borlini venceram, hoje, a etapa inaugural do\u00a0Campeonato Lidl, no Centro de Alto Rendimento de Voleibol de Praia da [&hellip;]<\/p>\n","protected":false},"author":1,"featured_media":878,"comment_status":"open","ping_status":"open","sticky":false,"template":"","format":"standard","meta":{"_monsterinsights_skip_tracking":false,"_monsterinsights_sitenote_active":false,"_monsterinsights_sitenote_note":"","_monsterinsights_sitenote_category":0,"footnotes":""},"categories":[9],"tags":[],"class_list":{"0":"post-877","1":"post","2":"type-post","3":"status-publish","4":"format-standard","5":"has-post-thumbnail","7":"category-voleibol-de-praia","8":"czr-hentry"},"aioseo_notices":[],"_links":{"self":[{"href":"https:\/\/fpvoleibol.pt\/fpv\/wp-json\/wp\/v2\/posts\/877","targetHints":{"allow":["GET"]}}],"collection":[{"href":"https:\/\/fpvoleibol.pt\/fpv\/wp-json\/wp\/v2\/posts"}],"about":[{"href":"https:\/\/fpvoleibol.pt\/fpv\/wp-json\/wp\/v2\/types\/post"}],"author":[{"embeddable":true,"href":"https:\/\/fpvoleibol.pt\/fpv\/wp-json\/wp\/v2\/users\/1"}],"replies":[{"embeddable":true,"href":"https:\/\/fpvoleibol.pt\/fpv\/wp-json\/wp\/v2\/comments?post=877"}],"version-history":[{"count":1,"href":"https:\/\/fpvoleibol.pt\/fpv\/wp-json\/wp\/v2\/posts\/877\/revisions"}],"predecessor-version":[{"id":879,"href":"https:\/\/fpvoleibol.pt\/fpv\/wp-json\/wp\/v2\/posts\/877\/revisions\/879"}],"wp:featuredmedia":[{"embeddable":true,"href":"https:\/\/fpvoleibol.pt\/fpv\/wp-json\/wp\/v2\/media\/878"}],"wp:attachment":[{"href":"https:\/\/fpvoleibol.pt\/fpv\/wp-json\/wp\/v2\/media?parent=877"}],"wp:term":[{"taxonomy":"category","embeddable":true,"href":"https:\/\/fpvoleibol.pt\/fpv\/wp-json\/wp\/v2\/categories?post=877"},{"taxonomy":"post_tag","embeddable":true,"href":"https:\/\/fpvoleibol.pt\/fpv\/wp-json\/wp\/v2\/tags?post=877"}],"curies":[{"name":"wp","href":"https:\/\/api.w.org\/{rel}","templated":true}]}}