{"id":874,"date":"2020-07-18T13:58:15","date_gmt":"2020-07-18T13:58:15","guid":{"rendered":"https:\/\/fpvoleibol.pt\/fpv\/?p=874"},"modified":"2020-07-28T13:59:16","modified_gmt":"2020-07-28T13:59:16","slug":"campeonato-lidl-com-etapa-inaugural-muito-competitiva","status":"publish","type":"post","link":"https:\/\/fpvoleibol.pt\/fpv\/2020\/07\/18\/campeonato-lidl-com-etapa-inaugural-muito-competitiva\/","title":{"rendered":"CAMPEONATO LIDL COM ETAPA INAUGURAL MUITO COMPETITIVA"},"content":{"rendered":"<p class=\"descricaonoticia\" align=\"center\"><a href=\"https:\/\/www.fpvoleibol.pt\/CNVP2020\/\" target=\"_blank\" rel=\"noopener noreferrer\"><img loading=\"lazy\" decoding=\"async\" src=\"https:\/\/www.fpvoleibol.pt\/noticias\/2020\/imagens\/cnvp_corte_d1.jpg\" width=\"480\" height=\"284\" border=\"1\" \/><\/a><\/p>\n<p class=\"descricaonoticia\" align=\"justify\">O\u00a0<strong><span class=\"auto-style1\"><a href=\"https:\/\/www.fpvoleibol.pt\/CNVP2020\/\" target=\"_blank\" rel=\"noopener noreferrer\">Campeonato Lidl 2020<\/a><\/span><\/strong>\u00a0come\u00e7ou condicionado pelo novo coronav\u00edrus mas s<em>ob bons ausp\u00edcios<\/em>\u00a0no que respeita \u00e0 competitividade, com jovens duplas a ganharem o seu lugar ao Sol, enquanto afastavam atletas e duplas bem mais experientes e\/ou melhor posicionadas no ranking de pontos.<\/p>\n<p class=\"descricaonoticia\" align=\"justify\">Em femininos, Juliana Antunes\/T\u00e2nia Oliveira, a dupla campe\u00e3 nacional em t\u00edtulo, e Margarida Maia\/Carolina Maia est\u00e3o j\u00e1 nas meias-finais da etapa inaugural do\u00a0<strong><span class=\"auto-style1\"><a href=\"https:\/\/www.fpvoleibol.pt\/CNVP2020\/\" target=\"_blank\" rel=\"noopener noreferrer\">Campeonato Lidl<\/a><\/span><\/strong>, a decorrer nas areias do Centro de Alto Rendimento de Voleibol de Praia da FPV, em Cortega\u00e7a.<\/p>\n<p class=\"descricaonoticia\" align=\"justify\">As campe\u00e3s nacionais de Voleibol de Praia v\u00e3o defrontar, nas meias-finais (agendadas para as 11h00), a dupla vencedora do jogo Mariana Maia\/Gabriela Coelho x Matilde Calado\/Mafalda Porto, esta \u00faltima quarta classificada em 2019, enquanto Margarida e Carolina Maia enfrentam a dupla que ir\u00e1 sair do pr\u00e9lio (9h00) entre Rita Rodrigues\/In\u00eas Pereira e Beatriz Pinheiro\/In\u00eas Castro, duas jovens promissoras apoiadas pela FPV.<br \/>\nO jogo de atribui\u00e7\u00e3o do 3.\u00ba e do 4.\u00ba lugar est\u00e1 agendado para as 14h30 e a Final para as 16h30.<\/p>\n<p class=\"descricaonoticia\" align=\"justify\">Em masculinos, o campe\u00e3o em t\u00edtulo, Roberto Reis, agora a formar dupla com o jovem Jos\u00e9 Pedro Andrade, quedou-se pelo 9.\u00ba lugar nesta etapa inaugural, o que diz bem da for\u00e7a das duplas em competi\u00e7\u00e3o.<br \/>\nNas meias-finais de amanh\u00e3, agendadas para as 12h00, Sebasti\u00e3o Le\u00e3o e Marcus Borlini, os primeiros do Ranking, defrontam os vencedores do jogo (10h00) entre Hugo Campos\/Jo\u00e3o Nuno Pedrosa, jovem dupla apoiada pela FPV, e Ivo Casas\/Tiago Violas, enquanto Filipe Leite e Guilherme Maia enfrentar\u00e3o, igualmente pelas 10h00, a dupla vencedora do jogo Dinis Le\u00e3o\/Tom\u00e1s Guerra x Francisco Pombeiro\/Diego Raposo. Estes \u00faltimos afastaram do p\u00f3dio Janu\u00e1rio Silva e Fabr\u00edcio Barros, campe\u00f5es em 2013 e vice-campe\u00f5es em 2011, 2012, 2015 e 2018.<br \/>\nO jogo de atribui\u00e7\u00e3o do 3.\u00ba e do 4.\u00ba lugar est\u00e1 agendado para as 15h30 e a Final para as 17h30.<\/p>\n<p class=\"descricaonoticia\" align=\"justify\">Todos os jogos a realizar no campo principal ter\u00e3o transmiss\u00e3o na Volei TV e as finais de masculinos e de femininos ser\u00e3o transmitidas igualmente n&#8217;A Bola TV.<br \/>\nVer Calend\u00e1rio dos jogos\u00a0<a href=\"https:\/\/www.fpvoleibol.pt\/CNVP2020\/\" target=\"_blank\" rel=\"noopener noreferrer\">aqui<\/a><\/p>\n<p class=\"descricaonoticia\" align=\"justify\">O Campeonato Nacional de Voleibol de Praia \u00e9 organizado pela FPV, com o apoio da empresa Lidl Portugal, e as etapas t\u00eam cobertura televisiva por parte d&#8217;A Bola TV e da Volei TV. Informa\u00e7\u00f5es adicionais\u00a0<a href=\"https:\/\/www.fpvoleibol.pt\/noticias\/2020\/20200714-1671_cnvp.html\" target=\"_blank\" rel=\"noopener noreferrer\">aqui<\/a><\/p>\n<p class=\"auto-style3\"><a href=\"https:\/\/www.fpvoleibol.pt\/noticias\/2020\/imagens\/cnvp_2020_cortegaca_gd.jpg\" target=\"_blank\" rel=\"noopener noreferrer\"><img loading=\"lazy\" decoding=\"async\" class=\"aligncenter\" src=\"https:\/\/www.fpvoleibol.pt\/noticias\/2020\/imagens\/cnvp_corte_d.jpg\" width=\"430\" height=\"425\" border=\"1\" \/><\/a><\/p>\n<p class=\"descricaonoticia\" align=\"justify\">Toda a informa\u00e7\u00e3o sobre o\u00a0<a href=\"https:\/\/www.fpvoleibol.pt\/CNVP2020\/\" target=\"_blank\" rel=\"noopener noreferrer\">Campeonato Lidl<\/a>\u00a0<a href=\"https:\/\/www.fpvoleibol.pt\/CNVP2020\/\" target=\"_blank\" rel=\"noopener noreferrer\"><strong>aqui<\/strong><\/a>\u00a0e\u00a0<a href=\"https:\/\/www.lidl.pt\/desporto\/eventos-desportivos2\/voleibol-de-praia-2020-campeonato-lidl\" target=\"_blank\" rel=\"noopener noreferrer\">aqui<\/a><\/p>\n<p class=\"descricaonoticia\" align=\"justify\">Ver\u00a0<span class=\"auto-style1\">lista dos campe\u00f5es nacionais de Voleibol de Praia<\/span>\u00a0<a href=\"https:\/\/www.fpvoleibol.pt\/noticias\/2020\/Voleibol_de_Praia_Vencedores_Podios.pdf\" target=\"_blank\" rel=\"noopener noreferrer\">aqui<\/a><\/p>\n","protected":false},"excerpt":{"rendered":"<p>O\u00a0Campeonato Lidl 2020\u00a0come\u00e7ou condicionado pelo novo coronav\u00edrus mas sob bons ausp\u00edcios\u00a0no que respeita \u00e0 competitividade, com jovens duplas a ganharem o seu lugar ao Sol, enquanto afastavam atletas e duplas [&hellip;]<\/p>\n","protected":false},"author":1,"featured_media":875,"comment_status":"open","ping_status":"open","sticky":false,"template":"","format":"standard","meta":{"_monsterinsights_skip_tracking":false,"_monsterinsights_sitenote_active":false,"_monsterinsights_sitenote_note":"","_monsterinsights_sitenote_category":0,"footnotes":""},"categories":[9],"tags":[],"class_list":{"0":"post-874","1":"post","2":"type-post","3":"status-publish","4":"format-standard","5":"has-post-thumbnail","7":"category-voleibol-de-praia","8":"czr-hentry"},"aioseo_notices":[],"_links":{"self":[{"href":"https:\/\/fpvoleibol.pt\/fpv\/wp-json\/wp\/v2\/posts\/874","targetHints":{"allow":["GET"]}}],"collection":[{"href":"https:\/\/fpvoleibol.pt\/fpv\/wp-json\/wp\/v2\/posts"}],"about":[{"href":"https:\/\/fpvoleibol.pt\/fpv\/wp-json\/wp\/v2\/types\/post"}],"author":[{"embeddable":true,"href":"https:\/\/fpvoleibol.pt\/fpv\/wp-json\/wp\/v2\/users\/1"}],"replies":[{"embeddable":true,"href":"https:\/\/fpvoleibol.pt\/fpv\/wp-json\/wp\/v2\/comments?post=874"}],"version-history":[{"count":1,"href":"https:\/\/fpvoleibol.pt\/fpv\/wp-json\/wp\/v2\/posts\/874\/revisions"}],"predecessor-version":[{"id":876,"href":"https:\/\/fpvoleibol.pt\/fpv\/wp-json\/wp\/v2\/posts\/874\/revisions\/876"}],"wp:featuredmedia":[{"embeddable":true,"href":"https:\/\/fpvoleibol.pt\/fpv\/wp-json\/wp\/v2\/media\/875"}],"wp:attachment":[{"href":"https:\/\/fpvoleibol.pt\/fpv\/wp-json\/wp\/v2\/media?parent=874"}],"wp:term":[{"taxonomy":"category","embeddable":true,"href":"https:\/\/fpvoleibol.pt\/fpv\/wp-json\/wp\/v2\/categories?post=874"},{"taxonomy":"post_tag","embeddable":true,"href":"https:\/\/fpvoleibol.pt\/fpv\/wp-json\/wp\/v2\/tags?post=874"}],"curies":[{"name":"wp","href":"https:\/\/api.w.org\/{rel}","templated":true}]}}