{"id":870,"date":"2020-07-17T13:55:30","date_gmt":"2020-07-17T13:55:30","guid":{"rendered":"https:\/\/fpvoleibol.pt\/fpv\/?p=870"},"modified":"2020-07-28T13:57:31","modified_gmt":"2020-07-28T13:57:31","slug":"juliana-tania-valorizar-o-facto-de-podermos-voltar-a-praticar-a-melhor-modalidade-do-mundo","status":"publish","type":"post","link":"https:\/\/fpvoleibol.pt\/fpv\/2020\/07\/17\/juliana-tania-valorizar-o-facto-de-podermos-voltar-a-praticar-a-melhor-modalidade-do-mundo\/","title":{"rendered":"JULIANA\/T\u00c2NIA: &#8220;VALORIZAR O FACTO DE PODERMOS VOLTAR A PRATICAR A MELHOR MODALIDADE DO MUNDO&#8221;"},"content":{"rendered":"<p class=\"descricaonoticia\" align=\"center\"><a href=\"https:\/\/www.fpvoleibol.pt\/CNVP2020\/\" target=\"_blank\" rel=\"noopener noreferrer\"><img loading=\"lazy\" decoding=\"async\" src=\"https:\/\/www.fpvoleibol.pt\/noticias\/2020\/imagens\/ju_d3.jpg\" width=\"430\" height=\"460\" border=\"1\" \/><\/a><\/p>\n<p class=\"descricaonoticia\" align=\"justify\">O\u00a0<strong><span class=\"auto-style1\"><a href=\"https:\/\/www.fpvoleibol.pt\/CNVP2020\/\" target=\"_blank\" rel=\"noopener noreferrer\">Campeonato Lidl 2020<\/a><\/span><\/strong>\u00a0arranca hoje no Centro de Alto Rendimento de Voleibol de Praia da Federa\u00e7\u00e3o Portuguesa de Voleibol (FPV), localizado em Cortega\u00e7a (Ovar).<\/p>\n<p class=\"descricaonoticia\" align=\"justify\">Em femininos,<strong>\u00a0<\/strong>as\u00a0<em>rainhas<\/em>\u00a0<strong>Juliana Antunes e T\u00e2nia Oliveira\u00a0<\/strong>defendem o t\u00edtulo, depois de terem sa\u00eddo vitoriosas nas edi\u00e7\u00f5es da prova em 2015, 2016, 2017 e 2019 (Juliana venceu ainda em 2008, 2010 e 2011).<\/p>\n<p class=\"descricaonoticia\" align=\"justify\">A dupla, que entra amanh\u00e3 em ac\u00e7\u00e3o na persegui\u00e7\u00e3o ao \u00abpenta\u00bb, tem uma vontade enorme de competir, mas confessa:<br \/>\n&#8220;<em>Encaramos o regresso \u00e0 competi\u00e7\u00e3o com alguma ansiedade e cautela. Estamos felizes por podermos voltar a competir depois de tanto tempo de paragem mas tamb\u00e9m temos os nossos receios em rela\u00e7\u00e3o \u00e0 situa\u00e7\u00e3o que estamos todos a passar. Vamos ter que seguir muitas regras de seguran\u00e7a e vamos ter que nos adaptar pelo bem de todos. A vontade \u00e9 muita mas estamos conscientes de que a qualquer momento a situa\u00e7\u00e3o se pode alterar.<br \/>\nA prepara\u00e7\u00e3o n\u00e3o tem sido a ideal, mas a melhor poss\u00edvel mediante as condi\u00e7\u00f5es. N\u00e3o t\u00ednhamos autoriza\u00e7\u00e3o para treinar nas praias e embora estiv\u00e9ssemos a treinar em casa, e a manter os cuidados necess\u00e1rios, o contacto com a bola at\u00e9 ao in\u00edcio deste campeonato foi pouco<\/em>&#8220;.<\/p>\n<p class=\"descricaonoticia\" align=\"justify\">Sobre a (re)conquista do trof\u00e9u, Juliana e T\u00e2nia querem revalidar o t\u00edtulo, mas consideram que o mais importante \u00e9 poderem voltar a praticar Voleibol de Praia:<br \/>\n&#8220;<em>Temos confian\u00e7a sobretudo na liga\u00e7\u00e3o que temos como dupla e no facto de neste per\u00edodo nos termos mantido sempre fisicamente ativas e a seguir todos os cuidados necess\u00e1rios. Estamos a trabalhar o melhor que conseguimos num curto espa\u00e7o de tempo para tentarmos chegar \u00e0 melhor forma poss\u00edvel, sabendo que \u00e0 partida ser\u00e1 um processo muito diferente dos anos anteriores. Esperamos que isso seja suficiente para revalidarmos o t\u00edtulo. Seja como for, o mais importante \u00e9 podermos fazer o que mais gostamos e consigamos sair desta situa\u00e7\u00e3o saud\u00e1veis e em seguran\u00e7a.<br \/>\nEstamos conscientes de que o p\u00fablico far\u00e1 muito falta ao espect\u00e1culo, mas esperamos que em breve seja poss\u00edvel voltar \u00e0 normalidad<\/em>e&#8221;.<\/p>\n<p class=\"descricaonoticia\" align=\"justify\">Aos participantes e intervenientes no\u00a0<strong><span class=\"auto-style1\"><a href=\"https:\/\/www.fpvoleibol.pt\/CNVP2020\/\" target=\"_blank\" rel=\"noopener noreferrer\">Campeonato Lidl<\/a><\/span><\/strong>, a experiente dupla aconselha:<br \/>\n&#8220;Acima de tudo, que sigam as regras de seguran\u00e7a para o bem de todos, e em segundo, apesar de ser um campeonato at\u00edpico, que se divirtam, se elevem, que sejam saudavelmente competitivos, que retirem o melhor que se pode retirar de cada situa\u00e7\u00e3o, jogo ou ac\u00e7\u00e3o. Que fa\u00e7am sempre o melhor que puderem com os recursos que t\u00eam. Que valorizem o facto de podermos voltar a competir e praticar a melhor modalidade do mundo&#8221;.<\/p>\n<p class=\"descricaonoticia\" align=\"justify\">O Campeonato Nacional de Voleibol de Praia \u00e9 organizado pela FPV, com o apoio da empresa Lidl Portugal, e as etapas t\u00eam cobertura televisiva por parte d&#8217;A Bola TV e da Volei TV. Informa\u00e7\u00f5es adicionais\u00a0<a href=\"https:\/\/www.fpvoleibol.pt\/noticias\/2020\/20200714-1671_cnvp.html\" target=\"_blank\" rel=\"noopener noreferrer\">aqui<\/a><\/p>\n<p class=\"auto-style3\"><a href=\"https:\/\/www.fpvoleibol.pt\/noticias\/2020\/imagens\/cnvp_2020_cortegaca_gd.jpg\" target=\"_blank\" rel=\"noopener noreferrer\"><img loading=\"lazy\" decoding=\"async\" class=\"aligncenter\" src=\"https:\/\/www.fpvoleibol.pt\/noticias\/2020\/imagens\/cnvp_2020_cortegaca_pq.jpg\" width=\"430\" height=\"608\" border=\"1\" \/><\/a><\/p>\n<p class=\"descricaonoticia\" align=\"justify\">Em masculinos, arranca hoje a<a href=\"https:\/\/www.fpvoleibol.pt\/CNVP2020\/duplas\/etapa_1\/resultados_masc_Q.htm\" target=\"_blank\" rel=\"noopener noreferrer\">\u00a0fase de qualifica\u00e7\u00e3o<\/a>.<br \/>\nSem a presen\u00e7a conjunta dos actuais campe\u00f5es nacionais, Fabr\u00edcio \u00abKibinho\u00bb Silva e Roberto Reis (forma agora equipa com Jos\u00e9 Pedro Andrade), as duplas Janu\u00e1rio Silva\/Fabricio Barros, campe\u00f5es em 2013 e vice-campe\u00f5es em 2011, 2012, 2015 e 2018, Sebasti\u00e3o Le\u00e3o\/ Marcus Oliveira, nesta altura os mais bem classificados no ranking, e Hugo Campos\/Jo\u00e3o Nuno Pedrosa, jovens que integram o projecto da FPV de Voleibol de Praia a tempo inteiro, vencedores do Torneio Sub-21 da WEVZA, 4.\u00bas classificados no Torneio de Berlim e 17.\u00ba classificados no Europeu de Sub-18, aparecem,\u00a0<em>a priori,<\/em>\u00a0como os mais fortes candidatos \u00e0 vit\u00f3ria nesta etapa inaugural do\u00a0<strong><span class=\"auto-style1\"><a href=\"https:\/\/www.fpvoleibol.pt\/CNVP2020\/\" target=\"_blank\" rel=\"noopener noreferrer\">Campeonato Lidl<\/a><\/span><\/strong>.<\/p>\n<p class=\"descricaonoticia\" align=\"justify\">\u00a0Toda a informa\u00e7\u00e3o sobre o\u00a0<a href=\"https:\/\/www.fpvoleibol.pt\/CNVP2020\/\" target=\"_blank\" rel=\"noopener noreferrer\">Campeonato Lidl<\/a>\u00a0<a href=\"https:\/\/www.fpvoleibol.pt\/CNVP2020\/\" target=\"_blank\" rel=\"noopener noreferrer\"><strong>aqui<\/strong><\/a>\u00a0e\u00a0<a href=\"https:\/\/www.lidl.pt\/desporto\/eventos-desportivos2\/voleibol-de-praia-2020-campeonato-lidl\" target=\"_blank\" rel=\"noopener noreferrer\">aqui<\/a><\/p>\n<p class=\"descricaonoticia\" align=\"justify\">Ver\u00a0<span class=\"auto-style1\">lista dos campe\u00f5es nacionais de Voleibol de Praia<\/span>\u00a0<a href=\"https:\/\/www.fpvoleibol.pt\/noticias\/2020\/Voleibol_de_Praia_Vencedores_Podios.pdf\" target=\"_blank\" rel=\"noopener noreferrer\">aqui<\/a><\/p>\n","protected":false},"excerpt":{"rendered":"<p>O\u00a0Campeonato Lidl 2020\u00a0arranca hoje no Centro de Alto Rendimento de Voleibol de Praia da Federa\u00e7\u00e3o Portuguesa de Voleibol (FPV), localizado em Cortega\u00e7a (Ovar). Em femininos,\u00a0as\u00a0rainhas\u00a0Juliana Antunes e T\u00e2nia Oliveira\u00a0defendem o [&hellip;]<\/p>\n","protected":false},"author":1,"featured_media":871,"comment_status":"open","ping_status":"open","sticky":false,"template":"","format":"standard","meta":{"_monsterinsights_skip_tracking":false,"_monsterinsights_sitenote_active":false,"_monsterinsights_sitenote_note":"","_monsterinsights_sitenote_category":0,"footnotes":""},"categories":[9],"tags":[],"class_list":{"0":"post-870","1":"post","2":"type-post","3":"status-publish","4":"format-standard","5":"has-post-thumbnail","7":"category-voleibol-de-praia","8":"czr-hentry"},"aioseo_notices":[],"_links":{"self":[{"href":"https:\/\/fpvoleibol.pt\/fpv\/wp-json\/wp\/v2\/posts\/870","targetHints":{"allow":["GET"]}}],"collection":[{"href":"https:\/\/fpvoleibol.pt\/fpv\/wp-json\/wp\/v2\/posts"}],"about":[{"href":"https:\/\/fpvoleibol.pt\/fpv\/wp-json\/wp\/v2\/types\/post"}],"author":[{"embeddable":true,"href":"https:\/\/fpvoleibol.pt\/fpv\/wp-json\/wp\/v2\/users\/1"}],"replies":[{"embeddable":true,"href":"https:\/\/fpvoleibol.pt\/fpv\/wp-json\/wp\/v2\/comments?post=870"}],"version-history":[{"count":1,"href":"https:\/\/fpvoleibol.pt\/fpv\/wp-json\/wp\/v2\/posts\/870\/revisions"}],"predecessor-version":[{"id":872,"href":"https:\/\/fpvoleibol.pt\/fpv\/wp-json\/wp\/v2\/posts\/870\/revisions\/872"}],"wp:featuredmedia":[{"embeddable":true,"href":"https:\/\/fpvoleibol.pt\/fpv\/wp-json\/wp\/v2\/media\/871"}],"wp:attachment":[{"href":"https:\/\/fpvoleibol.pt\/fpv\/wp-json\/wp\/v2\/media?parent=870"}],"wp:term":[{"taxonomy":"category","embeddable":true,"href":"https:\/\/fpvoleibol.pt\/fpv\/wp-json\/wp\/v2\/categories?post=870"},{"taxonomy":"post_tag","embeddable":true,"href":"https:\/\/fpvoleibol.pt\/fpv\/wp-json\/wp\/v2\/tags?post=870"}],"curies":[{"name":"wp","href":"https:\/\/api.w.org\/{rel}","templated":true}]}}