{"id":868,"date":"2020-07-14T13:54:28","date_gmt":"2020-07-14T13:54:28","guid":{"rendered":"https:\/\/fpvoleibol.pt\/fpv\/?p=868"},"modified":"2020-07-28T13:55:23","modified_gmt":"2020-07-28T13:55:23","slug":"voleibol-de-praia-de-alto-rendimento-so-no-campeonato-lidl","status":"publish","type":"post","link":"https:\/\/fpvoleibol.pt\/fpv\/2020\/07\/14\/voleibol-de-praia-de-alto-rendimento-so-no-campeonato-lidl\/","title":{"rendered":"VOLEIBOL DE PRAIA DE ALTO RENDIMENTO S\u00d3 NO CAMPEONATO LIDL!"},"content":{"rendered":"<p class=\"descricaonoticia\" align=\"center\"><a href=\"https:\/\/www.fpvoleibol.pt\/noticias\/2020\/imagens\/cnvp_2020_cortegaca_gd.jpg\" target=\"_blank\" rel=\"noopener noreferrer\"><img loading=\"lazy\" decoding=\"async\" src=\"https:\/\/www.fpvoleibol.pt\/noticias\/2020\/imagens\/cnvp_2020_cortegaca_pq.jpg\" width=\"430\" height=\"608\" border=\"1\" \/><\/a><\/p>\n<p class=\"descricaonoticia\" align=\"justify\">O\u00a0<strong><span class=\"auto-style1\"><a href=\"https:\/\/www.fpvoleibol.pt\/CNVP2020\/\" target=\"_blank\" rel=\"noopener noreferrer\">Campeonato Lidl 2020<\/a><\/span><\/strong>\u00a0est\u00e1 em contagem decrescente. \u00c9 j\u00e1 esta sexta-feira que o Campeonato Nacional de Voleibol de Praia arranca em Cortega\u00e7a (Ovar), mais concretamente no Centro de Alto Rendimento de Voleibol de Praia da Federa\u00e7\u00e3o Portuguesa de Voleibol (FPV), entidade organizadora da competi\u00e7\u00e3o, com o apoio da empresa Lidl Portugal.<br \/>\nOs jogos ter\u00e3o cobertura televisiva por parte d&#8217; A Bola TV e da Volei TV.<\/p>\n<p class=\"descricaonoticia\" align=\"justify\">Em femininos, Juliana Antunes e T\u00e2nia Oliveira procuram o pentacampeonato como dupla, depois de terem sa\u00eddo vitoriosas nas edi\u00e7\u00f5es da prova em 2015, 2016, 2017 e 2019 (Juliana venceu ainda em 2008, 2010 e 2011), mas ter\u00e3o de contar a concorr\u00eancia de jovens duplas ambiciosas, como a formada por Beatriz Pinheiro e In\u00eas Castro, jovens que integram o projecto da FPV de Voleibol de Praia a tempo inteiro.<br \/>\nEm 2019, Beatriz foi vice-campe\u00e3 (com Vanessa Paquete), mas a dupla tem um curr\u00edculo que fala por si: em 2018, Beatriz Pinheiro, formando dupla com Matilde Calado, classificou-se no 9.\u00ba lugar final da Poule A da Ta\u00e7a Continental da Juventude (CEV Youth Beach Volleyball Continental Cup),palco das futuras estrelas do Voleibol de Praia internacional, depois de as portuguesas terem sido vice-campe\u00e3s da Poule D na Est\u00f3nia, em 2017; neste ano In\u00eas Castro e Beatriz Pinheiro alcan\u00e7aram o 4.\u00ba lugar no Torneio de Sub-21 da WEVZA de Voleibol de Praia disputado na localidade holandesa de Hoek van Holland.<br \/>\nOutra jovem dupla aparece com ambi\u00e7\u00f5es renovadas. Depois de terem sido 4.\u00aas classificadas em 2018 e 2019 e 3.\u00aas no Campeonato de Sub-22 em 2018, Matilde Calado e Mafalda Porto t\u00eam j\u00e1 a maturidade necess\u00e1ria para poderem alimentar, com toda a legitimidade, aspira\u00e7\u00f5es aos lugares mais altos do p\u00f3dio.<br \/>\nEm 2017, Matilde (com Beatriz Rodrigues) apurou-se para a final da Ta\u00e7a Continental da Juventude, ao ser vice-campe\u00e3 na Poule D de qualifica\u00e7\u00e3o, disputada na praia de Parnu, na Est\u00f3nia; em 2016 estas duas atletas tinham sido medalhadas com o ouro nos X Jogos Desportivos da CPLP, disputados na Ilha do Sal, em Cabo Verde.<br \/>\nEm 2018, formando dupla com Beatriz Pinheiro, Matilde Calado, classificou-se no 9.\u00ba lugar final da Poule A da Ta\u00e7a Continental da Juventude.<\/p>\n<p class=\"descricaonoticia\" align=\"justify\">Em masculinos, e sem a presen\u00e7a conjunta dos actuais campe\u00f5es nacionais, Fabr\u00edcio \u00abKibinho\u00bb Silva e Roberto Reis (forma agora equipa com Jos\u00e9 Pedro Andrade), as duplas Janu\u00e1rio Silva\/Fabricio Barros, campe\u00f5es em 2013 e vice-campe\u00f5es em 2011, 2012, 2015 e 2018, Sebasti\u00e3o Le\u00e3o\/ Marcus Oliveira, nesta altura os mais bem classificados no ranking, e Hugo Campos\/Jo\u00e3o Nuno Pedrosa, jovens que integram o projecto da FPV de Voleibol de Praia a tempo inteiro, vencedores do Torneio Sub-21 da WEVZA, 4.\u00bas classificados no Torneio de Berlim e 17.\u00ba classificados no Europeu de Sub-18, aparecem,\u00a0<em>a priori,<\/em>\u00a0como os mais fortes candidatos \u00e0 vit\u00f3ria nesta etapa inaugural do\u00a0<strong><span class=\"auto-style1\"><a href=\"https:\/\/www.fpvoleibol.pt\/CNVP2020\/\" target=\"_blank\" rel=\"noopener noreferrer\">Campeonato Lidl<\/a><\/span><\/strong>.<\/p>\n<p class=\"auto-style3\"><a href=\"https:\/\/www.fpvoleibol.pt\/CNVP2020\/\" target=\"_blank\" rel=\"noopener noreferrer\"><img loading=\"lazy\" decoding=\"async\" class=\"aligncenter\" src=\"https:\/\/www.fpvoleibol.pt\/noticias\/2020\/imagens\/vp_cnvp2020_f.jpg\" width=\"480\" height=\"270\" border=\"1\" \/><\/a><\/p>\n<p class=\"descricaonoticia\" align=\"justify\">\u00a0Toda a informa\u00e7\u00e3o sobre o\u00a0<a href=\"https:\/\/www.fpvoleibol.pt\/CNVP2020\/\" target=\"_blank\" rel=\"noopener noreferrer\">Campeonato Lidl<\/a>\u00a0<a href=\"https:\/\/www.fpvoleibol.pt\/CNVP2020\/\" target=\"_blank\" rel=\"noopener noreferrer\"><strong>aqui<\/strong><\/a>\u00a0e\u00a0<a href=\"https:\/\/www.lidl.pt\/desporto\/eventos-desportivos2\/voleibol-de-praia-2020-campeonato-lidl\" target=\"_blank\" rel=\"noopener noreferrer\">aqui<\/a><\/p>\n<p class=\"auto-style3\" style=\"text-align: center;\"><strong>Triunfo de Reis\/Kibinho<br \/>\ne Juliana\/T\u00e2nia em 2019<\/strong><\/p>\n<p class=\"descricaonoticia\" align=\"justify\">As duplas Roberto Reis\/Fabr\u00edcio Silva (Kibinho) e\u00a0<a href=\"https:\/\/www.fpvoleibol.pt\/noticias\/2020\/20200505-1601_ja.html\" target=\"_blank\" rel=\"noopener noreferrer\">Juliana Antunes<\/a>\/T\u00e2nia Oliveira ostentam os t\u00edtulos de campe\u00e3s nacionais de Voleibol de Praia desde o dia 18 de Agosto de 2019, altura em que vencerem as respectivas finais do Campeonato ActivoBank, disputadas na Praia Internacional do Porto, no Porto.<br \/>\nRoberto Reis e Fabr\u00edcio Silva (Kibinho) s\u00e3o actualmente tetracampe\u00f5es nacionais, j\u00e1 que venceram as quatro \u00faltimas edi\u00e7\u00f5es da prova, contando agora com oito ceptros nacionais no seu historial: 2010, 2011, 2012, 2014, 2016, 2017, 2018 e 2019.<br \/>\nNa final de 2019, Roberto e Kibinho superiorizaram-se a Fabr\u00edcio Barros e Janu\u00e1rio Silva por 2-0 (21-19 e 21-15).<br \/>\nO \u00faltimo degrau do p\u00f3dio foi ocupado por Lu\u00eds Freitas e Tiago Pereira, que superaram (2-0: 21-18 e 24-22) Francisco Pombeiro\/Jos\u00e9 Jardim.<br \/>\nEm femininos, Juliana e T\u00e2nia (re)conquistaram o t\u00edtulo de campe\u00e3s alcan\u00e7ado em 2016 e 2017 ao derrotarem, na final, Vanessa Paquete (campe\u00e3 em 2018) e Beatriz Pinheiro por 2-0 (21-17 e 21-14).<br \/>\nNo jogo de atribui\u00e7\u00e3o da medalha de bronze, Maria Tinoco e Daniana Esteves superaram (2-0: 21-19 e 21-15) Matilde Calado\/Mafalda Porto, jovem dupla que repetiu assim o 4.\u00ba lugar rubricado em 2018.<\/p>\n<p class=\"descricaonoticia\" align=\"justify\">Ver\u00a0<span class=\"auto-style1\">lista dos campe\u00f5es nacionais de Voleibol de Praia<\/span>\u00a0<a href=\"https:\/\/www.fpvoleibol.pt\/noticias\/2020\/Voleibol_de_Praia_Vencedores_Podios.pdf\" target=\"_blank\" rel=\"noopener noreferrer\">aqui<\/a><\/p>\n","protected":false},"excerpt":{"rendered":"<p>O\u00a0Campeonato Lidl 2020\u00a0est\u00e1 em contagem decrescente. \u00c9 j\u00e1 esta sexta-feira que o Campeonato Nacional de Voleibol de Praia arranca em Cortega\u00e7a (Ovar), mais concretamente no Centro de Alto Rendimento de [&hellip;]<\/p>\n","protected":false},"author":1,"featured_media":860,"comment_status":"open","ping_status":"open","sticky":false,"template":"","format":"standard","meta":{"_monsterinsights_skip_tracking":false,"_monsterinsights_sitenote_active":false,"_monsterinsights_sitenote_note":"","_monsterinsights_sitenote_category":0,"footnotes":""},"categories":[9],"tags":[],"class_list":{"0":"post-868","1":"post","2":"type-post","3":"status-publish","4":"format-standard","5":"has-post-thumbnail","7":"category-voleibol-de-praia","8":"czr-hentry"},"aioseo_notices":[],"_links":{"self":[{"href":"https:\/\/fpvoleibol.pt\/fpv\/wp-json\/wp\/v2\/posts\/868","targetHints":{"allow":["GET"]}}],"collection":[{"href":"https:\/\/fpvoleibol.pt\/fpv\/wp-json\/wp\/v2\/posts"}],"about":[{"href":"https:\/\/fpvoleibol.pt\/fpv\/wp-json\/wp\/v2\/types\/post"}],"author":[{"embeddable":true,"href":"https:\/\/fpvoleibol.pt\/fpv\/wp-json\/wp\/v2\/users\/1"}],"replies":[{"embeddable":true,"href":"https:\/\/fpvoleibol.pt\/fpv\/wp-json\/wp\/v2\/comments?post=868"}],"version-history":[{"count":1,"href":"https:\/\/fpvoleibol.pt\/fpv\/wp-json\/wp\/v2\/posts\/868\/revisions"}],"predecessor-version":[{"id":869,"href":"https:\/\/fpvoleibol.pt\/fpv\/wp-json\/wp\/v2\/posts\/868\/revisions\/869"}],"wp:featuredmedia":[{"embeddable":true,"href":"https:\/\/fpvoleibol.pt\/fpv\/wp-json\/wp\/v2\/media\/860"}],"wp:attachment":[{"href":"https:\/\/fpvoleibol.pt\/fpv\/wp-json\/wp\/v2\/media?parent=868"}],"wp:term":[{"taxonomy":"category","embeddable":true,"href":"https:\/\/fpvoleibol.pt\/fpv\/wp-json\/wp\/v2\/categories?post=868"},{"taxonomy":"post_tag","embeddable":true,"href":"https:\/\/fpvoleibol.pt\/fpv\/wp-json\/wp\/v2\/tags?post=868"}],"curies":[{"name":"wp","href":"https:\/\/api.w.org\/{rel}","templated":true}]}}