{"id":865,"date":"2020-07-10T13:52:19","date_gmt":"2020-07-10T13:52:19","guid":{"rendered":"https:\/\/fpvoleibol.pt\/fpv\/?p=865"},"modified":"2020-07-28T13:53:41","modified_gmt":"2020-07-28T13:53:41","slug":"regresso-aos-treinos-sem-restricoes-a-partir-do-dia-1-de-agosto","status":"publish","type":"post","link":"https:\/\/fpvoleibol.pt\/fpv\/2020\/07\/10\/regresso-aos-treinos-sem-restricoes-a-partir-do-dia-1-de-agosto\/","title":{"rendered":"REGRESSO AOS TREINOS SEM RESTRI\u00c7\u00d5ES A PARTIR DO DIA 1 DE AGOSTO"},"content":{"rendered":"<p class=\"descricaonoticia\" align=\"center\"><img loading=\"lazy\" decoding=\"async\" src=\"https:\/\/www.fpvoleibol.pt\/noticias\/2020\/imagens\/feds5.jpg\" width=\"480\" height=\"270\" border=\"1\" \/><\/p>\n<p class=\"descricaonoticia\" align=\"justify\">As Federa\u00e7\u00f5es de Andebol, Basquetebol, Futebol (Futsal), Patinagem e Voleibol reuniram-se hoje, por videoconfer\u00eancia, com representantes da Secretaria de Estado da Juventude e do Desporto (SEJD) e da Direc\u00e7\u00e3o Geral de Sa\u00fade (DGS), tendo avan\u00e7ado datas para o regresso dos atletas seniores aos treinos sem restri\u00e7\u00f5es no pavilh\u00e3o (1 de Agosto) e das competi\u00e7\u00f5es do mesmo escal\u00e3o (a partir de 22 de Agosto).<\/p>\n<p class=\"descricaonoticia\" align=\"justify\">Assim, &#8220;<em>as competi\u00e7\u00f5es de equipas seniores est\u00e3o previstas ter in\u00edcio a partir de 22 Agosto de 2020, sem p\u00fablico, o que, a verificar-se, implicar\u00e1 que o treino sem restri\u00e7\u00f5es para este escal\u00e3o poder\u00e1 ter in\u00edcio a partir de 1 de Agosto de 2020. As equipas de forma\u00e7\u00e3o continuar\u00e3o na actual fase de treino condicionado, aguardando pelo resultado da avalia\u00e7\u00e3o da retoma gradual dos escal\u00f5es seniore<\/em>s&#8221;.<\/p>\n<p class=\"descricaonoticia\" align=\"justify\">Na reuni\u00e3o concluiu-se ainda que, &#8220;<em>durante a actual fase de treino condicionado, \u00e9 permitida a partilha de bola nas modalidades colectivas de pavilh\u00e3o, desde que garantida a sua repetida limpeza e desinfec\u00e7\u00e3o mantendo-se a regra do distanciamento de 3 metros entre praticantes. Estas e outras medidas de preven\u00e7\u00e3o ser\u00e3o publicadas na actualiza\u00e7\u00e3o \u00e0 Orienta\u00e7\u00e3o n\u00ba 030\/2020 da DGS, que est\u00e1 a ser finalizada por este organismo<\/em>&#8220;.<\/p>\n<p class=\"descricaonoticia\" align=\"justify\">Ver comunicado na \u00edntegra\u00a0<a href=\"https:\/\/www.fpvoleibol.pt\/noticias\/2020\/com_5federacoes_agosto.pdf\" target=\"_blank\" rel=\"noopener noreferrer\">aqui<\/a><\/p>\n<p class=\"auto-style2\"><img loading=\"lazy\" decoding=\"async\" class=\"aligncenter\" src=\"https:\/\/www.fpvoleibol.pt\/noticias\/2020\/imagens\/covid-19_ins.jpg\" width=\"401\" height=\"401\" border=\"1\" \/><\/p>\n","protected":false},"excerpt":{"rendered":"<p>As Federa\u00e7\u00f5es de Andebol, Basquetebol, Futebol (Futsal), Patinagem e Voleibol reuniram-se hoje, por videoconfer\u00eancia, com representantes da Secretaria de Estado da Juventude e do Desporto (SEJD) e da Direc\u00e7\u00e3o Geral [&hellip;]<\/p>\n","protected":false},"author":1,"featured_media":866,"comment_status":"open","ping_status":"open","sticky":false,"template":"","format":"standard","meta":{"_monsterinsights_skip_tracking":false,"_monsterinsights_sitenote_active":false,"_monsterinsights_sitenote_note":"","_monsterinsights_sitenote_category":0,"footnotes":""},"categories":[15,14,8],"tags":[],"class_list":{"0":"post-865","1":"post","2":"type-post","3":"status-publish","4":"format-standard","5":"has-post-thumbnail","7":"category-diversos","8":"category-institucional","9":"category-voleibol","10":"czr-hentry"},"aioseo_notices":[],"_links":{"self":[{"href":"https:\/\/fpvoleibol.pt\/fpv\/wp-json\/wp\/v2\/posts\/865","targetHints":{"allow":["GET"]}}],"collection":[{"href":"https:\/\/fpvoleibol.pt\/fpv\/wp-json\/wp\/v2\/posts"}],"about":[{"href":"https:\/\/fpvoleibol.pt\/fpv\/wp-json\/wp\/v2\/types\/post"}],"author":[{"embeddable":true,"href":"https:\/\/fpvoleibol.pt\/fpv\/wp-json\/wp\/v2\/users\/1"}],"replies":[{"embeddable":true,"href":"https:\/\/fpvoleibol.pt\/fpv\/wp-json\/wp\/v2\/comments?post=865"}],"version-history":[{"count":1,"href":"https:\/\/fpvoleibol.pt\/fpv\/wp-json\/wp\/v2\/posts\/865\/revisions"}],"predecessor-version":[{"id":867,"href":"https:\/\/fpvoleibol.pt\/fpv\/wp-json\/wp\/v2\/posts\/865\/revisions\/867"}],"wp:featuredmedia":[{"embeddable":true,"href":"https:\/\/fpvoleibol.pt\/fpv\/wp-json\/wp\/v2\/media\/866"}],"wp:attachment":[{"href":"https:\/\/fpvoleibol.pt\/fpv\/wp-json\/wp\/v2\/media?parent=865"}],"wp:term":[{"taxonomy":"category","embeddable":true,"href":"https:\/\/fpvoleibol.pt\/fpv\/wp-json\/wp\/v2\/categories?post=865"},{"taxonomy":"post_tag","embeddable":true,"href":"https:\/\/fpvoleibol.pt\/fpv\/wp-json\/wp\/v2\/tags?post=865"}],"curies":[{"name":"wp","href":"https:\/\/api.w.org\/{rel}","templated":true}]}}