{"id":862,"date":"2020-07-10T13:50:16","date_gmt":"2020-07-10T13:50:16","guid":{"rendered":"https:\/\/fpvoleibol.pt\/fpv\/?p=862"},"modified":"2020-07-28T13:51:28","modified_gmt":"2020-07-28T13:51:28","slug":"europeu-de-voleibol-de-praia-em-setembro-na-letonia","status":"publish","type":"post","link":"https:\/\/fpvoleibol.pt\/fpv\/2020\/07\/10\/europeu-de-voleibol-de-praia-em-setembro-na-letonia\/","title":{"rendered":"EUROPEU DE VOLEIBOL DE PRAIA EM SETEMBRO NA LET\u00d3NIA"},"content":{"rendered":"<p class=\"descricaonoticia\" align=\"center\"><img loading=\"lazy\" decoding=\"async\" src=\"https:\/\/www.fpvoleibol.pt\/noticias\/2020\/imagens\/jurmala2020.jpg\" width=\"480\" height=\"270\" border=\"1\" \/><\/p>\n<p class=\"descricaonoticia\" align=\"justify\">A Confedera\u00e7\u00e3o Europeia de Voleibol (CEV) anunciou hoje, &#8220;<em>com muito prazer<\/em>&#8220;, o local e as datas do Campeonato da Europa de Voleibol de Praia (EuroBeachVolley 2020), em seniores masculinos e femininos, que ser\u00e1 realizado este ano em Jurmala, Let\u00f3nia, de 16 a 20 de Setembro.<\/p>\n<p class=\"descricaonoticia\" align=\"justify\">&#8220;<em>Estamos ansiosos por proporcionar aos jogadores europeus de Voleibol de Praia a oportunidade de competir ao mais alto n\u00edvel e por podermos garantir que o evento vai avan\u00e7ar, sendo que o bem-estar e a seguran\u00e7a de todos os envolvidos \u00e9 a principal prioridade compartilhada pela CEV e pelos nossos colegas no Federa\u00e7\u00e3o Let\u00e3 de Voleibol<\/em>&#8220;.<\/p>\n<p class=\"auto-style3\"><img loading=\"lazy\" decoding=\"async\" class=\"aligncenter\" src=\"https:\/\/www.fpvoleibol.pt\/noticias\/2020\/imagens\/Jurmala%201996_d.jpg\" width=\"450\" height=\"302\" border=\"1\" \/><\/p>\n<p class=\"descricaonoticia\" align=\"justify\">Como curiosidade, refira-se que foi em Jurmala que, em 1996, a dupla portuguesa formada por Jorge Alves e Jo\u00e3o Silva foi vice-campe\u00e3 europeia de Sub-20.<\/p>\n<p class=\"descricaonoticia\" align=\"justify\">Ver o an\u00fancio sobre o EuroBeachVolley 2020\u00a0<a href=\"https:\/\/www.cev.eu\/News.aspx?NewsID=30849&amp;ID=7\" target=\"_blank\" rel=\"noopener noreferrer\">aqui<\/a><\/p>\n<p>Site oficial do evento em\u00a0<a href=\"https:\/\/eurobeachvolley.cev.eu\/\" target=\"_blank\" rel=\"noopener noreferrer\">eurobeachvolley.cev.eu<\/a><\/p>\n<p class=\"descricaonoticia\" align=\"justify\">Um pouco antes (9 a 13 de Setembro), a cidade checa de Brno ir\u00e1 acolher o Campeonato da Europa de Sub-20, em Voleibol de Praia.<\/p>\n<p class=\"descricaonoticia\" align=\"justify\">Mais informa\u00e7\u00f5es em\u00a0<a href=\"http:\/\/www.cev.eu\/\" target=\"_blank\" rel=\"noopener noreferrer\">www.cev.eu<\/a><\/p>\n","protected":false},"excerpt":{"rendered":"<p>A Confedera\u00e7\u00e3o Europeia de Voleibol (CEV) anunciou hoje, &#8220;com muito prazer&#8220;, o local e as datas do Campeonato da Europa de Voleibol de Praia (EuroBeachVolley 2020), em seniores masculinos e [&hellip;]<\/p>\n","protected":false},"author":1,"featured_media":863,"comment_status":"open","ping_status":"open","sticky":false,"template":"","format":"standard","meta":{"_monsterinsights_skip_tracking":false,"_monsterinsights_sitenote_active":false,"_monsterinsights_sitenote_note":"","_monsterinsights_sitenote_category":0,"footnotes":""},"categories":[8],"tags":[],"class_list":{"0":"post-862","1":"post","2":"type-post","3":"status-publish","4":"format-standard","5":"has-post-thumbnail","7":"category-voleibol","8":"czr-hentry"},"aioseo_notices":[],"_links":{"self":[{"href":"https:\/\/fpvoleibol.pt\/fpv\/wp-json\/wp\/v2\/posts\/862","targetHints":{"allow":["GET"]}}],"collection":[{"href":"https:\/\/fpvoleibol.pt\/fpv\/wp-json\/wp\/v2\/posts"}],"about":[{"href":"https:\/\/fpvoleibol.pt\/fpv\/wp-json\/wp\/v2\/types\/post"}],"author":[{"embeddable":true,"href":"https:\/\/fpvoleibol.pt\/fpv\/wp-json\/wp\/v2\/users\/1"}],"replies":[{"embeddable":true,"href":"https:\/\/fpvoleibol.pt\/fpv\/wp-json\/wp\/v2\/comments?post=862"}],"version-history":[{"count":1,"href":"https:\/\/fpvoleibol.pt\/fpv\/wp-json\/wp\/v2\/posts\/862\/revisions"}],"predecessor-version":[{"id":864,"href":"https:\/\/fpvoleibol.pt\/fpv\/wp-json\/wp\/v2\/posts\/862\/revisions\/864"}],"wp:featuredmedia":[{"embeddable":true,"href":"https:\/\/fpvoleibol.pt\/fpv\/wp-json\/wp\/v2\/media\/863"}],"wp:attachment":[{"href":"https:\/\/fpvoleibol.pt\/fpv\/wp-json\/wp\/v2\/media?parent=862"}],"wp:term":[{"taxonomy":"category","embeddable":true,"href":"https:\/\/fpvoleibol.pt\/fpv\/wp-json\/wp\/v2\/categories?post=862"},{"taxonomy":"post_tag","embeddable":true,"href":"https:\/\/fpvoleibol.pt\/fpv\/wp-json\/wp\/v2\/tags?post=862"}],"curies":[{"name":"wp","href":"https:\/\/api.w.org\/{rel}","templated":true}]}}