{"id":859,"date":"2020-07-10T13:48:36","date_gmt":"2020-07-10T13:48:36","guid":{"rendered":"https:\/\/fpvoleibol.pt\/fpv\/?p=859"},"modified":"2020-07-28T13:49:37","modified_gmt":"2020-07-28T13:49:37","slug":"alteracoes-no-campeonato-lidl-de-voleibol-de-praia","status":"publish","type":"post","link":"https:\/\/fpvoleibol.pt\/fpv\/2020\/07\/10\/alteracoes-no-campeonato-lidl-de-voleibol-de-praia\/","title":{"rendered":"ALTERA\u00c7\u00d5ES NO CAMPEONATO LIDL DE VOLEIBOL DE PRAIA"},"content":{"rendered":"<p class=\"descricaonoticia\" align=\"center\"><img loading=\"lazy\" decoding=\"async\" src=\"https:\/\/www.fpvoleibol.pt\/noticias\/2020\/imagens\/vp_cnvp2020_f.jpg\" width=\"480\" height=\"270\" border=\"1\" \/><\/p>\n<p class=\"descricaonoticia\" align=\"justify\">Os efeitos da pandemia de COVID-19 ainda se fazem sentir e afectam tanto as actividades do dia-a-dia como as desportivas.<br \/>\nApesar disso, o\u00a0<strong>Campeonato Nacional de Voleibol de Praia<\/strong>, este ano denominado\u00a0<strong><a href=\"https:\/\/www.fpvoleibol.pt\/CNVP2020\/\" target=\"_blank\" rel=\"noopener noreferrer\">Campeonato Lidl 2020<\/a><\/strong>, que re\u00fane as melhores duplas de seniores masculinos e femininos, vai\u00a0<em>arrancar<\/em>\u00a0mesmo no dia 17 de Julho, mas em Cortega\u00e7a e n\u00e3o na Praia da Rocha, em Portim\u00e3o, como estava inicialmente previsto, trocando-se a ordem destas etapas do\u00a0<span class=\"auto-style1\"><strong><a href=\"https:\/\/www.fpvoleibol.pt\/CNVP2020\/\" target=\"_blank\" rel=\"noopener noreferrer\">Campeonato Lidl 2020<\/a><\/strong><\/span>.<\/p>\n<p class=\"descricaonoticia\" align=\"justify\">O\u00a0<span class=\"auto-style1\">per\u00edodo de pr\u00e9-inscri\u00e7\u00f5es para todas as etapas tamb\u00e9m foi alargado, prolongando-se\u00a0<strong>at\u00e9 \u00e0s 9h30 da pr\u00f3xima segunda-feira, dia 13 de Julho<\/strong><\/span>.<\/p>\n<p class=\"descricaonoticia\" align=\"justify\">Assim, o\u00a0<strong><span class=\"auto-style1\"><a href=\"https:\/\/www.fpvoleibol.pt\/CNVP2020\/\" target=\"_blank\" rel=\"noopener noreferrer\">Campeonato Lidl 2020<\/a><\/span>\u00a0<\/strong>inicia-se no pr\u00f3ximo dia 17 em Cortega\u00e7a, mais concretamente no Centro de Alto Rendimento de Voleibol de Praia, onde ser\u00e1 disputada a primeira das cinco etapas que ter\u00e3o por palco as localidades de Cortega\u00e7a, Oeiras, Figueira da Foz, Portim\u00e3o e Porto.<\/p>\n<p class=\"descricaonoticia\" align=\"justify\">A 5.\u00aa Etapa \u00e9 considerada a Final do\u00a0<a href=\"https:\/\/www.fpvoleibol.pt\/CNVP2020\/\" target=\"_blank\" rel=\"noopener noreferrer\">Campeonato Lidl<\/a>\u00a0e ser\u00e1 disputada na Praia Internacional do Porto, junto ao Edif\u00edcio Transparente, na Cidade Invicta.<br \/>\nPara al\u00e9m do Campeonato Nacional, as areias da praia adjacente ao Edif\u00edcio Transparente receberam j\u00e1 v\u00e1rias provas internacionais, entre as quais o Mundial de Sub-19, em 2010, 2013 e 2014, o Europeu de Sub-18 (2010), o Europeu de Sub-23 (2011) e o 7.\u00ba Campeonato do Mundo Universit\u00e1rio 2014, em Voleibol de Praia.<\/p>\n<p class=\"auto-style3\"><a href=\"https:\/\/www.fpvoleibol.pt\/CNVP2020\/\" target=\"_blank\" rel=\"noopener noreferrer\"><img loading=\"lazy\" decoding=\"async\" class=\"aligncenter\" src=\"https:\/\/www.fpvoleibol.pt\/noticias\/2020\/imagens\/logo-cnvp20_1.jpg\" width=\"390\" height=\"390\" border=\"1\" \/><\/a><\/p>\n<p class=\"descricaonoticia\" align=\"justify\">Ver\u00a0<a href=\"https:\/\/www.fpvoleibol.pt\/CNVP2020\/\" target=\"_blank\" rel=\"noopener noreferrer\">Calend\u00e1rio<\/a>* e Toda a informa\u00e7\u00e3o sobre o\u00a0<a href=\"https:\/\/www.fpvoleibol.pt\/CNVP2020\/\" target=\"_blank\" rel=\"noopener noreferrer\">Campeonato Lidl<\/a>\u00a0<a href=\"https:\/\/www.fpvoleibol.pt\/CNVP2020\/\" target=\"_blank\" rel=\"noopener noreferrer\"><strong>aqui<\/strong><\/a><\/p>\n<p><strong>1.\u00aa Etapa<\/strong><br \/>\n17 a 19 de Julho \u2013 Cortega\u00e7a<\/p>\n<p class=\"descricaonoticia\" align=\"justify\"><strong>2.\u00aa Etapa<\/strong><br \/>\n21 a 23 de Julho \u2013 Oeiras &#8211; Femininos<br \/>\n24 a 26 de Julho \u2013 Oeiras &#8211; Masculinos<\/p>\n<p class=\"descricaonoticia\" align=\"justify\"><strong>3.\u00aa Etapa<br \/>\n<\/strong>31 de Julho a 2 de Agosto \u2013 Figueira da Foz<\/p>\n<p class=\"descricaonoticia\" align=\"justify\"><strong>4.\u00aa Etapa<\/strong><br \/>\n7 a 9 de Agosto \u2013 Portim\u00e3o*<\/p>\n<p class=\"descricaonoticia\" align=\"justify\"><strong>5.\u00aa Etapa &#8211; Final<\/strong><br \/>\n14 a 16 de Agosto \u2013 Porto<\/p>\n<p class=\"auto-style2\" align=\"justify\"><strong>*A confirmar<\/strong><\/p>\n<p class=\"auto-style4\"><strong>Links \u00fateis para o Campeonato Nacional Lidl<\/strong><\/p>\n<p class=\"descricaonoticia\" align=\"justify\"><strong>Condi\u00e7\u00f5es espec\u00edficas<\/strong>\u00a0em\u00a0<a href=\"http:\/\/www.fpvoleibol.pt\/CNVP2020\/condicoes_especificas_cnvp2020.pdf\">www.fpvoleibol.pt\/CNVP2020\/condicoes_especificas_cnvp2020.pdf<\/a><\/p>\n<p class=\"auto-style5\"><strong>Manual de procedimento<\/strong>s em\u00a0<a href=\"http:\/\/www.fpvoleibol.pt\/CNVP2020\/manual_procedimentos_cnvp2020.pdf\">www.fpvoleibol.pt\/CNVP2020\/manual_procedimentos_cnvp2020.pdf<\/a><\/p>\n<p class=\"descricaonoticia\" align=\"justify\"><strong>Orienta\u00e7\u00e3o COVID-19<\/strong>\u00a0em\u00a0<a href=\"http:\/\/www.fpvoleibol.pt\/CNVP2020\/orientacao_covid19.pdf\">www.fpvoleibol.pt\/CNVP2020\/orientacao_covid19.pdf<\/a><\/p>\n<p class=\"auto-style3\"><img loading=\"lazy\" decoding=\"async\" class=\"aligncenter\" src=\"https:\/\/www.fpvoleibol.pt\/noticias\/2020\/imagens\/VPpo_fem_2019.jpg\" width=\"430\" height=\"484\" border=\"1\" \/><\/p>\n<p class=\"auto-style3\"><strong>Triunfo de Reis\/Kibinho<br \/>\ne Juliana\/T\u00e2nia em 2019<\/strong><\/p>\n<p class=\"descricaonoticia\" align=\"justify\">As duplas Roberto Reis\/Fabr\u00edcio Silva (Kibinho) e\u00a0<a href=\"https:\/\/www.fpvoleibol.pt\/noticias\/2020\/20200505-1601_ja.html\" target=\"_blank\" rel=\"noopener noreferrer\">Juliana Antunes<\/a>\/T\u00e2nia Oliveira ostentam os t\u00edtulos de campe\u00e3s nacionais de Voleibol de Praia desde o dia 18 de Agosto de 2019, altura em que vencerem as respectivas finais do Campeonato ActivoBank, disputadas na Praia Internacional do Porto, no Porto.<br \/>\nRoberto Reis e Fabr\u00edcio Silva (Kibinho) s\u00e3o actualmente tetracampe\u00f5es nacionais, j\u00e1 que venceram as quatro \u00faltimas edi\u00e7\u00f5es da prova, contando agora com oito ceptros nacionais no seu historial: 2010, 2011, 2012, 2014, 2016, 2017, 2018 e 2019.<br \/>\nNa final de 2019, Roberto e Kibinho superiorizaram-se a Fabr\u00edcio Barros e Janu\u00e1rio Silva por 2-0 (21-19 e 21-15).<br \/>\nO \u00faltimo degrau do p\u00f3dio foi ocupado por Lu\u00eds Freitas e Tiago Pereira, que superaram (2-0: 21-18 e 24-22) Francisco Pombeiro\/Jos\u00e9 Jardim.<br \/>\nEm femininos, Juliana e T\u00e2nia (re)conquistaram o t\u00edtulo de campe\u00e3s alcan\u00e7ado em 2016 e 2017 ao derrotarem, na final, Vanessa Paquete (campe\u00e3 em 2018) e Beatriz Pinheiro por 2-0 (21-17 e 21-14).<br \/>\nNo jogo de atribui\u00e7\u00e3o da medalha de bronze, Maria Tinoco e Daniana Esteves superaram (2-0: 21-19 e 21-15) Matilde Calado\/Mafalda Porto, jovem dupla que repetiu assim o 4.\u00ba lugar rubricado em 2018.<\/p>\n<p class=\"descricaonoticia\" align=\"justify\">Ver\u00a0<span class=\"auto-style1\">lista dos campe\u00f5es nacionais de Voleibol de Praia<\/span>\u00a0<a href=\"https:\/\/www.fpvoleibol.pt\/noticias\/2020\/Voleibol_de_Praia_Vencedores_Podios.pdf\" target=\"_blank\" rel=\"noopener noreferrer\">aqui<\/a><\/p>\n","protected":false},"excerpt":{"rendered":"<p>Os efeitos da pandemia de COVID-19 ainda se fazem sentir e afectam tanto as actividades do dia-a-dia como as desportivas. Apesar disso, o\u00a0Campeonato Nacional de Voleibol de Praia, este ano [&hellip;]<\/p>\n","protected":false},"author":1,"featured_media":860,"comment_status":"open","ping_status":"open","sticky":false,"template":"","format":"standard","meta":{"_monsterinsights_skip_tracking":false,"_monsterinsights_sitenote_active":false,"_monsterinsights_sitenote_note":"","_monsterinsights_sitenote_category":0,"footnotes":""},"categories":[9],"tags":[],"class_list":{"0":"post-859","1":"post","2":"type-post","3":"status-publish","4":"format-standard","5":"has-post-thumbnail","7":"category-voleibol-de-praia","8":"czr-hentry"},"aioseo_notices":[],"_links":{"self":[{"href":"https:\/\/fpvoleibol.pt\/fpv\/wp-json\/wp\/v2\/posts\/859","targetHints":{"allow":["GET"]}}],"collection":[{"href":"https:\/\/fpvoleibol.pt\/fpv\/wp-json\/wp\/v2\/posts"}],"about":[{"href":"https:\/\/fpvoleibol.pt\/fpv\/wp-json\/wp\/v2\/types\/post"}],"author":[{"embeddable":true,"href":"https:\/\/fpvoleibol.pt\/fpv\/wp-json\/wp\/v2\/users\/1"}],"replies":[{"embeddable":true,"href":"https:\/\/fpvoleibol.pt\/fpv\/wp-json\/wp\/v2\/comments?post=859"}],"version-history":[{"count":1,"href":"https:\/\/fpvoleibol.pt\/fpv\/wp-json\/wp\/v2\/posts\/859\/revisions"}],"predecessor-version":[{"id":861,"href":"https:\/\/fpvoleibol.pt\/fpv\/wp-json\/wp\/v2\/posts\/859\/revisions\/861"}],"wp:featuredmedia":[{"embeddable":true,"href":"https:\/\/fpvoleibol.pt\/fpv\/wp-json\/wp\/v2\/media\/860"}],"wp:attachment":[{"href":"https:\/\/fpvoleibol.pt\/fpv\/wp-json\/wp\/v2\/media?parent=859"}],"wp:term":[{"taxonomy":"category","embeddable":true,"href":"https:\/\/fpvoleibol.pt\/fpv\/wp-json\/wp\/v2\/categories?post=859"},{"taxonomy":"post_tag","embeddable":true,"href":"https:\/\/fpvoleibol.pt\/fpv\/wp-json\/wp\/v2\/tags?post=859"}],"curies":[{"name":"wp","href":"https:\/\/api.w.org\/{rel}","templated":true}]}}