{"id":8575,"date":"2021-08-11T20:37:22","date_gmt":"2021-08-11T19:37:22","guid":{"rendered":"https:\/\/fpvoleibol.pt\/fpv\/?p=8575"},"modified":"2021-08-12T10:38:15","modified_gmt":"2021-08-12T09:38:15","slug":"portugueses-conhecem-adversarios-no-world-tour","status":"publish","type":"post","link":"https:\/\/fpvoleibol.pt\/fpv\/2021\/08\/11\/portugueses-conhecem-adversarios-no-world-tour\/","title":{"rendered":"PORTUGUESES CONHECEM ADVERS\u00c1RIOS NO WORLD TOUR"},"content":{"rendered":"<p><img loading=\"lazy\" decoding=\"async\" class=\"alignnone size-full wp-image-8583\" src=\"https:\/\/fpvoleibol.pt\/fpv\/wp-content\/uploads\/2021\/08\/masculinos_cort.jpg\" alt=\"\" width=\"960\" height=\"640\" srcset=\"https:\/\/fpvoleibol.pt\/fpv\/wp-content\/uploads\/2021\/08\/masculinos_cort.jpg 960w, https:\/\/fpvoleibol.pt\/fpv\/wp-content\/uploads\/2021\/08\/masculinos_cort-300x200.jpg 300w, https:\/\/fpvoleibol.pt\/fpv\/wp-content\/uploads\/2021\/08\/masculinos_cort-768x512.jpg 768w\" sizes=\"auto, (max-width: 960px) 100vw, 960px\" \/>As duplas portugueses presentes na fase de qualifica\u00e7\u00e3o da etapa do\u00a0 Circuito Mundial de Voleibol de Praia:\u00a0<strong>Beach Volleyball World Tour 1-Star Cortega\u00e7a<\/strong>, que arranca amanh\u00e3 no Centro de Alto Rendimento de Voleibol de Praia da FPV, em Cortega\u00e7a, Ovar, conheceram hoje os seus advers\u00e1rios.<\/p>\n<p>Os jogos da <strong>Beach Volleyball World Tour 1-Star Cortega\u00e7a<\/strong> ser\u00e3o transmitidos pela <a href=\"https:\/\/www.youtube.com\/channel\/UCnAuS06uM7qu0ntF-AAn1mw\">Volei TV<\/a>, sendo que as finais ter\u00e3o transmiss\u00e3o em directo tamb\u00e9m no canal <strong>A Bola TV<\/strong>.<\/p>\n<p>Em masculinos, os portugueses e Andr\u00e9 Sapina\/Guilherme Costa e Andr\u00e9 Silveira\/Rafael Santos v\u00e3o defrontar na 1.\u00aa Ronda da Qualifica\u00e7\u00e3o, respectivamente duplas da Inglaterra e da Noruega.<\/p>\n<p style=\"text-align: center;\"><strong>10h00 \u2013 Bialokoz\/Batrane (ENG) x Costa\/Andr\u00e9 Sapina (POR)<\/strong><br \/>\n10h00 \u2013 Liotatis\/Zorpis (CYP) x Stewart\/McKelvie (SCO)<br \/>\n10h50 \u2013 L\u00f5hmus\/Rebel (EST) x K\u00f6stler, G.\/Ochaya La. (AUT)<br \/>\n10h50 \u2013 Michael\/Siapanis (CYP) x Lomeli\/Samuelson (ISV)<br \/>\n11h40 \u2013 Korycki\/Lech (POL) x Monduzzi\/Moro (ITA)<br \/>\n11h40 \u2013 Luini\/Nijeboer, T. (NED) x Pala\/Vala (CZE)<br \/>\n12h30 \u2013 Groszek\/Warzocha (POL) x Monfort\/P\u00e9rez (ESP)<br \/>\n<strong>12h30 \u2013 Silveira\/Rafael (POR) Opsahl\/Gamlemoen (NOR)<\/strong><\/p>\n<p>No Quadro Principal est\u00e3o j\u00e1 as duplas Jo\u00e3o Pedrosa\/Hugo Campos, Roberto Reis\/Sebasti\u00e3o Le\u00e3o, Jo\u00e3o Sim\u00f5es\/Rui Moreira e Gabriel Cardoso\/Fabr\u00edcio Barros.<\/p>\n<p><img loading=\"lazy\" decoding=\"async\" class=\"alignnone size-full wp-image-8582\" src=\"https:\/\/fpvoleibol.pt\/fpv\/wp-content\/uploads\/2021\/08\/femininos_cort.jpg\" alt=\"\" width=\"960\" height=\"640\" srcset=\"https:\/\/fpvoleibol.pt\/fpv\/wp-content\/uploads\/2021\/08\/femininos_cort.jpg 960w, https:\/\/fpvoleibol.pt\/fpv\/wp-content\/uploads\/2021\/08\/femininos_cort-300x200.jpg 300w, https:\/\/fpvoleibol.pt\/fpv\/wp-content\/uploads\/2021\/08\/femininos_cort-768x512.jpg 768w\" sizes=\"auto, (max-width: 960px) 100vw, 960px\" \/><\/p>\n<p>Na 2.\u00aa Ronda de Femininos, as portuguesas Eunice Xavier\/Ana Rita Baptista e Mariana Nora\/Mariana Maia v\u00e3o enfrentar, respectivamente, duplas dos Estados Unidos da Am\u00e9rica e dos Pa\u00edses Baixos:<\/p>\n<p style=\"text-align: center;\">13h30 \u2013 Sanguigni\/Tamagnone (ITA) Kee\/Tavenier (NED)<br \/>\n<strong>13h30 \u2013 Race\/Fuller (USA) Eunice\/Baptista (POR)<\/strong><br \/>\n<strong>13h30 \u2013 Nora\/Maia, Mar. (POR) Bekhuis\/Everaert (NED)<\/strong><\/p>\n<p>No Quadro Principal est\u00e3o j\u00e1 as duplas In\u00eas Castro\/Beatriz Pinheiro, Juliana Antunes\/T\u00e2nia Oliveira, Matilde Rodrigues\/Mafalda Porto e as irm\u00e3s Carolina Maia\/Mariana Maia.<\/p>\n<p>Toda a informa\u00e7\u00e3o sobre a\u00a0<strong>Beach Volleyball World Tour 1-Star Cortega\u00e7a\u00a0<\/strong>em\u00a0<a href=\"https:\/\/fpvoleibol.pt\/cortegaca2021\/\">fpvoleibol.pt\/cortegaca2021<\/a><\/p>\n","protected":false},"excerpt":{"rendered":"<p>As duplas portugueses presentes na fase de qualifica\u00e7\u00e3o da etapa do\u00a0 Circuito Mundial de Voleibol de Praia:\u00a0Beach Volleyball World Tour 1-Star Cortega\u00e7a, que arranca amanh\u00e3 no Centro de Alto Rendimento [&hellip;]<\/p>\n","protected":false},"author":2,"featured_media":8584,"comment_status":"open","ping_status":"open","sticky":false,"template":"","format":"standard","meta":{"_monsterinsights_skip_tracking":false,"_monsterinsights_sitenote_active":false,"_monsterinsights_sitenote_note":"","_monsterinsights_sitenote_category":0,"footnotes":""},"categories":[9],"tags":[49],"class_list":{"0":"post-8575","1":"post","2":"type-post","3":"status-publish","4":"format-standard","5":"has-post-thumbnail","7":"category-voleibol-de-praia","8":"tag-cortegaca-2021","9":"czr-hentry"},"aioseo_notices":[],"_links":{"self":[{"href":"https:\/\/fpvoleibol.pt\/fpv\/wp-json\/wp\/v2\/posts\/8575","targetHints":{"allow":["GET"]}}],"collection":[{"href":"https:\/\/fpvoleibol.pt\/fpv\/wp-json\/wp\/v2\/posts"}],"about":[{"href":"https:\/\/fpvoleibol.pt\/fpv\/wp-json\/wp\/v2\/types\/post"}],"author":[{"embeddable":true,"href":"https:\/\/fpvoleibol.pt\/fpv\/wp-json\/wp\/v2\/users\/2"}],"replies":[{"embeddable":true,"href":"https:\/\/fpvoleibol.pt\/fpv\/wp-json\/wp\/v2\/comments?post=8575"}],"version-history":[{"count":8,"href":"https:\/\/fpvoleibol.pt\/fpv\/wp-json\/wp\/v2\/posts\/8575\/revisions"}],"predecessor-version":[{"id":8599,"href":"https:\/\/fpvoleibol.pt\/fpv\/wp-json\/wp\/v2\/posts\/8575\/revisions\/8599"}],"wp:featuredmedia":[{"embeddable":true,"href":"https:\/\/fpvoleibol.pt\/fpv\/wp-json\/wp\/v2\/media\/8584"}],"wp:attachment":[{"href":"https:\/\/fpvoleibol.pt\/fpv\/wp-json\/wp\/v2\/media?parent=8575"}],"wp:term":[{"taxonomy":"category","embeddable":true,"href":"https:\/\/fpvoleibol.pt\/fpv\/wp-json\/wp\/v2\/categories?post=8575"},{"taxonomy":"post_tag","embeddable":true,"href":"https:\/\/fpvoleibol.pt\/fpv\/wp-json\/wp\/v2\/tags?post=8575"}],"curies":[{"name":"wp","href":"https:\/\/api.w.org\/{rel}","templated":true}]}}