{"id":8566,"date":"2021-08-11T21:47:11","date_gmt":"2021-08-11T20:47:11","guid":{"rendered":"https:\/\/fpvoleibol.pt\/fpv\/?p=8566"},"modified":"2021-08-11T21:47:11","modified_gmt":"2021-08-11T20:47:11","slug":"wevza-portugal-mede-forcas-com-a-espanha","status":"publish","type":"post","link":"https:\/\/fpvoleibol.pt\/fpv\/2021\/08\/11\/wevza-portugal-mede-forcas-com-a-espanha\/","title":{"rendered":"WEVZA: PORTUGAL MEDE FOR\u00c7AS COM A ESPANHA"},"content":{"rendered":"<p><img loading=\"lazy\" decoding=\"async\" class=\"alignnone size-full wp-image-8591\" src=\"https:\/\/fpvoleibol.pt\/fpv\/wp-content\/uploads\/2021\/08\/porxholan_d2.jpg\" alt=\"\" width=\"960\" height=\"1000\" srcset=\"https:\/\/fpvoleibol.pt\/fpv\/wp-content\/uploads\/2021\/08\/porxholan_d2.jpg 960w, https:\/\/fpvoleibol.pt\/fpv\/wp-content\/uploads\/2021\/08\/porxholan_d2-288x300.jpg 288w, https:\/\/fpvoleibol.pt\/fpv\/wp-content\/uploads\/2021\/08\/porxholan_d2-768x800.jpg 768w\" sizes=\"auto, (max-width: 960px) 100vw, 960px\" \/><\/p>\n<p>A <strong>Selec\u00e7\u00e3o Nacional de Sub-19 Masculinos<\/strong>, orientada por <strong>Nuno Pereira<\/strong>, defronta amanh\u00e3 (12h00) a sua cong\u00e9nere de Espanha, no terceiro dia de competi\u00e7\u00e3o do <span style=\"text-decoration: underline;\">Torneio Internacional da WEVZA<\/span> da categoria.<br \/>\nHoje, os Pa\u00edses Baixos triunfaram (3-0) face a Portugal, a B\u00e9lgica venceu (3-0) a Espanha e a Fran\u00e7a superou (3-1) Alemanha.\u00a0Mais informa\u00e7\u00f5es <a href=\"https:\/\/www.facebook.com\/WEVZA-U19M-2021-France-105744111811032\">aqui<\/a><\/p>\n<p>O <a href=\"http:\/\/wevza.com\/results\/2021-wevza-u19-men-tournament-france\/\">Torneio Internacional da WEVZA<\/a> disputa-se, de 10 a 14 de Agosto, na localidade francesa de Chatenay-Malabry.<\/p>\n<p>Os jogos ter\u00e3o transmiss\u00e3o em <a href=\"https:\/\/www.youtube.com\/channel\/UC6Lpm550gvG8ui8hSgvKjkg\/videos\">directo aqui<\/a><\/p>\n<p><img loading=\"lazy\" decoding=\"async\" class=\"alignnone size-full wp-image-8590\" src=\"https:\/\/fpvoleibol.pt\/fpv\/wp-content\/uploads\/2021\/08\/porxholan.jpg\" alt=\"\" width=\"960\" height=\"1070\" srcset=\"https:\/\/fpvoleibol.pt\/fpv\/wp-content\/uploads\/2021\/08\/porxholan.jpg 960w, https:\/\/fpvoleibol.pt\/fpv\/wp-content\/uploads\/2021\/08\/porxholan-269x300.jpg 269w, https:\/\/fpvoleibol.pt\/fpv\/wp-content\/uploads\/2021\/08\/porxholan-919x1024.jpg 919w, https:\/\/fpvoleibol.pt\/fpv\/wp-content\/uploads\/2021\/08\/porxholan-768x856.jpg 768w\" sizes=\"auto, (max-width: 960px) 100vw, 960px\" \/><\/p>\n<p>A equipa t\u00e9cnica liderada por <strong>Nuno Pereira<\/strong> convocou 12 atletas:<\/p>\n<p style=\"text-align: center;\"><span style=\"text-decoration: underline;\"><strong>Convocados<\/strong><\/span><\/p>\n<p style=\"text-align: center;\">Bruno DIAS<br \/>\nDaniel TEIXEIRA<br \/>\nDiogo FEVEREIRO<br \/>\nDuarte ABECASIS<br \/>\nEduardo BRITO<br \/>\nGon\u00e7alo GOMES<br \/>\nJo\u00e3o INFANTE<br \/>\nManuel FIGUEIREDO<br \/>\nMiguel AZENHA<br \/>\nNuno MARQUES<br \/>\nSantiago PIMENTEL<br \/>\nTiago MATOS<\/p>\n<p><strong>Team Manager<\/strong> &#8211; Leandro ANTUNES<br \/>\n<strong>Treinador Principal<\/strong> &#8211; Nuno PEREIRA<br \/>\n<strong>Treinador Adjunto<\/strong> &#8211; Diogo ROSA \/ Guilherme MONTEIRO<br \/>\n<strong>Fisioterapeuta<\/strong> &#8211; Mariana PEDROSA<br \/>\n<strong>\u00c1rbitro<\/strong> &#8211; Rui SANTOS*<\/p>\n<p style=\"text-align: center;\"><span style=\"text-decoration: underline;\"><strong>Jogos<\/strong><\/span><\/p>\n<p style=\"text-align: center;\"><strong>Ter\u00e7a-feira<\/strong><br \/>\nFran\u00e7a x B\u00e9lgica, 1-3<br \/>\nAlemanha x Portugal, 3-1<br \/>\nEspanha x Pa\u00edses Baixos, 2-3<\/p>\n<p style=\"text-align: center;\"><strong>Quarta-feira<\/strong><br \/>\nB\u00e9lgica x Espanha, 3-0<br \/>\nPortugal x Pa\u00edses Baixos, 0-3<br \/>\nFran\u00e7a x Alemanha, 3-1<\/p>\n<p style=\"text-align: center;\"><strong>Quinta-feira<\/strong><br \/>\nPortugal x Espanha<br \/>\nAlemanha x B\u00e9lgica<br \/>\nPa\u00edses Baixos x Fran\u00e7a<\/p>\n<p style=\"text-align: center;\"><strong>Sexta-feira<\/strong><br \/>\nAlemanha x Pa\u00edses Baixos<br \/>\nEspanha x Fran\u00e7a<br \/>\nB\u00e9lgica x Portugal<\/p>\n<p style=\"text-align: center;\"><strong>S\u00e1bado<\/strong><br \/>\nPortugal x Fran\u00e7a<br \/>\nPa\u00edses Baixos x B\u00e9lgica<br \/>\nAlemanha x Espanha<\/p>\n<p style=\"text-align: center;\"><img loading=\"lazy\" decoding=\"async\" class=\"alignnone size-full wp-image-8567\" src=\"https:\/\/fpvoleibol.pt\/fpv\/wp-content\/uploads\/2021\/08\/arbitroportugues.jpg\" alt=\"\" width=\"960\" height=\"571\" srcset=\"https:\/\/fpvoleibol.pt\/fpv\/wp-content\/uploads\/2021\/08\/arbitroportugues.jpg 960w, https:\/\/fpvoleibol.pt\/fpv\/wp-content\/uploads\/2021\/08\/arbitroportugues-300x178.jpg 300w, https:\/\/fpvoleibol.pt\/fpv\/wp-content\/uploads\/2021\/08\/arbitroportugues-768x457.jpg 768w\" sizes=\"auto, (max-width: 960px) 100vw, 960px\" \/><\/p>\n<p style=\"font-weight: 400; text-align: left;\">Mais conhecida pela sigla WEVZA (Western European Volleyball Zonal Association), a <strong>Associa\u00e7\u00e3o Zonal de Voleibol do Oeste Europeu <\/strong>foi constitu\u00edda no dia 26 de Setembro de 2013, integra oito pa\u00edses \u2013 Portugal, Espanha, Alemanha, B\u00e9lgica, It\u00e1lia, Holanda, Fran\u00e7a e Su\u00ed\u00e7a \u2013 e tem actualmente como Presidente o portugu\u00eas Vicente Ara\u00fajo, Presidente da FPV, e como Vice-Presidentes o franc\u00eas Eric Tanguy, Presidente da Federa\u00e7\u00e3o Francesa, e o belga Claude Kriescher, representante da Federa\u00e7\u00e3o Belga.<\/p>\n<p class=\"auto-style2\" style=\"text-align: left;\" align=\"justify\">O objectivo primordial desta associa\u00e7\u00e3o zonal \u00e9 fortalecer e fomentar a organiza\u00e7\u00e3o de actividades desportivas, tanto de Voleibol como de Voleibol de Praia, com especial \u00eanfase nas categorias de forma\u00e7\u00e3o.<\/p>\n<p class=\"auto-style2\" align=\"justify\">A Confedera\u00e7\u00e3o Europeia de Voleibol (CEV) conta com seis associa\u00e7\u00f5es zonais: a WEVZA (Europa Ocidental), a BVA (Balc\u00e3s), a EEVZA (Europa de Leste), a MEVZA (Europa Central), a NEVZA (Europa do Norte) e ainda a SCD (Divis\u00e3o dos Pequenos Pa\u00edses), da qual fazem parte Andorra, Chipre, Ilhas Faro\u00e9, Gibraltar, Gronel\u00e2ndia, Isl\u00e2ndia, Irlanda, Liechtenstein, Luxemburgo, Malta, M\u00f3naco, Irlanda do Norte, San Marino, Esc\u00f3cia e Pa\u00eds de Gales.<\/p>\n<p>Mais informa\u00e7\u00f5es na <a href=\"https:\/\/www.cev.eu\/\">CEV<\/a> e na <a href=\"https:\/\/www.fivb.com\/\">FIVB<\/a><br \/>\n<span style=\"font-size: 8pt;\"><strong>* arbitrou o B\u00e9lgica x Espanha<\/strong><\/span><\/p>\n","protected":false},"excerpt":{"rendered":"<p>A Selec\u00e7\u00e3o Nacional de Sub-19 Masculinos, orientada por Nuno Pereira, defronta amanh\u00e3 (12h00) a sua cong\u00e9nere de Espanha, no terceiro dia de competi\u00e7\u00e3o do Torneio Internacional da WEVZA da categoria. [&hellip;]<\/p>\n","protected":false},"author":2,"featured_media":8572,"comment_status":"open","ping_status":"open","sticky":false,"template":"","format":"standard","meta":{"_monsterinsights_skip_tracking":false,"_monsterinsights_sitenote_active":false,"_monsterinsights_sitenote_note":"","_monsterinsights_sitenote_category":0,"footnotes":""},"categories":[13,11,8],"tags":[50],"class_list":{"0":"post-8566","1":"post","2":"type-post","3":"status-publish","4":"format-standard","5":"has-post-thumbnail","7":"category-arbitragem","8":"category-formacao","9":"category-voleibol","10":"tag-wevza","11":"czr-hentry"},"aioseo_notices":[],"_links":{"self":[{"href":"https:\/\/fpvoleibol.pt\/fpv\/wp-json\/wp\/v2\/posts\/8566","targetHints":{"allow":["GET"]}}],"collection":[{"href":"https:\/\/fpvoleibol.pt\/fpv\/wp-json\/wp\/v2\/posts"}],"about":[{"href":"https:\/\/fpvoleibol.pt\/fpv\/wp-json\/wp\/v2\/types\/post"}],"author":[{"embeddable":true,"href":"https:\/\/fpvoleibol.pt\/fpv\/wp-json\/wp\/v2\/users\/2"}],"replies":[{"embeddable":true,"href":"https:\/\/fpvoleibol.pt\/fpv\/wp-json\/wp\/v2\/comments?post=8566"}],"version-history":[{"count":6,"href":"https:\/\/fpvoleibol.pt\/fpv\/wp-json\/wp\/v2\/posts\/8566\/revisions"}],"predecessor-version":[{"id":8593,"href":"https:\/\/fpvoleibol.pt\/fpv\/wp-json\/wp\/v2\/posts\/8566\/revisions\/8593"}],"wp:featuredmedia":[{"embeddable":true,"href":"https:\/\/fpvoleibol.pt\/fpv\/wp-json\/wp\/v2\/media\/8572"}],"wp:attachment":[{"href":"https:\/\/fpvoleibol.pt\/fpv\/wp-json\/wp\/v2\/media?parent=8566"}],"wp:term":[{"taxonomy":"category","embeddable":true,"href":"https:\/\/fpvoleibol.pt\/fpv\/wp-json\/wp\/v2\/categories?post=8566"},{"taxonomy":"post_tag","embeddable":true,"href":"https:\/\/fpvoleibol.pt\/fpv\/wp-json\/wp\/v2\/tags?post=8566"}],"curies":[{"name":"wp","href":"https:\/\/api.w.org\/{rel}","templated":true}]}}