{"id":856,"date":"2020-07-10T13:46:45","date_gmt":"2020-07-10T13:46:45","guid":{"rendered":"https:\/\/fpvoleibol.pt\/fpv\/?p=856"},"modified":"2020-07-28T13:47:56","modified_gmt":"2020-07-28T13:47:56","slug":"volei-a-mesa-com-joao-jose-e-mario-martins","status":"publish","type":"post","link":"https:\/\/fpvoleibol.pt\/fpv\/2020\/07\/10\/volei-a-mesa-com-joao-jose-e-mario-martins\/","title":{"rendered":"\u00abVOLEI \u00c0 MESA\u00bb COM JO\u00c3O  JOS\u00c9 E M\u00c1RIO MARTINS"},"content":{"rendered":"<p class=\"descricaonoticia\" align=\"center\"><img loading=\"lazy\" decoding=\"async\" src=\"https:\/\/www.fpvoleibol.pt\/noticias\/2020\/imagens\/voleiamesa_7.jpg\" width=\"480\" height=\"270\" border=\"1\" \/><\/p>\n<p class=\"descricaonoticia\" align=\"justify\"><strong>Jo\u00e3o Jos\u00e9<\/strong>, antigo capit\u00e3o da Selec\u00e7\u00e3o Nacional de Seniores Masculinos que actualmente integra as equipas t\u00e9cnicas das Selec\u00e7\u00f5es Nacionais, e\u00a0<strong>M\u00e1rio Martins,<\/strong>\u00a0coordenador da Forma\u00e7\u00e3o do Voleibol no Leix\u00f5es SC, s\u00e3o os pr\u00f3ximos convidados do programa produzido pela\u00a0<strong>Volei TV<\/strong>, canal multim\u00e9dia da Federa\u00e7\u00e3o Portuguesa de Voleibol (FPV), e denominado \u00ab<strong>Volei \u00e0 Mesa<\/strong>\u00bb.<\/p>\n<p class=\"descricaonoticia\" align=\"justify\">O moderador \u00e9\u00a0<strong>Ant\u00f3nio Guerra<\/strong>, um dos respons\u00e1veis pelo Departamento da Forma\u00e7\u00e3o da FPV e antigo seleccionador nacional, e o 7.\u00ba epis\u00f3dio do<strong>\u00a0\u00abVolei \u00e0 Mesa\u00bb<\/strong>\u00a0\u2013 subordinado ao tema \u00abBloco na Alta Competi\u00e7\u00e3o\u00bb \u2013 vai para o ar hoje, pelas\u00a0<span class=\"auto-style2\">18h00,<\/span>\u00a0no canal YouTube da Volei TV.<\/p>\n<p class=\"descricaonoticia\" align=\"justify\">A n\u00e3o perder\u00a0<a href=\"https:\/\/youtu.be\/4jliCx3c5Qo\" target=\"_blank\" rel=\"noopener noreferrer\">aqui<\/a><\/p>\n<p class=\"auto-style1\"><img loading=\"lazy\" decoding=\"async\" class=\"aligncenter\" src=\"https:\/\/www.fpvoleibol.pt\/noticias\/2020\/imagens\/VM480x270.jpg\" width=\"480\" height=\"270\" border=\"1\" \/><\/p>\n<p class=\"descricaonoticia\" align=\"justify\">De acordo com Jessica Silva, respons\u00e1vel pela Volei TV, no \u00abVolei \u00e0 Mesa\u00bb &#8220;<em>estar\u00e3o sempre \u00abem cima da mesa\u00bb, de um forma informal, v\u00e1rios temas ligados ao panorama do Voleibol nacional e internacional, que abordar\u00e3o desde a hist\u00f3ria da modalidade, gestos t\u00e9cnicos, organiza\u00e7\u00e3o t\u00e1ctica e colectiva a especificidades do Voleibol, Voleibol de Praia e ParaVole<\/em>i&#8221;.<\/p>\n<p class=\"descricaonoticia\" align=\"justify\"><strong><span class=\"auto-style2\">Voleibol na TV\u00a0<\/span><\/strong>\u00e9 no\u00a0<strong><a href=\"http:\/\/www.volei.tv\/\" target=\"_blank\" rel=\"noopener noreferrer\">www.volei.tv<\/a><\/strong><\/p>\n","protected":false},"excerpt":{"rendered":"<p>Jo\u00e3o Jos\u00e9, antigo capit\u00e3o da Selec\u00e7\u00e3o Nacional de Seniores Masculinos que actualmente integra as equipas t\u00e9cnicas das Selec\u00e7\u00f5es Nacionais, e\u00a0M\u00e1rio Martins,\u00a0coordenador da Forma\u00e7\u00e3o do Voleibol no Leix\u00f5es SC, s\u00e3o os [&hellip;]<\/p>\n","protected":false},"author":1,"featured_media":857,"comment_status":"open","ping_status":"open","sticky":false,"template":"","format":"standard","meta":{"_monsterinsights_skip_tracking":false,"_monsterinsights_sitenote_active":false,"_monsterinsights_sitenote_note":"","_monsterinsights_sitenote_category":0,"footnotes":""},"categories":[15,8],"tags":[],"class_list":{"0":"post-856","1":"post","2":"type-post","3":"status-publish","4":"format-standard","5":"has-post-thumbnail","7":"category-diversos","8":"category-voleibol","9":"czr-hentry"},"aioseo_notices":[],"_links":{"self":[{"href":"https:\/\/fpvoleibol.pt\/fpv\/wp-json\/wp\/v2\/posts\/856","targetHints":{"allow":["GET"]}}],"collection":[{"href":"https:\/\/fpvoleibol.pt\/fpv\/wp-json\/wp\/v2\/posts"}],"about":[{"href":"https:\/\/fpvoleibol.pt\/fpv\/wp-json\/wp\/v2\/types\/post"}],"author":[{"embeddable":true,"href":"https:\/\/fpvoleibol.pt\/fpv\/wp-json\/wp\/v2\/users\/1"}],"replies":[{"embeddable":true,"href":"https:\/\/fpvoleibol.pt\/fpv\/wp-json\/wp\/v2\/comments?post=856"}],"version-history":[{"count":1,"href":"https:\/\/fpvoleibol.pt\/fpv\/wp-json\/wp\/v2\/posts\/856\/revisions"}],"predecessor-version":[{"id":858,"href":"https:\/\/fpvoleibol.pt\/fpv\/wp-json\/wp\/v2\/posts\/856\/revisions\/858"}],"wp:featuredmedia":[{"embeddable":true,"href":"https:\/\/fpvoleibol.pt\/fpv\/wp-json\/wp\/v2\/media\/857"}],"wp:attachment":[{"href":"https:\/\/fpvoleibol.pt\/fpv\/wp-json\/wp\/v2\/media?parent=856"}],"wp:term":[{"taxonomy":"category","embeddable":true,"href":"https:\/\/fpvoleibol.pt\/fpv\/wp-json\/wp\/v2\/categories?post=856"},{"taxonomy":"post_tag","embeddable":true,"href":"https:\/\/fpvoleibol.pt\/fpv\/wp-json\/wp\/v2\/tags?post=856"}],"curies":[{"name":"wp","href":"https:\/\/api.w.org\/{rel}","templated":true}]}}