{"id":853,"date":"2020-07-10T13:43:28","date_gmt":"2020-07-10T13:43:28","guid":{"rendered":"https:\/\/fpvoleibol.pt\/fpv\/?p=853"},"modified":"2020-07-28T13:45:40","modified_gmt":"2020-07-28T13:45:40","slug":"arbitragem-no-voleibol-de-praia-preparada-ao-pormenor","status":"publish","type":"post","link":"https:\/\/fpvoleibol.pt\/fpv\/2020\/07\/10\/arbitragem-no-voleibol-de-praia-preparada-ao-pormenor\/","title":{"rendered":"ARBITRAGEM NO VOLEIBOL DE PRAIA PREPARADA AO PORMENOR"},"content":{"rendered":"<p class=\"descricaonoticia\" align=\"center\"><a href=\"https:\/\/www.fpvoleibol.pt\/noticias\/2020\/imagens\/cafpv_elzir_martins_gd.jpg\" target=\"_blank\" rel=\"noopener noreferrer\"><img loading=\"lazy\" decoding=\"async\" src=\"https:\/\/www.fpvoleibol.pt\/noticias\/2020\/imagens\/cafpv_elzir_martins_pq.jpg\" width=\"430\" height=\"608\" border=\"1\" \/><\/a><\/p>\n<p class=\"descricaonoticia\" align=\"justify\">O brasileiro\u00a0<strong>Elzir Martins<\/strong>, ex-\u00e1rbitro internacional e actual \u00e1rbitro de Videoarbitragem, \u00e9 o pr\u00f3ximo convidado do ciclo de videoconfer\u00eancias denominado\u00a0<strong>\u00abUm Apito com\u2026\u00bb<\/strong>\u00a0e subordinado ao tema \u00ab<span class=\"auto-style1\">Mais valias da Videoarbitragem\u00bb<\/span>, cuja sess\u00e3o vai ter lugar na pr\u00f3xima segunda-feira, dia 13 de Julho, pelas 21h30.<br \/>\nTrata-se de novo de um convidado proveniente do outro lado do Atl\u00e2ntico \u2013 mais concretamente do Rio de Janeiro, cidade que det\u00e9m o maior n\u00famero de campos de Voleibol de Praia na Am\u00e9rica do Sul \u2013 e uma refer\u00eancia a n\u00edvel mundial na arbitragem na praia.<br \/>\nElzir Martins esteve presente como \u00e1rbitro nos Jogos Ol\u00edmpicos de Sydney, Atenas e Rio de Janeiro, este \u00faltimo onde tamb\u00e9m actuou como v\u00eddeo-\u00e1rbitro, estando nomeado para os Jogos Ol\u00edmpicos de T\u00f3quio.<\/p>\n<p class=\"descricaonoticia\" align=\"justify\">&#8220;Assim sendo, est\u00e3o reunidas as condi\u00e7\u00f5es para o\u00a0<strong>Conselho de Arbitragem da Federa\u00e7\u00e3o Portuguesa de Voleibol (CAFPV)\u00a0<\/strong>proporcionar mais uma excelente oportunidade aos \u00e1rbitros portugueses internacionais e de n\u00edvel III de Voleibol de Praia, para aproveitarem este tempo final de aus\u00eancia de competi\u00e7\u00e3o&#8221; \u2013 o Voleibol de Praia arranca no dia 17 de Julho em Cortega\u00e7a<strong>*<\/strong>\u00a0\u2013 para assistirem e se preparem ainda melhor para o Campeonato Lidl 2020, em mais uma sess\u00e3o de qualidade ineg\u00e1vel e com algumas novidades, aqui adiantadas pelo seu Presidente, Avelino Azevedo, tamb\u00e9m ele um v\u00eddeo-\u00e1rbitro nas provas da FIVB:<br \/>\n\u201c<em>Apesar de n\u00e3o termos o sistema de Videoarbitragem implementado em Portugal e ele s\u00f3 acontecer nas grandes provas mundiais de Voleibol de Praia, opt\u00e1mos por abordar esta \u00e1rea nesta sess\u00e3o de arbitragem de praia, n\u00e3o s\u00f3 porque ela \u00e9 referencial em termos internacionais, como mostra aos nossos \u00e1rbitros o actual caminho da evolu\u00e7\u00e3o das regras e da arbitragem internacional com uma refer\u00eancia internacional. Elzir Martins dirigiu mais de 5 mil jogos das FIVB de Voleibol de Praia como \u00e1rbitro, esteve em tr\u00eas edi\u00e7\u00f5es dos Jogos Ol\u00edmpicos e est\u00e1 nomeado para T\u00f3quio, pelo que nos garante uma qualidade ineg\u00e1ve<\/em>l&#8221;.<\/p>\n<p class=\"descricaonoticia\" align=\"justify\">Mas a s\u00e9tima sess\u00e3o de \u00abUm apito com\u2026\u00bb n\u00e3o se esgota a\u00ed. Tamb\u00e9m inclui uma parte de prepara\u00e7\u00e3o para o Campeonato Nacional de Voleibol de Praia.<br \/>\n\u201c<em>Vamos aproveitar esta \u00faltima sess\u00e3o dedicada ao Voleibol de Praia para, antes e depois desta interven\u00e7\u00e3o, preparar devidamente, e como fazemos anualmente, a componente de arbitragem nesta variante do Voleibol. Assim, vamos ter uma sess\u00e3o antes da interven\u00e7\u00e3o do Elzir sobre as quest\u00f5es organizacionais desta prova, este ano tamb\u00e9m afectada pela pandemia. Numa segunda parte, Sandra Deveza e Rui Carvalho, dois dos nossos quatro \u00e1rbitros internacionais de praia, v\u00e3o apresentar um resumo das \u00abPrincipais altera\u00e7\u00f5es \u00e0s regras e protocolo de jogo\u00bb, bem como o que se passou no recente webinar da CEV sobre esta modalidade. Vai ser uma noite em cheio&#8221;<\/em>, promete o Presidente do CAFPV\u201d.<\/p>\n<p class=\"descricaonoticia\" align=\"justify\">Este conjunto de iniciativas visa melhorar todos os pressupostos para uma arbitragem nacional a um patamar mais elevado nas pr\u00f3ximas temporadas, contribuindo assim, de uma maneira construtiva e pedag\u00f3gica, para a melhoria e o desenvolvimento do Voleibol e do Voleibol de Praia em Portugal.<\/p>\n<p class=\"auto-style2\" align=\"justify\"><strong>* Troca com a etapa de Portim\u00e3o<\/strong><\/p>\n","protected":false},"excerpt":{"rendered":"<p>O brasileiro\u00a0Elzir Martins, ex-\u00e1rbitro internacional e actual \u00e1rbitro de Videoarbitragem, \u00e9 o pr\u00f3ximo convidado do ciclo de videoconfer\u00eancias denominado\u00a0\u00abUm Apito com\u2026\u00bb\u00a0e subordinado ao tema \u00abMais valias da Videoarbitragem\u00bb, cuja sess\u00e3o [&hellip;]<\/p>\n","protected":false},"author":1,"featured_media":854,"comment_status":"open","ping_status":"open","sticky":false,"template":"","format":"standard","meta":{"_monsterinsights_skip_tracking":false,"_monsterinsights_sitenote_active":false,"_monsterinsights_sitenote_note":"","_monsterinsights_sitenote_category":0,"footnotes":""},"categories":[11,9],"tags":[],"class_list":{"0":"post-853","1":"post","2":"type-post","3":"status-publish","4":"format-standard","5":"has-post-thumbnail","7":"category-formacao","8":"category-voleibol-de-praia","9":"czr-hentry"},"aioseo_notices":[],"_links":{"self":[{"href":"https:\/\/fpvoleibol.pt\/fpv\/wp-json\/wp\/v2\/posts\/853","targetHints":{"allow":["GET"]}}],"collection":[{"href":"https:\/\/fpvoleibol.pt\/fpv\/wp-json\/wp\/v2\/posts"}],"about":[{"href":"https:\/\/fpvoleibol.pt\/fpv\/wp-json\/wp\/v2\/types\/post"}],"author":[{"embeddable":true,"href":"https:\/\/fpvoleibol.pt\/fpv\/wp-json\/wp\/v2\/users\/1"}],"replies":[{"embeddable":true,"href":"https:\/\/fpvoleibol.pt\/fpv\/wp-json\/wp\/v2\/comments?post=853"}],"version-history":[{"count":1,"href":"https:\/\/fpvoleibol.pt\/fpv\/wp-json\/wp\/v2\/posts\/853\/revisions"}],"predecessor-version":[{"id":855,"href":"https:\/\/fpvoleibol.pt\/fpv\/wp-json\/wp\/v2\/posts\/853\/revisions\/855"}],"wp:featuredmedia":[{"embeddable":true,"href":"https:\/\/fpvoleibol.pt\/fpv\/wp-json\/wp\/v2\/media\/854"}],"wp:attachment":[{"href":"https:\/\/fpvoleibol.pt\/fpv\/wp-json\/wp\/v2\/media?parent=853"}],"wp:term":[{"taxonomy":"category","embeddable":true,"href":"https:\/\/fpvoleibol.pt\/fpv\/wp-json\/wp\/v2\/categories?post=853"},{"taxonomy":"post_tag","embeddable":true,"href":"https:\/\/fpvoleibol.pt\/fpv\/wp-json\/wp\/v2\/tags?post=853"}],"curies":[{"name":"wp","href":"https:\/\/api.w.org\/{rel}","templated":true}]}}