{"id":8503,"date":"2021-08-11T17:27:32","date_gmt":"2021-08-11T16:27:32","guid":{"rendered":"https:\/\/fpvoleibol.pt\/fpv\/?p=8503"},"modified":"2021-08-25T15:11:18","modified_gmt":"2021-08-25T14:11:18","slug":"seleccao-nacional-transpira-confianca","status":"publish","type":"post","link":"https:\/\/fpvoleibol.pt\/fpv\/2021\/08\/11\/seleccao-nacional-transpira-confianca\/","title":{"rendered":"SELEC\u00c7\u00c3O NACIONAL \u00abTRANSPIRA\u00bb CONFIAN\u00c7A"},"content":{"rendered":"<p><img loading=\"lazy\" decoding=\"async\" class=\"alignnone wp-image-8524 size-full\" src=\"https:\/\/fpvoleibol.pt\/fpv\/wp-content\/uploads\/2021\/08\/SNSM_2021_euro_d2.jpg\" alt=\"\" width=\"960\" height=\"640\" srcset=\"https:\/\/fpvoleibol.pt\/fpv\/wp-content\/uploads\/2021\/08\/SNSM_2021_euro_d2.jpg 960w, https:\/\/fpvoleibol.pt\/fpv\/wp-content\/uploads\/2021\/08\/SNSM_2021_euro_d2-300x200.jpg 300w, https:\/\/fpvoleibol.pt\/fpv\/wp-content\/uploads\/2021\/08\/SNSM_2021_euro_d2-768x512.jpg 768w\" sizes=\"auto, (max-width: 960px) 100vw, 960px\" \/><\/p>\n<p>A <strong>Selec\u00e7\u00e3o Nacional de Seniores Masculinos<\/strong>, liderada por\u00a0<strong>Hugo Silva<\/strong>, continua a preparar-se em Viana do Castelo com os <em>olhos fixos<\/em> na fase final do Campeonato da Europa 2021, a disputar de 1 a 19 de Setembro.<\/p>\n<p>\u00c0 entrada para a terceira semana de est\u00e1gio, o <strong>Seleccionador Nacional<\/strong> faz o ponto da situa\u00e7\u00e3o.<\/p>\n<p>\u2013 <strong>Como est\u00e3o a correr os trabalhos da Selec\u00e7\u00e3o e qual \u00e9 o estado de esp\u00edrito que predomina no grupo (equipa t\u00e9cnica, jogadores)<\/strong>?<br \/>\n\u201c<em>Como em qualquer in\u00edcio de \u00e9poca, tem sido doloroso para eles, mas enquanto atletas de refer\u00eancia, os nossos jogadores t\u00eam consci\u00eancia que o sacrif\u00edcio feito agora vai-nos permitir colher frutos mais \u00e0 frente e, como tal, para al\u00e9m de todo o esfor\u00e7o e resili\u00eancia, est\u00e1 um sinal muito positivo de confian\u00e7a e optimismo no futuro<\/em>\u201d.<\/p>\n<p>\u2013 <strong>O que \u00e9 preciso \u00abtrabalhar\u00bb para a Selec\u00e7\u00e3o estar apta para conseguir passar \u00e0 fase eliminat\u00f3ria do Europeu pela primeira vez<\/strong>?<br \/>\n\u201c<em>No Voleibol, \u00e9 preciso sempre trabalhar tudo, mas toda a gente sabe que ao mais alto n\u00edvel a resolu\u00e7\u00e3o das bolas altas e as de maior dificuldade na constru\u00e7\u00e3o do jogo t\u00eam ditado o desfecho de sets e jogos, isto a par de um bom servi\u00e7o. Desta forma, temos de trabalhar tudo para encontrar a perfei\u00e7\u00e3o, mas conscientes de que a aten\u00e7\u00e3o deve estar focada nestes dois aspectos, decisivos para o que n\u00f3s queremos<\/em>\u201d.<\/p>\n<p>\u2013 <strong>Os Jogos Ol\u00edmpicos terminaram com as selec\u00e7\u00f5es da Europa em grande.<\/strong>..<br \/>\n\u201c<em>Pelo que pude assistir nos Jogos Ol\u00edmpicos, o n\u00edvel est\u00e1 impressionante e sabemos que para ir atr\u00e1s destas colossais selec\u00e7\u00f5es temos que correr sempre muito e bem, para al\u00e9m de encontrar solu\u00e7\u00f5es a longo prazo para melhorar o que j\u00e1 temos neste momento. N\u00e3o podemos estar nunca na zona de conforto, pois se assim for, vamos ficar para tr\u00e1s e, como j\u00e1 disse, todos juntos temos que nos unir e <\/em>abanar<em> com esta ideia de que \u201c<\/em>tudo est\u00e1 bem<em>\u201d quando n\u00e3o est\u00e1, para bem do nosso Voleibol masculino, pois caso contr\u00e1rio n\u00e3o s\u00f3 vamos perder o comboio, como n\u00e3o o vamos ver a passar t\u00e3o cedo<\/em>\u201d.<\/p>\n<p>\u2013 <strong>Ap\u00f3s uma primeira parte da prepara\u00e7\u00e3o dedicada \u00e0 recupera\u00e7\u00e3o f\u00edsica dos atletas, o que \u00e9 que v\u00e3o procurar fazer no tempo que medeia a entrada em ac\u00e7\u00e3o no Campeonato da Europa<\/strong>?<br \/>\n\u201c<em>Depois de tratarmos dos alicerces e dos muros da casa, vamos equip\u00e1-la com o que de melhor l\u00e1 pudermos colocar e assim fazer dela n\u00e3o a mais bonita mas a mais segura, de modo a aguentar a for\u00e7a dos nossos advers\u00e1rios. Desta forma, temos que \u201ccorrigir\u201d e \u201cacertar\u201d; s\u00e3o estas as palavras de ordem neste momento, sem nunca desesperar, pois o nosso esp\u00edrito tem de ser de supera\u00e7\u00e3o e conquista.<\/em><br \/>\n<em>Esta quarta-feira* temos uma actividade de grupo no Ger\u00eas, que compreende uma dura e desafiante caminhada de enorme dificuldade para todos, mas acredito que todos a vamos querer superar com distin\u00e7\u00e3o<\/em>\u201d.<\/p>\n<p><img loading=\"lazy\" decoding=\"async\" class=\"size-full wp-image-8553 aligncenter\" src=\"https:\/\/fpvoleibol.pt\/fpv\/wp-content\/uploads\/2021\/08\/tviolas_8b.jpg\" alt=\"\" width=\"960\" height=\"856\" srcset=\"https:\/\/fpvoleibol.pt\/fpv\/wp-content\/uploads\/2021\/08\/tviolas_8b.jpg 960w, https:\/\/fpvoleibol.pt\/fpv\/wp-content\/uploads\/2021\/08\/tviolas_8b-300x268.jpg 300w, https:\/\/fpvoleibol.pt\/fpv\/wp-content\/uploads\/2021\/08\/tviolas_8b-768x685.jpg 768w\" sizes=\"auto, (max-width: 960px) 100vw, 960px\" \/><\/p>\n<p><strong>Tiago Violas<\/strong>, campe\u00e3o nacional pelo SL Benfica, tamb\u00e9m seguiu com aten\u00e7\u00e3o as performances ol\u00edmpicas de eventuais futuros advers\u00e1rios:<br \/>\n&#8220;<em>Acompanhei bastante as transmiss\u00f5es do Voleibol nos Jogos Ol\u00edmpicos e n\u00e3o me surpreendeu o grande n\u00edvel apresentado pelas equipas europeias. Temos v\u00e1rias equipas na Europa com muita qualidade e a melhor prova dessa concorr\u00eancia acesa a n\u00edvel do continente \u00e9 o facto de a campe\u00e3 e a vice-campe\u00e3 europeias n\u00e3o se terem apurado para os jogos de T\u00f3quio 2020<\/em>&#8220;.<\/p>\n<p>Quanto \u00e0 Selec\u00e7\u00e3o Nacional, todos os seus elementos est\u00e3o j\u00e1 focados no objectivo principal:<br \/>\n&#8220;<em>Temos trabalhado imenso, com grande intensidade e igualmente com muita vontade de chegar bem ao Europeu, em Setembro<\/em>&#8220;, salienta o distribuidor lusitano, acrescentando: &#8220;<em>Estamos todos conscientes de que precisamos de apresentar um n\u00edvel id\u00eantico ou mesmo superior ao que apresent\u00e1mos na qualifica\u00e7\u00e3o, se nos quisermos bater de igual para igual com as equipas do nosso grupo.<br \/>\nNa minha opini\u00e3o, fic\u00e1mos no grupo mais dif\u00edcil da competi\u00e7\u00e3o e, por isso mesmo, n\u00e3o vai ser uma tarefa nada f\u00e1cil a passagem \u00e0 fase eliminat\u00f3ria. Mas n\u00f3s acreditamos imenso que \u00e9 poss\u00edvel a qualifica\u00e7\u00e3o para a pr\u00f3xima fase e \u00e9 com esse esp\u00edrito que vamos encarar cada ponto de cada jogo do in\u00edcio ao fim<\/em>&#8220;.<\/p>\n<p>&nbsp;<\/p>\n<p style=\"text-align: center;\"><img loading=\"lazy\" decoding=\"async\" class=\"alignnone size-full wp-image-8563\" src=\"https:\/\/fpvoleibol.pt\/fpv\/wp-content\/uploads\/2021\/08\/seleccao_geres1.jpg\" alt=\"\" width=\"960\" height=\"640\" srcset=\"https:\/\/fpvoleibol.pt\/fpv\/wp-content\/uploads\/2021\/08\/seleccao_geres1.jpg 960w, https:\/\/fpvoleibol.pt\/fpv\/wp-content\/uploads\/2021\/08\/seleccao_geres1-300x200.jpg 300w, https:\/\/fpvoleibol.pt\/fpv\/wp-content\/uploads\/2021\/08\/seleccao_geres1-768x512.jpg 768w\" sizes=\"auto, (max-width: 960px) 100vw, 960px\" \/><span style=\"font-size: 8pt;\"><strong>Selec\u00e7\u00e3o Nacional no Ger\u00eas com esp\u00edrito de conquistadora<br \/>\n<img loading=\"lazy\" decoding=\"async\" class=\"alignnone size-full wp-image-8564\" src=\"https:\/\/fpvoleibol.pt\/fpv\/wp-content\/uploads\/2021\/08\/seleccao_geres2.jpg\" alt=\"\" width=\"960\" height=\"640\" srcset=\"https:\/\/fpvoleibol.pt\/fpv\/wp-content\/uploads\/2021\/08\/seleccao_geres2.jpg 960w, https:\/\/fpvoleibol.pt\/fpv\/wp-content\/uploads\/2021\/08\/seleccao_geres2-300x200.jpg 300w, https:\/\/fpvoleibol.pt\/fpv\/wp-content\/uploads\/2021\/08\/seleccao_geres2-768x512.jpg 768w\" sizes=\"auto, (max-width: 960px) 100vw, 960px\" \/><\/strong><\/span><\/p>\n<p>Do plano de prepara\u00e7\u00e3o dos 16 jogadores convocados, e se as condi\u00e7\u00f5es relativas \u00e0 pandemia n\u00e3o sofrerem grandes altera\u00e7\u00f5es, constam est\u00e1gios com a Espanha (j\u00e1 na pr\u00f3xima semana) e na Eslov\u00e1quia. Ver <a href=\"https:\/\/fpvoleibol.pt\/fpv\/wp-content\/uploads\/2021\/06\/SNSM_EuroVolley2021_plano-prov.pdf\">Plano Provis\u00f3rio aqui<\/a>*<\/p>\n<p>Na <strong>Pool A<\/strong>\u00a0da fase de grupos do\u00a0<a href=\"https:\/\/eurovolley.cev.eu\/en\/men-2021\/\">Campeonato da Europa de 2021<\/a>, a Selec\u00e7\u00e3o Portuguesa vai medir for\u00e7as com as suas cong\u00e9neres da Pol\u00f3nia, B\u00e9lgica, S\u00e9rvia, Ucr\u00e2nia e Gr\u00e9cia.<\/p>\n<p style=\"text-align: center;\"><img loading=\"lazy\" decoding=\"async\" class=\"alignnone wp-image-8527 size-full\" src=\"https:\/\/fpvoleibol.pt\/fpv\/wp-content\/uploads\/2021\/08\/SNSM_2021_euro_d.jpg\" alt=\"\" width=\"960\" height=\"640\" srcset=\"https:\/\/fpvoleibol.pt\/fpv\/wp-content\/uploads\/2021\/08\/SNSM_2021_euro_d.jpg 960w, https:\/\/fpvoleibol.pt\/fpv\/wp-content\/uploads\/2021\/08\/SNSM_2021_euro_d-300x200.jpg 300w, https:\/\/fpvoleibol.pt\/fpv\/wp-content\/uploads\/2021\/08\/SNSM_2021_euro_d-768x512.jpg 768w\" sizes=\"auto, (max-width: 960px) 100vw, 960px\" \/><\/p>\n<p style=\"text-align: center;\"><span style=\"text-decoration: underline;\"><strong>Convocat\u00f3ria (16 jogadores)<\/strong><\/span><\/p>\n<p><strong>Miguel Rodrigues<\/strong>\u00a0(Cuprum Lubin\/Pol\u00f3nia) \u2013 Distribuidor<br \/>\n<strong>Tiago Violas<\/strong>\u00a0(SL Benfica) \u2013 Distribuidor<\/p>\n<p><strong>Phelipe Martins<\/strong>\u00a0(Leix\u00f5es SC) \u2013 Central<br \/>\n<strong>Miguel Sinfr\u00f3nio<\/strong>\u00a0(SL Benfica) \u2013 Central<br \/>\n<strong>Filip Cveticanin<\/strong>\u00a0(SC Espinho) \u2013 Central<br \/>\n<strong>Jos\u00e9 Pedro Andrade<\/strong>\u00a0(Esmoriz GC) \u2013 Central<\/p>\n<p><strong>Alexandre Ferreira<\/strong>\u00a0(Seoul Woori Card Wibee VB\/Coreia do Sul) \u2013 Zona 4<br \/>\n<strong>Andr\u00e9 Lopes\u00a0<\/strong>(SL Benfica) \u2013 Zona 4<strong><br \/>\nNuno Marques\u00a0<\/strong>(SL Benfica) \u2013 Zona 4<strong><br \/>\nLouren\u00e7o Martins<\/strong>\u00a0(SAEMS Tourcoing\/Fran\u00e7a) \u2013 Zona 4<br \/>\n<strong>Andr\u00e9 Marques<\/strong>\u00a0(Cast\u00ealo da Maia GC) \u2013 Zona 4<\/p>\n<p><strong>Marco Ferreira<\/strong>\u00a0(Al Jazira SC\/Emirados \u00c1rabes Unidos) \u2013 Oposto<br \/>\n<strong>Hugo Gaspar<\/strong>\u00a0(SL Benfica) \u2013 Oposto<br \/>\n<strong>Bruno Cunha<\/strong>\u00a0(AJ Fonte Bastardo) \u2013 Oposto<\/p>\n<p><strong>Gil Meireles<\/strong>\u00a0(Sporting CP) \u2013 Libero<br \/>\n<strong>Ivo Casas<\/strong>\u00a0(SL Benfica) \u2013 Libero<\/p>\n<p>O calend\u00e1rio de jogos do\u00a0<a href=\"https:\/\/www.cev.eu\/Competition-Area\/CompetitionView.aspx?ID=1247\"><strong>Campeonato da Europa de Seniores Masculinos 2021<\/strong><\/a>, a disputar de 1 a 19 de Setembro em quatro pa\u00edses \u2013 Pol\u00f3nia, Rep\u00fablica Checa, Finl\u00e2ndia e Est\u00f3nia \u2013, est\u00e1 definido.<br \/>\nOs jogos inaugurais do EuroVolley ser\u00e3o disputados na Finl\u00e2ndia e na Est\u00f3nia, respectivamente sedes da Pool C e da Pool D, com os n\u00f3rdicos a defrontarem a Maced\u00f3nia e os est\u00f3nios a enfrentarem a Let\u00f3nia, no dia 1 de Setembro \u00e0s 19h00 locais.<\/p>\n<p>A S\u00e9rvia, campe\u00e3 europeia em t\u00edtulo, e a Pol\u00f3nia, bicampe\u00e3 mundial e medalha de bronze na \u00faltima edi\u00e7\u00e3o do Campeonato da Europa, entram em ac\u00e7\u00e3o no dia 2 de Setembro.<br \/>\nOs s\u00e9rvios defrontam a B\u00e9lgica e os polacos\u2026 a Selec\u00e7\u00e3o Portuguesa, que vai medir for\u00e7as com as suas cong\u00e9neres da Pol\u00f3nia, B\u00e9lgica, S\u00e9rvia, Ucr\u00e2nia e Gr\u00e9cia, na\u00a0<strong>Pool A<\/strong>\u00a0da fase de grupos do\u00a0<a href=\"https:\/\/eurovolley.cev.eu\/en\/men-2021\/\">Campeonato da Europa de 2021<\/a>.<\/p>\n<p style=\"text-align: center;\"><strong>Calend\u00e1rio da Pool A \u2013 1.\u00aa Fase<\/strong><br \/>\n<strong>(Crac\u00f3via \u2013 Pol\u00f3nia\/Hora local)<\/strong><\/p>\n<p style=\"text-align: center;\"><strong>Dia 2 de Setembro<\/strong><br \/>\n14h30 \u2013 Gr\u00e9cia x Ucr\u00e2nia<br \/>\n<strong>17h30<\/strong> \u2013 Pol\u00f3nia x PORTUGAL#<br \/>\n20h30 \u2013 B\u00e9lgica x S\u00e9rvia#<\/p>\n<p style=\"text-align: center;\"><strong>Dia 3 de Setembro<\/strong><br \/>\n17h30 \u2013 B\u00e9lgica x PORTUGAL<br \/>\n20h30 \u2013 Ucr\u00e2nia x S\u00e9rvia<br \/>\n<strong>Folgam:<\/strong>\u00a0Pol\u00f3nia e Gr\u00e9cia<\/p>\n<p style=\"text-align: center;\"><strong>Dia 4 de Setembro<\/strong><br \/>\n17h30 \u2013B\u00e9lgica x Gr\u00e9cia<br \/>\n20h30 \u2013 S\u00e9rvia x Pol\u00f3nia<br \/>\n<strong>Folgam<\/strong>: Portugal e Ucr\u00e2nia<\/p>\n<p style=\"text-align: center;\"><strong>Dia 5 de Setembro<\/strong><br \/>\n17h30 \u2013 PORTUGAL x Ucr\u00e2nia<br \/>\n20h30 \u2013 Gr\u00e9cia x Pol\u00f3nia<br \/>\n<strong>Folgam<\/strong>: S\u00e9rvia e B\u00e9lgica<\/p>\n<p style=\"text-align: center;\"><strong>Dia 6 de Setembro<\/strong><br \/>\n17h30 \u2013 PORTUGAL x S\u00e9rvia<br \/>\n20h30 \u2013 Pol\u00f3nia x B\u00e9lgica<br \/>\n<strong>Folgam<\/strong>: Ucr\u00e2nia e Gr\u00e9cia<\/p>\n<p style=\"text-align: center;\"><strong>Dia 7 de Setembro<\/strong><br \/>\n17h30 \u2013 S\u00e9rvia x Gr\u00e9cia<br \/>\n20h30 \u2013 Ucr\u00e2nia x B\u00e9lgica<br \/>\n<strong>Folgam<\/strong>: Portugal e Pol\u00f3nia<\/p>\n<p style=\"text-align: center;\"><strong>Dia 8 de Setembro<\/strong><br \/>\n17h30 \u2013 Pol\u00f3nia x Ucr\u00e2nia#<br \/>\n<strong>20h30<\/strong> \u2013 Gr\u00e9cia x PORTUGAL#<br \/>\n<strong>Folgam<\/strong>: S\u00e9rvia e B\u00e9lgica<br \/>\n<span style=\"font-size: 8pt;\"><strong>#Hor\u00e1rio alterado<\/strong><\/span><\/p>\n<p style=\"text-align: center;\"><span style=\"text-decoration: underline;\">Os jogos do Europeu 2021 ser\u00e3o transmitidos em directo no <a href=\"https:\/\/www.eurovolley.tv\/en-int\/page\/home-cev\">EuroVolley.TV (CEV)<\/a> e na <a href=\"https:\/\/www.sporttv.pt\/pesquisa\/voleibol\/\">Sport TV<\/a><\/span><\/p>\n<p class=\"\" style=\"text-align: center;\"><img loading=\"lazy\" decoding=\"async\" class=\"alignnone size-large wp-image-7544\" src=\"https:\/\/fpvoleibol.pt\/fpv\/wp-content\/uploads\/2021\/07\/ev2021-m-pool-phases-final_d2-729x1024.jpg\" alt=\"\" width=\"729\" height=\"1024\" srcset=\"https:\/\/fpvoleibol.pt\/fpv\/wp-content\/uploads\/2021\/07\/ev2021-m-pool-phases-final_d2-729x1024.jpg 729w, https:\/\/fpvoleibol.pt\/fpv\/wp-content\/uploads\/2021\/07\/ev2021-m-pool-phases-final_d2-213x300.jpg 213w, https:\/\/fpvoleibol.pt\/fpv\/wp-content\/uploads\/2021\/07\/ev2021-m-pool-phases-final_d2-768x1079.jpg 768w, https:\/\/fpvoleibol.pt\/fpv\/wp-content\/uploads\/2021\/07\/ev2021-m-pool-phases-final_d2-1093x1536.jpg 1093w, https:\/\/fpvoleibol.pt\/fpv\/wp-content\/uploads\/2021\/07\/ev2021-m-pool-phases-final_d2-1457x2048.jpg 1457w, https:\/\/fpvoleibol.pt\/fpv\/wp-content\/uploads\/2021\/07\/ev2021-m-pool-phases-final_d2-scaled.jpg 1821w\" sizes=\"auto, (max-width: 729px) 100vw, 729px\" \/><\/p>\n<p>A\u00a0<strong>Pool A<\/strong>, que ter\u00e1 sede na cidade polaca de Crac\u00f3via,\u00a0<em>cruza<\/em>\u00a0nos oitavos-de-final com a Pool C, a disputar na cidade finlandesa de Tampere, grupo que \u00e9 formado pelas selec\u00e7\u00f5es de Finl\u00e2ndia, R\u00fassia, Holanda, Turquia, Espanha e Maced\u00f3nia.<\/p>\n<p>Para al\u00e9m da Selec\u00e7\u00e3o Nacional, destaque para a presen\u00e7a no EuroVolley 2021 de outro representante do nosso Pa\u00eds, o internacional\u00a0<strong>Ricardo Ferreira<\/strong>, que vai integrar a equipa de arbitragem nomeada para a competi\u00e7\u00e3o.<\/p>\n<p>Quanto \u00e0s selec\u00e7\u00f5es, s\u00e3o 24 as que conquistaram o direito de disputar, de 1 a 19 de Setembro, a fase final do Campeonato da Europa de Seniores Masculinos 2021.<br \/>\n\u00c0s 12 selec\u00e7\u00f5es com participa\u00e7\u00e3o previamente assegurada, 4 como organizadores (Est\u00f3nia, Finl\u00e2ndia, Pol\u00f3nia e Rep\u00fablica Checa) e 8 como resultado da classifica\u00e7\u00e3o alcan\u00e7ada na\u00a0<a href=\"https:\/\/eurovolley.cev.eu\/en\/2019\/men\/\">\u00faltima edi\u00e7\u00e3o da competi\u00e7\u00e3o<\/a>\u00a0(S\u00e9rvia, Eslov\u00e9nia, Fran\u00e7a, R\u00fassia, It\u00e1lia, Ucr\u00e2nia, Alemanha e B\u00e9lgica), juntaram-se depois Holanda, Cro\u00e1cia (1.\u00aa e 2.\u00aa classificadas na Pool A), Bulg\u00e1ria (Pool B), Turquia, Maced\u00f3nia (Pool C), Let\u00f3nia, Espanha (Pool D), Eslov\u00e1quia (Pool E), Montenegro, Gr\u00e9cia (Pool F),\u00a0<strong>Portugal<\/strong>\u00a0e Bielorr\u00fassia (Pool G).<\/p>\n<p>Portugal e Bulg\u00e1ria foram as \u00fanicas selec\u00e7\u00f5es que venceram todos os jogos disputados na fase de qualifica\u00e7\u00e3o. Ver mais\u00a0<a href=\"https:\/\/eurovolley.cev.eu\/en\/men-2021\/qualifiers-area\/\">informa\u00e7\u00f5es aqui<\/a><\/p>\n<p>Pela segunda vez na hist\u00f3ria da competi\u00e7\u00e3o, o EuroVolley contar\u00e1 com 24 selec\u00e7\u00f5es participantes.\u00a0Pol\u00f3nia, Rep\u00fablica Checa, Finl\u00e2ndia e Est\u00f3nia encabe\u00e7am as pools que acolhem, respectivamente A, B, C e D.<\/p>\n<p class=\"\"><img loading=\"lazy\" decoding=\"async\" class=\"alignnone size-large wp-image-7547\" src=\"https:\/\/fpvoleibol.pt\/fpv\/wp-content\/uploads\/2021\/07\/ev2021-m-pool-phases-final_d3-987x1024.jpg\" alt=\"\" width=\"987\" height=\"1024\" srcset=\"https:\/\/fpvoleibol.pt\/fpv\/wp-content\/uploads\/2021\/07\/ev2021-m-pool-phases-final_d3-987x1024.jpg 987w, https:\/\/fpvoleibol.pt\/fpv\/wp-content\/uploads\/2021\/07\/ev2021-m-pool-phases-final_d3-289x300.jpg 289w, https:\/\/fpvoleibol.pt\/fpv\/wp-content\/uploads\/2021\/07\/ev2021-m-pool-phases-final_d3-768x796.jpg 768w, https:\/\/fpvoleibol.pt\/fpv\/wp-content\/uploads\/2021\/07\/ev2021-m-pool-phases-final_d3-1481x1536.jpg 1481w, https:\/\/fpvoleibol.pt\/fpv\/wp-content\/uploads\/2021\/07\/ev2021-m-pool-phases-final_d3-1975x2048.jpg 1975w, https:\/\/fpvoleibol.pt\/fpv\/wp-content\/uploads\/2021\/07\/ev2021-m-pool-phases-final_d3.jpg 2000w\" sizes=\"auto, (max-width: 987px) 100vw, 987px\" \/><\/p>\n<p>Nos\u00a0<strong>oitavos-de-final (11 a 13 de Setembro)<\/strong>, os quatro primeiros classificados da Pool A defrontam os quatro primeiros da Pool C (1.\u00ba A x 4.\u00ba C, 2.\u00ba A x 3.\u00ba C, 3.\u00ba A x 2.\u00ba C e 4.\u00ba A x 1.\u00ba C) e os quatro melhores da Pool B enfrentam os da Pool D (1.\u00ba B x 4.\u00ba D, 2.\u00ba B x 3.\u00ba D, 3.\u00ba B x 2.\u00ba D e 4.\u00ba B x 1.\u00ba D).<\/p>\n<p>Os\u00a0<strong>quartos-de-final (14 e 15 de Setembro)<\/strong>\u00a0ser\u00e3o disputados nas cidades de Gdansk (Pol\u00f3nia) e Ostrava (Rep\u00fablica Checa).<\/p>\n<p>A Pol\u00f3nia receber\u00e1 em Katowice as\u00a0<strong>meias-finais (18 de Setembro)<\/strong>\u00a0e o\u00a0<strong>jogo de atribui\u00e7\u00e3o dos 3.\u00ba e 4.\u00ba lugares\u00a0<\/strong>e<strong>\u00a0Final\u00a0<\/strong>do EuroVolley 2021<strong>\u00a0(19 de Setembro)<\/strong>.<\/p>\n","protected":false},"excerpt":{"rendered":"<p>A Selec\u00e7\u00e3o Nacional de Seniores Masculinos, liderada por\u00a0Hugo Silva, continua a preparar-se em Viana do Castelo com os olhos fixos na fase final do Campeonato da Europa 2021, a disputar [&hellip;]<\/p>\n","protected":false},"author":2,"featured_media":8525,"comment_status":"open","ping_status":"open","sticky":false,"template":"","format":"standard","meta":{"_monsterinsights_skip_tracking":false,"_monsterinsights_sitenote_active":false,"_monsterinsights_sitenote_note":"","_monsterinsights_sitenote_category":0,"footnotes":""},"categories":[8],"tags":[36],"class_list":{"0":"post-8503","1":"post","2":"type-post","3":"status-publish","4":"format-standard","5":"has-post-thumbnail","7":"category-voleibol","8":"tag-eurovolley2021-seniores-masculinos","9":"czr-hentry"},"aioseo_notices":[],"_links":{"self":[{"href":"https:\/\/fpvoleibol.pt\/fpv\/wp-json\/wp\/v2\/posts\/8503","targetHints":{"allow":["GET"]}}],"collection":[{"href":"https:\/\/fpvoleibol.pt\/fpv\/wp-json\/wp\/v2\/posts"}],"about":[{"href":"https:\/\/fpvoleibol.pt\/fpv\/wp-json\/wp\/v2\/types\/post"}],"author":[{"embeddable":true,"href":"https:\/\/fpvoleibol.pt\/fpv\/wp-json\/wp\/v2\/users\/2"}],"replies":[{"embeddable":true,"href":"https:\/\/fpvoleibol.pt\/fpv\/wp-json\/wp\/v2\/comments?post=8503"}],"version-history":[{"count":17,"href":"https:\/\/fpvoleibol.pt\/fpv\/wp-json\/wp\/v2\/posts\/8503\/revisions"}],"predecessor-version":[{"id":8932,"href":"https:\/\/fpvoleibol.pt\/fpv\/wp-json\/wp\/v2\/posts\/8503\/revisions\/8932"}],"wp:featuredmedia":[{"embeddable":true,"href":"https:\/\/fpvoleibol.pt\/fpv\/wp-json\/wp\/v2\/media\/8525"}],"wp:attachment":[{"href":"https:\/\/fpvoleibol.pt\/fpv\/wp-json\/wp\/v2\/media?parent=8503"}],"wp:term":[{"taxonomy":"category","embeddable":true,"href":"https:\/\/fpvoleibol.pt\/fpv\/wp-json\/wp\/v2\/categories?post=8503"},{"taxonomy":"post_tag","embeddable":true,"href":"https:\/\/fpvoleibol.pt\/fpv\/wp-json\/wp\/v2\/tags?post=8503"}],"curies":[{"name":"wp","href":"https:\/\/api.w.org\/{rel}","templated":true}]}}