{"id":8486,"date":"2021-08-10T10:58:10","date_gmt":"2021-08-10T09:58:10","guid":{"rendered":"https:\/\/fpvoleibol.pt\/fpv\/?p=8486"},"modified":"2021-08-10T15:01:15","modified_gmt":"2021-08-10T14:01:15","slug":"eurobeachvolley-2021","status":"publish","type":"post","link":"https:\/\/fpvoleibol.pt\/fpv\/2021\/08\/10\/eurobeachvolley-2021\/","title":{"rendered":"EUROBEACHVOLLEY 2021"},"content":{"rendered":"<p><img loading=\"lazy\" decoding=\"async\" class=\"size-full wp-image-7817 aligncenter\" src=\"https:\/\/fpvoleibol.pt\/fpv\/wp-content\/uploads\/2021\/07\/cev_euro2021_d.jpg\" alt=\"\" width=\"960\" height=\"559\" srcset=\"https:\/\/fpvoleibol.pt\/fpv\/wp-content\/uploads\/2021\/07\/cev_euro2021_d.jpg 960w, https:\/\/fpvoleibol.pt\/fpv\/wp-content\/uploads\/2021\/07\/cev_euro2021_d-300x175.jpg 300w, https:\/\/fpvoleibol.pt\/fpv\/wp-content\/uploads\/2021\/07\/cev_euro2021_d-768x447.jpg 768w\" sizes=\"auto, (max-width: 960px) 100vw, 960px\" \/><\/p>\n<p>O <strong>Campeonato da Europa de Voleibol de Praia 2021<\/strong> &#8211; seniores femininos e masculinos realiza-se nos dias 11 a 15 de Agosto em Viena, capital da \u00c1ustria.<\/p>\n<p>Em femininos, \u00e9 a dupla su\u00ed\u00e7a Joana Heidrich\/Anouk Verg\u00e9-D\u00e9pr\u00e9, medalha de bronze nos Jogos Ol\u00edmpicos de T\u00f3quio 2020, que det\u00e9m o ceptro europeu, conquistado em Jurmala, na Let\u00f3nia, em 2020.<br \/>\nCampe\u00e3 ol\u00edmpica no Rio de Janeiro 2016, a alem\u00e3 Laura Ludwig \u00e9 a mais bem sucedida jogadora da hist\u00f3ria do Campeonato da Europa, com quatro t\u00edtulos de campe\u00e3 (dois com Sara Goller, em 2008 e 2010, e outros dois com Kira Walkenhorst, em 2015 e 2016). Ludwig apresenta uma colec\u00e7\u00e3o impressionante de 9 medalhas no #EuroBeachVolley.<br \/>\nSeguem-se na lista das medalhadas as italianas Laura Bruschini e Annamaria Solazzi (1997, 1999 e 2000) e a grega Vassou Karadassiou (2001, 2005 e 2007).<\/p>\n<p>Em masculinos, campe\u00f5es ol\u00edmpicos em t\u00edtulo, os noruegueses Anders Mol e Christian Sorum venceram as \u00faltimas tr\u00eas edi\u00e7\u00f5es da prova, enquanto o alem\u00e3o Jonas Reckermann, campe\u00e3o ol\u00edmpico em Londres 2012, conquistou<br \/>\nj\u00e1 quatro t\u00edtulos de campe\u00e3o europeu: dois com Markus Dieckmann (2002 e 2004) e dois com Julius Brink (2011 e 2012).<br \/>\nEntre as duplas que j\u00e1 venceram por tr\u00eas vezes o #EuroBeachVolley, aparecem Martin e Paul Laciga (Su\u00ed\u00e7a), Reinder Nummerdor\/Richard Schuil (Holanda) e Paolo Nicolai\/Daniele Lupo (It\u00e1lia). Julius Brink tamb\u00e9m venceu a competi\u00e7\u00e3o em tr\u00eas ocasi\u00f5es: duas com Reckermann e uma com Christoph Dieckmann.<\/p>\n<p>Portugal est\u00e1 representado ao n\u00edvel da arbitragem por <span style=\"text-decoration: underline;\">Avelino Azevedo<\/span>, Presidente do Conselho de Arbitragem da FPV, como v\u00eddeo-\u00e1rbitro.<\/p>\n<p>Ser\u00e3o 32 as duplas, 16 de femininos e 16 de masculinos, que procurar\u00e3o erguer o trof\u00e9u de campe\u00e3s europeias no Wiener Eislaufverein, um est\u00e1dio com capacidade para 2.150 espectadores, distribu\u00eddos por 3 <em>n\u00edveis<\/em>, de acordo com as restri\u00e7\u00f5es sanit\u00e1rias em vigor.<\/p>\n<p>O <em>prize money<\/em> \u00e9 de 100 mil euros por g\u00e9nero. Mais informa\u00e7\u00f5es sobre o CEV EuroBeachVolley 2021 <a href=\"https:\/\/eurobeachvolley.cev.eu\/en\/2021\/\">aqui<\/a><\/p>\n<p><img loading=\"lazy\" decoding=\"async\" class=\"size-full wp-image-8490 aligncenter\" src=\"https:\/\/fpvoleibol.pt\/fpv\/wp-content\/uploads\/2021\/08\/BV_Vienna_d.jpg\" alt=\"\" width=\"960\" height=\"1004\" srcset=\"https:\/\/fpvoleibol.pt\/fpv\/wp-content\/uploads\/2021\/08\/BV_Vienna_d.jpg 960w, https:\/\/fpvoleibol.pt\/fpv\/wp-content\/uploads\/2021\/08\/BV_Vienna_d-287x300.jpg 287w, https:\/\/fpvoleibol.pt\/fpv\/wp-content\/uploads\/2021\/08\/BV_Vienna_d-768x803.jpg 768w\" sizes=\"auto, (max-width: 960px) 100vw, 960px\" \/><\/p>\n<p>Na edi\u00e7\u00e3o de 2020, disputada em Jurmala, na Let\u00f3nia, os p\u00f3dios ficaram assim definidos:<\/p>\n<p style=\"text-align: center;\"><span style=\"text-decoration: underline;\"><strong>Masculinos<\/strong><\/span><\/p>\n<p style=\"text-align: center;\"><strong>Ouro<\/strong> &#8211; Mol\/Sorum (Noruega)<\/p>\n<p style=\"text-align: center;\"><strong>Prata<\/strong> &#8211; Krasilnikov\/Stoyanovskiy (R\u00fassia)<\/p>\n<p style=\"text-align: center;\"><strong>Bronze<\/strong> &#8211; Nicolai\/Lupo (It\u00e1lia)<\/p>\n<p style=\"text-align: center;\"><span style=\"text-decoration: underline;\"><strong>Femininos<\/strong><\/span><\/p>\n<p style=\"text-align: center;\"><strong>Ouro<\/strong> &#8211; Heidrich\/Verg\u00e9-D\u00e9pr\u00e9 (Su\u00ed\u00e7a)<\/p>\n<p style=\"text-align: center;\"><strong>Prata<\/strong> &#8211; Behrens\/Tillmann (Alemanha)<\/p>\n<p style=\"text-align: center;\"><strong>Bronze<\/strong> &#8211; Makroguzova\/Kholomina (R\u00fassia)<\/p>\n","protected":false},"excerpt":{"rendered":"<p>O Campeonato da Europa de Voleibol de Praia 2021 &#8211; seniores femininos e masculinos realiza-se nos dias 11 a 15 de Agosto em Viena, capital da \u00c1ustria. Em femininos, \u00e9 [&hellip;]<\/p>\n","protected":false},"author":2,"featured_media":8489,"comment_status":"open","ping_status":"open","sticky":false,"template":"","format":"standard","meta":{"_monsterinsights_skip_tracking":false,"_monsterinsights_sitenote_active":false,"_monsterinsights_sitenote_note":"","_monsterinsights_sitenote_category":0,"footnotes":""},"categories":[13,9],"tags":[],"class_list":{"0":"post-8486","1":"post","2":"type-post","3":"status-publish","4":"format-standard","5":"has-post-thumbnail","7":"category-arbitragem","8":"category-voleibol-de-praia","9":"czr-hentry"},"aioseo_notices":[],"_links":{"self":[{"href":"https:\/\/fpvoleibol.pt\/fpv\/wp-json\/wp\/v2\/posts\/8486","targetHints":{"allow":["GET"]}}],"collection":[{"href":"https:\/\/fpvoleibol.pt\/fpv\/wp-json\/wp\/v2\/posts"}],"about":[{"href":"https:\/\/fpvoleibol.pt\/fpv\/wp-json\/wp\/v2\/types\/post"}],"author":[{"embeddable":true,"href":"https:\/\/fpvoleibol.pt\/fpv\/wp-json\/wp\/v2\/users\/2"}],"replies":[{"embeddable":true,"href":"https:\/\/fpvoleibol.pt\/fpv\/wp-json\/wp\/v2\/comments?post=8486"}],"version-history":[{"count":6,"href":"https:\/\/fpvoleibol.pt\/fpv\/wp-json\/wp\/v2\/posts\/8486\/revisions"}],"predecessor-version":[{"id":8494,"href":"https:\/\/fpvoleibol.pt\/fpv\/wp-json\/wp\/v2\/posts\/8486\/revisions\/8494"}],"wp:featuredmedia":[{"embeddable":true,"href":"https:\/\/fpvoleibol.pt\/fpv\/wp-json\/wp\/v2\/media\/8489"}],"wp:attachment":[{"href":"https:\/\/fpvoleibol.pt\/fpv\/wp-json\/wp\/v2\/media?parent=8486"}],"wp:term":[{"taxonomy":"category","embeddable":true,"href":"https:\/\/fpvoleibol.pt\/fpv\/wp-json\/wp\/v2\/categories?post=8486"},{"taxonomy":"post_tag","embeddable":true,"href":"https:\/\/fpvoleibol.pt\/fpv\/wp-json\/wp\/v2\/tags?post=8486"}],"curies":[{"name":"wp","href":"https:\/\/api.w.org\/{rel}","templated":true}]}}