{"id":8470,"date":"2021-08-10T12:23:50","date_gmt":"2021-08-10T11:23:50","guid":{"rendered":"https:\/\/fpvoleibol.pt\/fpv\/?p=8470"},"modified":"2021-08-10T12:23:50","modified_gmt":"2021-08-10T11:23:50","slug":"experiencia-e-juventude-reforcam-ambicao","status":"publish","type":"post","link":"https:\/\/fpvoleibol.pt\/fpv\/2021\/08\/10\/experiencia-e-juventude-reforcam-ambicao\/","title":{"rendered":"EXPERI\u00caNCIA E JUVENTUDE REFOR\u00c7AM AMBI\u00c7\u00c3O"},"content":{"rendered":"<p><img loading=\"lazy\" decoding=\"async\" class=\"size-full wp-image-8478 aligncenter\" src=\"https:\/\/fpvoleibol.pt\/fpv\/wp-content\/uploads\/2021\/08\/roberto_sebastiao.jpg\" alt=\"\" width=\"960\" height=\"628\" srcset=\"https:\/\/fpvoleibol.pt\/fpv\/wp-content\/uploads\/2021\/08\/roberto_sebastiao.jpg 960w, https:\/\/fpvoleibol.pt\/fpv\/wp-content\/uploads\/2021\/08\/roberto_sebastiao-300x196.jpg 300w, https:\/\/fpvoleibol.pt\/fpv\/wp-content\/uploads\/2021\/08\/roberto_sebastiao-768x502.jpg 768w\" sizes=\"auto, (max-width: 960px) 100vw, 960px\" \/><\/p>\n<p>A estreia em competi\u00e7\u00f5es internacionais do <strong>Centro de Alto Rendimento de Voleibol de Praia (CARVP)<\/strong> da Federa\u00e7\u00e3o Portuguesa de Voleibol, localizado em Cortega\u00e7a, Ovar, poder\u00e1 trazer boas surpresas para o nosso Pa\u00eds.<br \/>\nPelo menos \u00e9 o que esperam os seguidores das duplas portuguesas que v\u00e3o disputar, de 12 a 15 de Agosto, a etapa do\u00a0 Circuito Mundial de Voleibol de Praia: <strong>Beach Volleyball World Tour 1-Star Cortega\u00e7a.\u00a0<\/strong><\/p>\n<p>Os jogos da <strong>Beach Volleyball World Tour 1-Star Cortega\u00e7a<\/strong> ser\u00e3o transmitidos pela <a href=\"https:\/\/www.youtube.com\/channel\/UCnAuS06uM7qu0ntF-AAn1mw\">Volei TV<\/a>, sendo que as finais ter\u00e3o transmiss\u00e3o em directo tamb\u00e9m no canal <strong>A Bola TV<\/strong>.<\/p>\n<p><strong>Roberto Reis<\/strong> e <strong>Sebasti\u00e3o Le\u00e3o<\/strong> sagraram-se campe\u00f5es nacionais \u2013 Roberto (41 anos) pela 9.\u00aa vez e Sebasti\u00e3o (29) pela primeira vez \u2013 no passado fim-de-semana no CARVP, o que poder\u00e1 servir de <em>talism\u00e3<\/em> para a primeira participa\u00e7\u00e3o internacional da dupla rec\u00e9m-formada:<br \/>\n&#8220;<em>Este t\u00edtulo motiva-nos ainda mais para a etapa do Circuito Mundial pois \u00e9 sempre bom estar a ganhar e a jogar bem, principalmente porque esta foi a primeira competi\u00e7\u00e3o que disput\u00e1mos juntos. Parab\u00e9ns aos nossos advers\u00e1rios pela forma como se bateram. Pedrosa\/Campos \u00e9 uma dupla que est\u00e1 em pleno crescimento e que nos tem representado muito bem nas competi\u00e7\u00f5es internacionais. Parab\u00e9ns tamb\u00e9m \u00e0 Federa\u00e7\u00e3o Portuguesa de Voleibol pelas condi\u00e7\u00f5es que est\u00e1 a proporcionar-lhes.<\/em>&#8221;<\/p>\n<p><img loading=\"lazy\" decoding=\"async\" class=\"alignnone size-full wp-image-8479\" src=\"https:\/\/fpvoleibol.pt\/fpv\/wp-content\/uploads\/2021\/08\/campos_pedrosa.jpg\" alt=\"\" width=\"980\" height=\"653\" srcset=\"https:\/\/fpvoleibol.pt\/fpv\/wp-content\/uploads\/2021\/08\/campos_pedrosa.jpg 980w, https:\/\/fpvoleibol.pt\/fpv\/wp-content\/uploads\/2021\/08\/campos_pedrosa-300x200.jpg 300w, https:\/\/fpvoleibol.pt\/fpv\/wp-content\/uploads\/2021\/08\/campos_pedrosa-768x512.jpg 768w\" sizes=\"auto, (max-width: 980px) 100vw, 980px\" \/><\/p>\n<p><strong>Jo\u00e3o Pedrosa<\/strong> e <strong>Hugo Campos<\/strong>, de respectivamente 21 e 20 anos, foram mais uma vez vice-campe\u00f5es nacionais e, apesar da sua juventude, o trabalho que t\u00eam desenvolvido no CARVP permitiu-lhes colher j\u00e1 alguns resultados de relevo, como o 2.\u00ba e o 3.\u00ba lugar em etapas de uma estrela do World Tour 2021 disputadas em S\u00f3fia (Bulg\u00e1ria) ou o 9.\u00ba lugar no Campeonato da Europa de Sub-22 (Baden\/\u00c1ustria), igualmente este ano.<\/p>\n<p>Apesar de ainda n\u00e3o ter sido desta que se sagraram campe\u00f5es, a jovem dupla apoiada pela Federa\u00e7\u00e3o Portuguesa de Voleibol na sua op\u00e7\u00e3o pela pr\u00e1tica da variante da praia ao longo de todo o ano faz &#8220;<em>um balan\u00e7o positivo at\u00e9 agora, pois sabemos que estamos a trabalhar bem e a caminhar no sentido certo. A nossa meta \u00e9 continuar a trabalhar e procurar dar o m\u00e1ximo em todos os jogos e \u00e9 isso que podemos prometer na Beach Volleyball World Tour 1-Star Cortega\u00e7a<\/em>.&#8221;<\/p>\n<p style=\"text-align: center;\"><span style=\"text-decoration: underline;\">Ver mais informa\u00e7\u00f5es <a href=\"https:\/\/fpvoleibol.pt\/fpv\/2021\/08\/09\/cortegaca-na-mira-do-circuito-mundial\/\">aqui <\/a>e torneios de Voleibol de Praia realizados em Portugal <a href=\"http:\/\/www.bvbinfo.com\/tournament.asp\">aqui<\/a><\/span><\/p>\n<p><span style=\"text-decoration: underline;\"><strong>NOTA \u00c0 COMUNICA\u00c7\u00c3O SOCIAL<\/strong><\/span>:<br \/>\nDevido \u00e0s restri\u00e7\u00f5es impostas pela pandemia de COVID-19, <strong>n\u00e3o \u00e9 poss\u00edvel o acesso de elementos da Comunica\u00e7\u00e3o Social, inclusive fot\u00f3grafos, \u00e0 zona t\u00e9cnica (recinto de jogo)<\/strong> do Centro de Alto Rendimento de Voleibol de Praia da FPV, em Cortega\u00e7a, Ovar, pelo que n\u00e3o haver\u00e1 acredita\u00e7\u00e3o de jornalistas para o evento do Circuito Mundial de Voleibol de Praia que a\u00ed ter\u00e1 lugar entre os dias 12 e 15 de Agosto: Beach Volleyball World Tour 1-Star Cortega\u00e7a.<\/p>\n<p>Os <strong>representantes da Comunica\u00e7\u00e3o Social ter\u00e3o acesso unicamente \u00e0 bancada<\/strong>, dado que o evento ser\u00e1 aberto ao p\u00fablico (<span style=\"text-decoration: underline;\">de acordo com as normas da Direc\u00e7\u00e3o-Geral da Sa\u00fade e mediante apresenta\u00e7\u00e3o de certificado de vacina\u00e7\u00e3o Covid-19 ou apresenta\u00e7\u00e3o de um teste r\u00e1pido de antig\u00e9nio (TRAg) com resultado negativo, realizado nas 48 horas anteriores, ou de um teste PCR, com resultado negativo, realizado nas 72 horas anteriores \u00e0 sua apresenta\u00e7\u00e3o<\/span>).<\/p>\n<p>Toda a informa\u00e7\u00e3o sobre a <strong>Beach Volleyball World Tour 1-Star Cortega\u00e7a <\/strong>em <a href=\"https:\/\/fpvoleibol.pt\/cortegaca2021\/\">fpvoleibol.pt\/cortegaca2021<\/a><\/p>\n","protected":false},"excerpt":{"rendered":"<p>A estreia em competi\u00e7\u00f5es internacionais do Centro de Alto Rendimento de Voleibol de Praia (CARVP) da Federa\u00e7\u00e3o Portuguesa de Voleibol, localizado em Cortega\u00e7a, Ovar, poder\u00e1 trazer boas surpresas para o [&hellip;]<\/p>\n","protected":false},"author":2,"featured_media":8477,"comment_status":"open","ping_status":"open","sticky":false,"template":"","format":"standard","meta":{"_monsterinsights_skip_tracking":false,"_monsterinsights_sitenote_active":false,"_monsterinsights_sitenote_note":"","_monsterinsights_sitenote_category":0,"footnotes":""},"categories":[9],"tags":[43,49],"class_list":{"0":"post-8470","1":"post","2":"type-post","3":"status-publish","4":"format-standard","5":"has-post-thumbnail","7":"category-voleibol-de-praia","8":"tag-cnvp2021","9":"tag-cortegaca-2021","10":"czr-hentry"},"aioseo_notices":[],"_links":{"self":[{"href":"https:\/\/fpvoleibol.pt\/fpv\/wp-json\/wp\/v2\/posts\/8470","targetHints":{"allow":["GET"]}}],"collection":[{"href":"https:\/\/fpvoleibol.pt\/fpv\/wp-json\/wp\/v2\/posts"}],"about":[{"href":"https:\/\/fpvoleibol.pt\/fpv\/wp-json\/wp\/v2\/types\/post"}],"author":[{"embeddable":true,"href":"https:\/\/fpvoleibol.pt\/fpv\/wp-json\/wp\/v2\/users\/2"}],"replies":[{"embeddable":true,"href":"https:\/\/fpvoleibol.pt\/fpv\/wp-json\/wp\/v2\/comments?post=8470"}],"version-history":[{"count":7,"href":"https:\/\/fpvoleibol.pt\/fpv\/wp-json\/wp\/v2\/posts\/8470\/revisions"}],"predecessor-version":[{"id":8485,"href":"https:\/\/fpvoleibol.pt\/fpv\/wp-json\/wp\/v2\/posts\/8470\/revisions\/8485"}],"wp:featuredmedia":[{"embeddable":true,"href":"https:\/\/fpvoleibol.pt\/fpv\/wp-json\/wp\/v2\/media\/8477"}],"wp:attachment":[{"href":"https:\/\/fpvoleibol.pt\/fpv\/wp-json\/wp\/v2\/media?parent=8470"}],"wp:term":[{"taxonomy":"category","embeddable":true,"href":"https:\/\/fpvoleibol.pt\/fpv\/wp-json\/wp\/v2\/categories?post=8470"},{"taxonomy":"post_tag","embeddable":true,"href":"https:\/\/fpvoleibol.pt\/fpv\/wp-json\/wp\/v2\/tags?post=8470"}],"curies":[{"name":"wp","href":"https:\/\/api.w.org\/{rel}","templated":true}]}}