{"id":846,"date":"2020-07-06T15:52:24","date_gmt":"2020-07-06T15:52:24","guid":{"rendered":"https:\/\/fpvoleibol.pt\/fpv\/?p=846"},"modified":"2020-07-09T15:53:30","modified_gmt":"2020-07-09T15:53:30","slug":"cifo-2020-encerra-com-tecnicos-portugueses","status":"publish","type":"post","link":"https:\/\/fpvoleibol.pt\/fpv\/2020\/07\/06\/cifo-2020-encerra-com-tecnicos-portugueses\/","title":{"rendered":"CIFO 2020 ENCERRA COM T\u00c9CNICOS PORTUGUESES"},"content":{"rendered":"<p class=\"descricaonoticia\" align=\"center\"><a href=\"https:\/\/www.fpvoleibol.pt\/noticias\/2020\/imagens\/cifo_antv_6julho_gd.jpg\" target=\"_blank\" rel=\"noopener noreferrer\"><img loading=\"lazy\" decoding=\"async\" src=\"https:\/\/www.fpvoleibol.pt\/noticias\/2020\/imagens\/cifo_antv_6julho_pq.jpg\" width=\"430\" height=\"579\" border=\"1\" \/><\/a><\/p>\n<p class=\"descricaonoticia\" align=\"justify\">O\u00a0<strong>Ciclo Internacional de Forma\u00e7\u00e3o Online<\/strong>, organizado pela\u00a0<span class=\"auto-style1\">Associa\u00e7\u00e3o Nacional de Treinadores de Voleibol (ANTV)<\/span>\u00a0em colabora\u00e7\u00e3o com a\u00a0<span class=\"auto-style1\">Federa\u00e7\u00e3o Portuguesa de Voleibol (FPV)<\/span>, vai encerrar em beleza, apresentando quatro convidados portugueses na sua nona semana consecutiva de realiza\u00e7\u00e3o.<\/p>\n<p class=\"descricaonoticia\" align=\"justify\"><strong>Ant\u00f3nio Guerra<\/strong>, respons\u00e1vel pelo Departamento de Forma\u00e7\u00e3o da FPV e ex-Seleccionador Nacional de Seniores Femininos, apresenta\u00a0<span class=\"auto-style1\">hoje, pelas 21h00<\/span>, o tema \u00ab<em>As prefer\u00eancias motrizes como determinantes da execu\u00e7\u00e3o t\u00e9cnica\u00bb.<\/em><\/p>\n<p class=\"descricaonoticia\" align=\"justify\">Amanh\u00e3 \u00e9 a vez de\u00a0<strong>H\u00e9lder Andrade<\/strong>, Treinador Principal da equipa de seniores femininos do Cast\u00ealo da Maia GC e ex-Treinador Adjunto da Selec\u00e7\u00e3o Nacional de Seniores Femininos, com a apresenta\u00e7\u00e3o de \u00ab<em>Cria\u00e7\u00e3o, desenvolvimento e operacionaliza\u00e7\u00e3o dos sistemas de comunica\u00e7\u00e3o na equipa<\/em>\u00bb.<\/p>\n<p class=\"descricaonoticia\" align=\"justify\">Seguem-se, na quinta-feira (9 de Julho), os t\u00e9cnicos especializados em Mini-Voleibol\u00a0<strong>Manuel Loureiro<\/strong>\u00a0e\u00a0<strong>Clara Braga da Cruz<\/strong>\u00a0[Ver programa\u00a0<a href=\"https:\/\/www.fpvoleibol.pt\/noticias\/2020\/imagens\/cifo_antv_6julho_gd.jpg\" target=\"_blank\" rel=\"noopener noreferrer\">aqui<\/a>].<\/p>\n<p class=\"descricaonoticia\" align=\"justify\">O\u00a0<strong>Ciclo Internacional de Forma\u00e7\u00e3o Online<\/strong>\u00a0prolonga-se por tr\u00eas meses e tem 38 horas de forma\u00e7\u00e3o, divididas em 20 m\u00f3dulos de curta dura\u00e7\u00e3o, classificados em 6 categorias e num total de 28 formadores, atribuindo\u00a0<span class=\"auto-style1\">7,6 unidades de cr\u00e9dito (UC).<\/span><\/p>\n<p class=\"descricaonoticia\" align=\"justify\">Inscri\u00e7\u00f5es em\u00a0<a href=\"https:\/\/docs.google.com\/forms\/d\/e\/1FAIpQLSeLsWe6ES2QH6HloV8pJUEVDfAP2-cIyNZSUINezzqptiTqGA\/viewform\" target=\"_blank\" rel=\"noopener noreferrer\">bit.ly\/inscricaoantv2020<\/a><\/p>\n<p class=\"descricaonoticia\" align=\"justify\">Para mais informa\u00e7\u00f5es:\u00a0<a href=\"mailto:antvoleibol@gmail.com\" target=\"_blank\" rel=\"noopener noreferrer\">antvoleibol@gmail.com<\/a><\/p>\n<p class=\"descricaonoticia\" align=\"justify\"><span class=\"auto-style1\">Programa de Maio<\/span>\u00a0<a href=\"https:\/\/www.fpvoleibol.pt\/noticias\/2020\/PROGRAMA_MAIO.pdf\" target=\"_blank\" rel=\"noopener noreferrer\">aqui<\/a>\u00a0\/\u00a0<span class=\"auto-style1\">Programa de Junho\/Julho<\/span>\u00a0<a href=\"https:\/\/www.fpvoleibol.pt\/noticias\/2020\/PROGRAMA_JUNJUL.pdf\" target=\"_blank\" rel=\"noopener noreferrer\">aqui<\/a><\/p>\n","protected":false},"excerpt":{"rendered":"<p>O\u00a0Ciclo Internacional de Forma\u00e7\u00e3o Online, organizado pela\u00a0Associa\u00e7\u00e3o Nacional de Treinadores de Voleibol (ANTV)\u00a0em colabora\u00e7\u00e3o com a\u00a0Federa\u00e7\u00e3o Portuguesa de Voleibol (FPV), vai encerrar em beleza, apresentando quatro convidados portugueses na sua [&hellip;]<\/p>\n","protected":false},"author":1,"featured_media":847,"comment_status":"open","ping_status":"open","sticky":false,"template":"","format":"standard","meta":{"_monsterinsights_skip_tracking":false,"_monsterinsights_sitenote_active":false,"_monsterinsights_sitenote_note":"","_monsterinsights_sitenote_category":0,"footnotes":""},"categories":[11,8],"tags":[],"class_list":{"0":"post-846","1":"post","2":"type-post","3":"status-publish","4":"format-standard","5":"has-post-thumbnail","7":"category-formacao","8":"category-voleibol","9":"czr-hentry"},"aioseo_notices":[],"_links":{"self":[{"href":"https:\/\/fpvoleibol.pt\/fpv\/wp-json\/wp\/v2\/posts\/846","targetHints":{"allow":["GET"]}}],"collection":[{"href":"https:\/\/fpvoleibol.pt\/fpv\/wp-json\/wp\/v2\/posts"}],"about":[{"href":"https:\/\/fpvoleibol.pt\/fpv\/wp-json\/wp\/v2\/types\/post"}],"author":[{"embeddable":true,"href":"https:\/\/fpvoleibol.pt\/fpv\/wp-json\/wp\/v2\/users\/1"}],"replies":[{"embeddable":true,"href":"https:\/\/fpvoleibol.pt\/fpv\/wp-json\/wp\/v2\/comments?post=846"}],"version-history":[{"count":1,"href":"https:\/\/fpvoleibol.pt\/fpv\/wp-json\/wp\/v2\/posts\/846\/revisions"}],"predecessor-version":[{"id":848,"href":"https:\/\/fpvoleibol.pt\/fpv\/wp-json\/wp\/v2\/posts\/846\/revisions\/848"}],"wp:featuredmedia":[{"embeddable":true,"href":"https:\/\/fpvoleibol.pt\/fpv\/wp-json\/wp\/v2\/media\/847"}],"wp:attachment":[{"href":"https:\/\/fpvoleibol.pt\/fpv\/wp-json\/wp\/v2\/media?parent=846"}],"wp:term":[{"taxonomy":"category","embeddable":true,"href":"https:\/\/fpvoleibol.pt\/fpv\/wp-json\/wp\/v2\/categories?post=846"},{"taxonomy":"post_tag","embeddable":true,"href":"https:\/\/fpvoleibol.pt\/fpv\/wp-json\/wp\/v2\/tags?post=846"}],"curies":[{"name":"wp","href":"https:\/\/api.w.org\/{rel}","templated":true}]}}