{"id":8453,"date":"2021-08-10T12:22:41","date_gmt":"2021-08-10T11:22:41","guid":{"rendered":"https:\/\/fpvoleibol.pt\/fpv\/?p=8453"},"modified":"2021-08-10T12:22:41","modified_gmt":"2021-08-10T11:22:41","slug":"titulo-nacional-reconhecimento-internacional","status":"publish","type":"post","link":"https:\/\/fpvoleibol.pt\/fpv\/2021\/08\/10\/titulo-nacional-reconhecimento-internacional\/","title":{"rendered":"T\u00cdTULO NACIONAL&#8230; RECONHECIMENTO INTERNACIONAL"},"content":{"rendered":"<p><img loading=\"lazy\" decoding=\"async\" class=\"alignnone size-full wp-image-8456\" src=\"https:\/\/fpvoleibol.pt\/fpv\/wp-content\/uploads\/2021\/08\/juliana_tania_2021_d1.jpg\" alt=\"\" width=\"960\" height=\"640\" srcset=\"https:\/\/fpvoleibol.pt\/fpv\/wp-content\/uploads\/2021\/08\/juliana_tania_2021_d1.jpg 960w, https:\/\/fpvoleibol.pt\/fpv\/wp-content\/uploads\/2021\/08\/juliana_tania_2021_d1-300x200.jpg 300w, https:\/\/fpvoleibol.pt\/fpv\/wp-content\/uploads\/2021\/08\/juliana_tania_2021_d1-768x512.jpg 768w\" sizes=\"auto, (max-width: 960px) 100vw, 960px\" \/>Aos 36 anos, <strong>Juliana Antunes<\/strong> pode ser considerada a mais bem sucedida atleta portuguesa de Voleibol de Praia da actualidade.<br \/>\nPouco tempo depois de se sagrar campe\u00e3 nacional pela 10.\u00aa vez, somando o quinto t\u00edtulo ao lado de T\u00e2nia Oliveira, <em>Ju<\/em> prepara-se para representar Portugal na <strong>Beach Volleyball World Tour 1-Star Cortega\u00e7a<\/strong>, a etapa de 1 estrela do Circuito Mundial que se disputa nos dias 12 a 15 de Agosto no <strong>Centro de Alto Rendimento de Voleibol de Praia (CARVP)<\/strong> da Federa\u00e7\u00e3o Portuguesa de Voleibol.<\/p>\n<p>Os jogos da <strong>Beach Volleyball World Tour 1-Star Cortega\u00e7a<\/strong> ser\u00e3o transmitidos pela <a href=\"https:\/\/www.volei.tv\/\">Volei TV<\/a>, sendo que as finais ter\u00e3o transmiss\u00e3o em directo tamb\u00e9m no canal <strong>A Bola TV<\/strong>.<\/p>\n<p><strong>Juliana <\/strong>e<strong> T\u00e2nia<\/strong> s\u00e3o atletas bem experientes e, como tal, com os <em>p\u00e9s bem assentes na terra<\/em>, mas n\u00e3o conseguem esconder a vontade de conseguir tamb\u00e9m um resultado entre os lugares cimeiros a n\u00edvel internacional.<\/p>\n<p>&#8220;<em>Vamos dar o nosso melhor porque achamos que temos qualidade para nos batermos com as equipas inscritas nesta etapa. Como dupla, nunca tivemos a oportunidade de disputar etapas do Circuito Mundial l\u00e1 fora. S\u00f3 particip\u00e1mos na etapa de quatro estrelas realizada em Espinho h\u00e1 dois anos. Foi uma experi\u00eancia enriquecedora mas que tamb\u00e9m deixou a sensa\u00e7\u00e3o de que poder\u00edamos fazer mais um bocadinho<\/em>&#8230;&#8221;, reconhecem, adiantando:<br \/>\n&#8220;<em>Um torneio deste n\u00edvel constitui um momento muito bom para n\u00f3s nos testarmos enquanto atletas e equipa. Aos portugueses, o que podemos assegurar \u00e9 que esperem o nosso melhor porque vamos dar tudo dentro de campo<\/em>!&#8221;<\/p>\n<p><img loading=\"lazy\" decoding=\"async\" class=\"alignnone size-full wp-image-8459\" src=\"https:\/\/fpvoleibol.pt\/fpv\/wp-content\/uploads\/2021\/08\/noticia_cortegaca_d3.jpg\" alt=\"\" width=\"960\" height=\"540\" srcset=\"https:\/\/fpvoleibol.pt\/fpv\/wp-content\/uploads\/2021\/08\/noticia_cortegaca_d3.jpg 960w, https:\/\/fpvoleibol.pt\/fpv\/wp-content\/uploads\/2021\/08\/noticia_cortegaca_d3-300x169.jpg 300w, https:\/\/fpvoleibol.pt\/fpv\/wp-content\/uploads\/2021\/08\/noticia_cortegaca_d3-768x432.jpg 768w, https:\/\/fpvoleibol.pt\/fpv\/wp-content\/uploads\/2021\/08\/noticia_cortegaca_d3-528x297.jpg 528w\" sizes=\"auto, (max-width: 960px) 100vw, 960px\" \/><\/p>\n<p>Este ano, e ainda condicionado pelas restri\u00e7\u00f5es impostas pela luta contra a COVID-19, o <span style=\"text-decoration: underline;\">Circuito Mundial de Voleibol de Praia regressa a Portugal,<\/span> ap\u00f3s a Federa\u00e7\u00e3o Internacional de Voleibol (FIVB) e a Confedera\u00e7\u00e3o Europeia de Voleibol terem confirmado a realiza\u00e7\u00e3o em Cortega\u00e7a, no munic\u00edpio de Ovar, da Etapa de 1 estrela do Circuito Mundial nos dias 12 a 15 de Agosto de 2021.<\/p>\n<p>Trata-se da estreia em competi\u00e7\u00f5es internacionais do <strong>Centro de Alto Rendimento de Voleibol de Praia (CARVP)<\/strong> da Federa\u00e7\u00e3o Portuguesa de Voleibol, instala\u00e7\u00e3o desportiva que recebeu j\u00e1 as finais dos Campeonatos Nacionais de Voleibol de Praia de 2020 e 2021, bem como est\u00e1gios das duplas de Israel e Venezuela.<br \/>\nToda a informa\u00e7\u00e3o sobre a <strong>Beach Volleyball World Tour 1-Star Cortega\u00e7a <\/strong>dispon\u00edvel em <a href=\"https:\/\/fpvoleibol.pt\/cortegaca2021\/\">fpvoleibol.pt\/cortegaca2021<\/a><\/p>\n<p>Ap\u00f3s ter organizado etapas de 4 estrelas em 2018 e 2019 (Espinho), a Federa\u00e7\u00e3o Portuguesa de Voleibol (FPV) continua a enriquecer o longo historial do Pa\u00eds na organiza\u00e7\u00e3o de importantes competi\u00e7\u00f5es internacionais, seja do World Tour seja de campeonatos europeus e mundiais de camadas mais jovens.<\/p>\n<p style=\"text-align: center;\"><span style=\"text-decoration: underline;\">Ver mais informa\u00e7\u00f5es <a href=\"https:\/\/fpvoleibol.pt\/fpv\/2021\/08\/09\/cortegaca-na-mira-do-circuito-mundial\/\">aqui <\/a>e torneios de Voleibol de Praia realizados em Portugal <a href=\"http:\/\/www.bvbinfo.com\/tournament.asp\">aqui<\/a><\/span><\/p>\n<p><span style=\"text-decoration: underline;\"><strong>NOTA \u00c0 COMUNICA\u00c7\u00c3O SOCIAL<\/strong><\/span>:<br \/>\nDevido \u00e0s restri\u00e7\u00f5es impostas pela pandemia de COVID-19, <strong>n\u00e3o \u00e9 poss\u00edvel o acesso de elementos da Comunica\u00e7\u00e3o Social, inclusive fot\u00f3grafos, \u00e0 zona t\u00e9cnica (recinto de jogo)<\/strong> do Centro de Alto Rendimento de Voleibol de Praia da FPV, em Cortega\u00e7a, Ovar, pelo que n\u00e3o haver\u00e1 acredita\u00e7\u00e3o de jornalistas para o evento do Circuito Mundial de Voleibol de Praia que a\u00ed ter\u00e1 lugar entre os dias 12 e 15 de Agosto: Beach Volleyball World Tour 1-Star Cortega\u00e7a.<\/p>\n<p>Os <strong>representantes da Comunica\u00e7\u00e3o Social ter\u00e3o acesso unicamente \u00e0 bancada<\/strong>, dado que o evento ser\u00e1 aberto ao p\u00fablico (<span style=\"text-decoration: underline;\">de acordo com as normas da Direc\u00e7\u00e3o-Geral da Sa\u00fade e mediante apresenta\u00e7\u00e3o de certificado de vacina\u00e7\u00e3o Covid-19 ou apresenta\u00e7\u00e3o de um teste r\u00e1pido de antig\u00e9nio (TRAg) com resultado negativo, realizado nas 48 horas anteriores, ou de um teste PCR, com resultado negativo, realizado nas 72 horas anteriores \u00e0 sua apresenta\u00e7\u00e3o<\/span>).<\/p>\n<p>Toda a informa\u00e7\u00e3o sobre a <strong>Beach Volleyball World Tour 1-Star Cortega\u00e7a <\/strong>em <a href=\"https:\/\/fpvoleibol.pt\/cortegaca2021\/\">fpvoleibol.pt\/cortegaca2021<\/a><\/p>\n","protected":false},"excerpt":{"rendered":"<p>Aos 36 anos, Juliana Antunes pode ser considerada a mais bem sucedida atleta portuguesa de Voleibol de Praia da actualidade. Pouco tempo depois de se sagrar campe\u00e3 nacional pela 10.\u00aa [&hellip;]<\/p>\n","protected":false},"author":2,"featured_media":8461,"comment_status":"open","ping_status":"open","sticky":false,"template":"","format":"standard","meta":{"_monsterinsights_skip_tracking":false,"_monsterinsights_sitenote_active":false,"_monsterinsights_sitenote_note":"","_monsterinsights_sitenote_category":0,"footnotes":""},"categories":[9],"tags":[49],"class_list":{"0":"post-8453","1":"post","2":"type-post","3":"status-publish","4":"format-standard","5":"has-post-thumbnail","7":"category-voleibol-de-praia","8":"tag-cortegaca-2021","9":"czr-hentry"},"aioseo_notices":[],"_links":{"self":[{"href":"https:\/\/fpvoleibol.pt\/fpv\/wp-json\/wp\/v2\/posts\/8453","targetHints":{"allow":["GET"]}}],"collection":[{"href":"https:\/\/fpvoleibol.pt\/fpv\/wp-json\/wp\/v2\/posts"}],"about":[{"href":"https:\/\/fpvoleibol.pt\/fpv\/wp-json\/wp\/v2\/types\/post"}],"author":[{"embeddable":true,"href":"https:\/\/fpvoleibol.pt\/fpv\/wp-json\/wp\/v2\/users\/2"}],"replies":[{"embeddable":true,"href":"https:\/\/fpvoleibol.pt\/fpv\/wp-json\/wp\/v2\/comments?post=8453"}],"version-history":[{"count":10,"href":"https:\/\/fpvoleibol.pt\/fpv\/wp-json\/wp\/v2\/posts\/8453\/revisions"}],"predecessor-version":[{"id":8484,"href":"https:\/\/fpvoleibol.pt\/fpv\/wp-json\/wp\/v2\/posts\/8453\/revisions\/8484"}],"wp:featuredmedia":[{"embeddable":true,"href":"https:\/\/fpvoleibol.pt\/fpv\/wp-json\/wp\/v2\/media\/8461"}],"wp:attachment":[{"href":"https:\/\/fpvoleibol.pt\/fpv\/wp-json\/wp\/v2\/media?parent=8453"}],"wp:term":[{"taxonomy":"category","embeddable":true,"href":"https:\/\/fpvoleibol.pt\/fpv\/wp-json\/wp\/v2\/categories?post=8453"},{"taxonomy":"post_tag","embeddable":true,"href":"https:\/\/fpvoleibol.pt\/fpv\/wp-json\/wp\/v2\/tags?post=8453"}],"curies":[{"name":"wp","href":"https:\/\/api.w.org\/{rel}","templated":true}]}}