{"id":843,"date":"2020-07-06T14:03:32","date_gmt":"2020-07-06T14:03:32","guid":{"rendered":"https:\/\/fpvoleibol.pt\/fpv\/?p=843"},"modified":"2020-07-06T14:03:32","modified_gmt":"2020-07-06T14:03:32","slug":"voleibol-de-praia-esta-de-volta","status":"publish","type":"post","link":"https:\/\/fpvoleibol.pt\/fpv\/2020\/07\/06\/voleibol-de-praia-esta-de-volta\/","title":{"rendered":"VOLEIBOL DE PRAIA EST\u00c1 DE VOLTA!"},"content":{"rendered":"<p class=\"descricaonoticia\" align=\"center\"><img loading=\"lazy\" decoding=\"async\" src=\"https:\/\/www.fpvoleibol.pt\/noticias\/2020\/imagens\/vp_cnvp2020_f.jpg\" width=\"480\" height=\"270\" border=\"1\" \/><\/p>\n<p class=\"descricaonoticia\" align=\"justify\">O\u00a0<strong>Campeonato Nacional de Voleibol de Praia<\/strong>\u00a0tem j\u00e1 agendado o seu regresso \u00e0s areias portuguesas.<br \/>\nO\u00a0<strong><a href=\"https:\/\/www.fpvoleibol.pt\/CNVP2020\/\" target=\"_blank\" rel=\"noopener noreferrer\">Campeonato Lidl 2020<\/a><\/strong>, que re\u00fane as melhores duplas de seniores masculinos e femininos,\u00a0<em>arranca<\/em>\u00a0no dia 17 de Julho na Praia da Rocha, em Portim\u00e3o, estando as pr\u00e9-inscri\u00e7\u00f5es abertas at\u00e9 ao dia 10 de Julho.<\/p>\n<p class=\"descricaonoticia\" align=\"justify\">A raz\u00e3o principal para o Voleibol de Praia poder retomar imediatamente a competi\u00e7\u00e3o deve-se ao facto de esta vertente do Voleibol ser considerada &#8220;<em>modalidade individual<\/em>&#8220;, como explica\u00a0<strong>Leonel Salgueiro<\/strong>, Director T\u00e9cnico Nacional:<br \/>\n&#8220;<em>Tendo em considera\u00e7\u00e3o a Orienta\u00e7\u00e3o da DGS 030\/2020, actualizada dia 12\/6\/2020 com a inclus\u00e3o das Competi\u00e7\u00f5es, a vertente do Voleibol de Praia pode retomar os seus quadros competitivos. Por um lado, porque \u00e9 considerada modalidade individual (em dupla, onde n\u00e3o h\u00e1 lugar a substitui\u00e7\u00f5es), conforme despacho\u00a0<a href=\"http:\/\/www.fpvoleibol.pt\/CNVP2020\/despacho_n17102014.pdf\" target=\"_blank\" rel=\"noopener noreferrer\">n\u00ba.1710\/2014 (ponto 3)<\/a>; por outro porque \u00e9 praticada ao ar livre e sem contacto, estando autorizada a retoma destas competi\u00e7\u00f5es, conforme\u00a0<a href=\"http:\/\/www.fpvoleibol.pt\/CNVP2020\/diariorepublica_art19.pdf\" target=\"_blank\" rel=\"noopener noreferrer\">RCM 43-B\/2020 (art\u00ba19\u00ba)<\/a><\/em>&#8220;.<\/p>\n<p>Assim, o\u00a0<strong><span class=\"auto-style1\"><a href=\"https:\/\/www.fpvoleibol.pt\/CNVP2020\/\" target=\"_blank\" rel=\"noopener noreferrer\">Campeonato Lidl 2020<\/a><\/span>\u00a0<\/strong>inicia-se no pr\u00f3ximo dia 17 em Portim\u00e3o, cidade algarvia conhecida por ser palco de importantes competi\u00e7\u00f5es nacionais e internacionais de v\u00e1rias modalidades, sendo que, para al\u00e9m das in\u00fameras etapas do Campeonato Nacional de Voleibol de Praia, do Campeonato Regional da AVAL e do\u00a0<em><a href=\"https:\/\/www.fpvoleibol.pt\/YBVSF\/)\" target=\"_blank\" rel=\"noopener noreferrer\">Portim\u00e3o Beach Volley Youth Summer Festival &#8211; LET THEM PLAY<\/a><\/em>, na Praia da Rocha, em 2015, acolheu j\u00e1 duas edi\u00e7\u00f5es da Liga Europeia (2007 e 2009) e jogos da European Silver League 2019, em seniores femininos, no Voleibol indoor, entre outras actividades de relevo.<\/p>\n<p class=\"descricaonoticia\" align=\"justify\">Ao todo, ser\u00e3o realizadas cinco etapas, sendo que a 5.\u00aa Etapa ser\u00e1 considerada a Final do\u00a0<a href=\"https:\/\/www.fpvoleibol.pt\/CNVP2020\/\" target=\"_blank\" rel=\"noopener noreferrer\">Campeonato Lidl<\/a>\u00a0e ser\u00e1 disputada na Praia Internacional do Porto, junto ao Edif\u00edcio Transparente, na Cidade Invicta.<br \/>\nPara al\u00e9m do Campeonato Nacional, as areias da praia adjacente ao Edif\u00edcio Transparente receberam j\u00e1 v\u00e1rias provas internacionais, entre as quais o Mundial de Sub-19, em 2010, 2013 e 2014, o Europeu de Sub-18 (2010), o Europeu de Sub-23 (2011) e o 7.\u00ba Campeonato do Mundo Universit\u00e1rio 2014, em Voleibol de Praia.<\/p>\n<p class=\"descricaonoticia\" align=\"justify\">Ver\u00a0<a href=\"https:\/\/www.fpvoleibol.pt\/CNVP2020\/\" target=\"_blank\" rel=\"noopener noreferrer\">Calend\u00e1rio Provis\u00f3rio<\/a>*<\/p>\n<p><strong>1.\u00aa Etapa<\/strong><br \/>\n17 a 19 de Julho \u2013 Portim\u00e3o #<\/p>\n<p class=\"descricaonoticia\" align=\"justify\"><strong>2.\u00aa Etapa<\/strong><br \/>\n21 a 23 de Julho \u2013 Oeiras &#8211; Femininos<br \/>\n24 a 26 de Julho \u2013 Oeiras &#8211; Masculinos<\/p>\n<p class=\"descricaonoticia\" align=\"justify\"><strong>3.\u00aa Etapa<br \/>\n<\/strong>31 de Julho a 2 de Agosto \u2013 Figueira da Foz<\/p>\n<p class=\"descricaonoticia\" align=\"justify\"><strong>4.\u00aa Etapa<\/strong><br \/>\n7 a 9 de Agosto \u2013 Cortega\u00e7a<\/p>\n<p class=\"descricaonoticia\" align=\"justify\"><strong>5.\u00aa Etapa &#8211; Final<\/strong><br \/>\n14 a 16 de Agosto \u2013 Porto #<\/p>\n<p class=\"auto-style2\" align=\"justify\"><strong>*Condicionado, como \u00e9 l\u00f3gico, ao sucesso das medidas de Sa\u00fade P\u00fablica no combate \u00e0 pandemia de COVID-19<br \/>\n# Pontua\u00e7\u00e3o conta a dobrar<\/strong><\/p>\n<p class=\"auto-style4\"><strong>Links \u00fateis para o Campeonato Nacional Lidl<\/strong><\/p>\n<p class=\"descricaonoticia\" align=\"justify\"><strong>Condi\u00e7\u00f5es espec\u00edficas<\/strong>\u00a0em\u00a0<a href=\"http:\/\/www.fpvoleibol.pt\/CNVP2020\/condicoes_especificas_cnvp2020.pdf\">www.fpvoleibol.pt\/CNVP2020\/condicoes_especificas_cnvp2020.pdf<\/a><\/p>\n<p class=\"auto-style5\"><strong>Manual de procedimento<\/strong>s em\u00a0<a href=\"http:\/\/www.fpvoleibol.pt\/CNVP2020\/manual_procedimentos_cnvp2020.pdf\">www.fpvoleibol.pt\/CNVP2020\/manual_procedimentos_cnvp2020.pdf<\/a><\/p>\n<p class=\"descricaonoticia\" align=\"justify\"><strong>Orienta\u00e7\u00e3o COVID-19<\/strong>\u00a0em\u00a0<a href=\"http:\/\/www.fpvoleibol.pt\/CNVP2020\/orientacao_covid19.pdf\">www.fpvoleibol.pt\/CNVP2020\/orientacao_covid19.pdf<\/a><\/p>\n<p class=\"auto-style3\"><img loading=\"lazy\" decoding=\"async\" class=\"aligncenter\" src=\"https:\/\/www.fpvoleibol.pt\/noticias\/2020\/imagens\/VPpo_fem_2019.jpg\" width=\"430\" height=\"484\" border=\"1\" \/><\/p>\n<p class=\"auto-style3\" style=\"text-align: center;\"><strong>Triunfo de Reis\/Kibinho e Juliana\/T\u00e2nia em 2019<\/strong><\/p>\n<p class=\"descricaonoticia\" align=\"justify\">As duplas Roberto Reis\/Fabr\u00edcio Silva (Kibinho) e\u00a0<a href=\"https:\/\/www.fpvoleibol.pt\/noticias\/2020\/20200505-1601_ja.html\" target=\"_blank\" rel=\"noopener noreferrer\">Juliana Antunes<\/a>\/T\u00e2nia Oliveira ostentam os t\u00edtulos de campe\u00e3s nacionais de Voleibol de Praia desde o dia 18 de Agosto de 2019, altura em que vencerem as respectivas finais do Campeonato ActivoBank, disputadas na<br \/>\nPraia Internacional do Porto, no Porto.<br \/>\nRoberto Reis e Fabr\u00edcio Silva (Kibinho) s\u00e3o actualmente tetracampe\u00f5es nacionais, j\u00e1 que venceram as quatro \u00faltimas edi\u00e7\u00f5es da prova, contando agora com oito ceptros nacionais no seu historial: 2010, 2011, 2012, 2014, 2016, 2017, 2018 e 2019.<br \/>\nNa final de 2019, Roberto e Kibinho superiorizaram-se a Fabr\u00edcio Barros e Janu\u00e1rio Silva por 2-0 (21-19 e 21-15).<br \/>\nO \u00faltimo degrau do p\u00f3dio foi ocupado por Lu\u00eds Freitas e Tiago Pereira, que superaram (2-0: 21-18 e 24-22) Francisco Pombeiro\/Jos\u00e9 Jardim.<br \/>\nEm femininos, Juliana e T\u00e2nia (re)conquistaram o t\u00edtulo de campe\u00e3s alcan\u00e7ado em 2016 e 2017 ao derrotarem, na final, Vanessa Paquete (campe\u00e3 em 2018) e Beatriz Pinheiro por 2-0 (21-17 e 21-14).<br \/>\nNo jogo de atribui\u00e7\u00e3o da medalha de bronze, Maria Tinoco e Daniana Esteves superaram (2-0: 21-19 e 21-15) Matilde Calado\/Mafalda Porto, jovem dupla que repetiu assim o 4.\u00ba lugar rubricado em 2018.<\/p>\n<p class=\"descricaonoticia\" align=\"justify\">Ver\u00a0<span class=\"auto-style1\">lista dos campe\u00f5es nacionais de Voleibol de Praia<\/span>\u00a0<a href=\"https:\/\/www.fpvoleibol.pt\/noticias\/2020\/Voleibol_de_Praia_Vencedores_Podios.pdf\" target=\"_blank\" rel=\"noopener noreferrer\">aqui<\/a><\/p>\n","protected":false},"excerpt":{"rendered":"<p>O\u00a0Campeonato Nacional de Voleibol de Praia\u00a0tem j\u00e1 agendado o seu regresso \u00e0s areias portuguesas. O\u00a0Campeonato Lidl 2020, que re\u00fane as melhores duplas de seniores masculinos e femininos,\u00a0arranca\u00a0no dia 17 de [&hellip;]<\/p>\n","protected":false},"author":1,"featured_media":844,"comment_status":"open","ping_status":"open","sticky":false,"template":"","format":"standard","meta":{"_monsterinsights_skip_tracking":false,"_monsterinsights_sitenote_active":false,"_monsterinsights_sitenote_note":"","_monsterinsights_sitenote_category":0,"footnotes":""},"categories":[9],"tags":[],"class_list":{"0":"post-843","1":"post","2":"type-post","3":"status-publish","4":"format-standard","5":"has-post-thumbnail","7":"category-voleibol-de-praia","8":"czr-hentry"},"aioseo_notices":[],"_links":{"self":[{"href":"https:\/\/fpvoleibol.pt\/fpv\/wp-json\/wp\/v2\/posts\/843","targetHints":{"allow":["GET"]}}],"collection":[{"href":"https:\/\/fpvoleibol.pt\/fpv\/wp-json\/wp\/v2\/posts"}],"about":[{"href":"https:\/\/fpvoleibol.pt\/fpv\/wp-json\/wp\/v2\/types\/post"}],"author":[{"embeddable":true,"href":"https:\/\/fpvoleibol.pt\/fpv\/wp-json\/wp\/v2\/users\/1"}],"replies":[{"embeddable":true,"href":"https:\/\/fpvoleibol.pt\/fpv\/wp-json\/wp\/v2\/comments?post=843"}],"version-history":[{"count":1,"href":"https:\/\/fpvoleibol.pt\/fpv\/wp-json\/wp\/v2\/posts\/843\/revisions"}],"predecessor-version":[{"id":845,"href":"https:\/\/fpvoleibol.pt\/fpv\/wp-json\/wp\/v2\/posts\/843\/revisions\/845"}],"wp:featuredmedia":[{"embeddable":true,"href":"https:\/\/fpvoleibol.pt\/fpv\/wp-json\/wp\/v2\/media\/844"}],"wp:attachment":[{"href":"https:\/\/fpvoleibol.pt\/fpv\/wp-json\/wp\/v2\/media?parent=843"}],"wp:term":[{"taxonomy":"category","embeddable":true,"href":"https:\/\/fpvoleibol.pt\/fpv\/wp-json\/wp\/v2\/categories?post=843"},{"taxonomy":"post_tag","embeddable":true,"href":"https:\/\/fpvoleibol.pt\/fpv\/wp-json\/wp\/v2\/tags?post=843"}],"curies":[{"name":"wp","href":"https:\/\/api.w.org\/{rel}","templated":true}]}}