{"id":840,"date":"2020-07-01T14:00:24","date_gmt":"2020-07-01T14:00:24","guid":{"rendered":"https:\/\/fpvoleibol.pt\/fpv\/?p=840"},"modified":"2020-07-06T14:01:41","modified_gmt":"2020-07-06T14:01:41","slug":"da-um-tempo-ipdj-lanca-repto-aos-jovens","status":"publish","type":"post","link":"https:\/\/fpvoleibol.pt\/fpv\/2020\/07\/01\/da-um-tempo-ipdj-lanca-repto-aos-jovens\/","title":{"rendered":"\u00abD\u00c1 UM TEMPO!\u00bb \u2013 IPDJ LAN\u00c7A REPTO AOS JOVENS"},"content":{"rendered":"<p class=\"descricaonoticia\" align=\"center\"><img loading=\"lazy\" decoding=\"async\" src=\"https:\/\/www.fpvoleibol.pt\/noticias\/2020\/imagens\/daumtempo_d.jpg\" width=\"400\" height=\"400\" border=\"1\" \/><\/p>\n<p class=\"descricaonoticia\" align=\"justify\">O\u00a0<strong>Instituto Portugu\u00eas do Desporto e Juventude (IPDJ)<\/strong>, atrav\u00e9s do programa de voluntariado jovem \u00abAgora N\u00f3s\u00bb, leva para as ruas de cinco munic\u00edpios do distrito de Lisboa \u2013 Amadora, Lisboa, Loures, Odivelas e Sintra \u2013 a\u00a0<span class=\"auto-style2\">campanha de sensibiliza\u00e7\u00e3o\u00a0<strong>\u00abD\u00e1 um tempo!\u00bb<\/strong><\/span>.<\/p>\n<p class=\"descricaonoticia\" align=\"justify\">No \u00e2mbito da estrat\u00e9gia de preven\u00e7\u00e3o, conten\u00e7\u00e3o e mitiga\u00e7\u00e3o da pandemia da doen\u00e7a COVID-19 na regi\u00e3o da grande Lisboa, a Direc\u00e7\u00e3o Regional de Lisboa e Vale do Tejo do IPDJ desafiou 120 volunt\u00e1rios (organizados em grupos de cerca de duas dezenas) a prestar informa\u00e7\u00e3o, de maneira informal e participativa, \u00e0 comunidade jovem, no que diz respeito a quest\u00f5es de seguran\u00e7a, nomeadamente junto de locais p\u00fablicos &#8211; servi\u00e7os p\u00fablicos, caf\u00e9s, esplanadas, restaurantes, mercados, entre outros.<\/p>\n<p class=\"descricaonoticia\" align=\"justify\">A ac\u00e7\u00e3o de sensibiliza\u00e7\u00e3o entre pares ir\u00e1 decorrer nos\u00a0<span class=\"auto-style2\">dias 2, 3, 4 e 5 de Julho e 9, 10, 11 e 12 Julho<\/span>\u00a0nos munic\u00edpios acima referidos.<\/p>\n<p class=\"descricaonoticia\" align=\"justify\">Segundo os respons\u00e1veis pela campanha \u00abD\u00e1 um tempo!\u00bb, &#8220;<em>na certeza de que os jovens poder\u00e3o ter um papel fundamental nestas iniciativas, o objectivo central desta ac\u00e7\u00e3o de voluntariado \u00e9 contribuir para a seguran\u00e7a dos cidad\u00e3os, multiplicando os esfor\u00e7os de preven\u00e7\u00e3o, conten\u00e7\u00e3o e mitiga\u00e7\u00e3o da doen\u00e7a, atrav\u00e9s da utiliza\u00e7\u00e3o de dispositivos de protec\u00e7\u00e3o individual e multiplicando as recomenda\u00e7\u00f5es no que toca a etiqueta respirat\u00f3ria, restri\u00e7\u00f5es \u00e0 mobilidade, pr\u00e1ticas de distanciamento social e, sobretudo, destacando as implica\u00e7\u00f5es\/consequ\u00eancias do n\u00e3o cumprimento das regras institu\u00eddas<\/em>&#8220;.<\/p>\n<p class=\"descricaonoticia\" align=\"justify\">Al\u00e9m do refor\u00e7o da consciencializa\u00e7\u00e3o para a preven\u00e7\u00e3o da pandemia COVID-19, esta iniciativa incentiva \u00e0 pr\u00e1tica de um voluntariado organizado, que estimula as compet\u00eancias dos jovens, permitindo-lhes o desempenho de tarefas em prol da comunidade.<\/p>\n<p class=\"descricaonoticia\" align=\"justify\">As inscri\u00e7\u00f5es para a ac\u00e7\u00e3o de voluntariado jovem s\u00e3o feitas atrav\u00e9s deste link:\u00a0<a href=\"https:\/\/programas.juventude.gov.pt\/agora-nos\/acoes\/detalhe\/238\" target=\"_blank\" rel=\"noopener noreferrer\">https:\/\/programas.juventude.gov.pt\/agora-nos\/acoes\/detalhe\/238<\/a>01<\/p>\n","protected":false},"excerpt":{"rendered":"<p>O\u00a0Instituto Portugu\u00eas do Desporto e Juventude (IPDJ), atrav\u00e9s do programa de voluntariado jovem \u00abAgora N\u00f3s\u00bb, leva para as ruas de cinco munic\u00edpios do distrito de Lisboa \u2013 Amadora, Lisboa, Loures, [&hellip;]<\/p>\n","protected":false},"author":1,"featured_media":841,"comment_status":"open","ping_status":"open","sticky":false,"template":"","format":"standard","meta":{"_monsterinsights_skip_tracking":false,"_monsterinsights_sitenote_active":false,"_monsterinsights_sitenote_note":"","_monsterinsights_sitenote_category":0,"footnotes":""},"categories":[15],"tags":[],"class_list":{"0":"post-840","1":"post","2":"type-post","3":"status-publish","4":"format-standard","5":"has-post-thumbnail","7":"category-diversos","8":"czr-hentry"},"aioseo_notices":[],"_links":{"self":[{"href":"https:\/\/fpvoleibol.pt\/fpv\/wp-json\/wp\/v2\/posts\/840","targetHints":{"allow":["GET"]}}],"collection":[{"href":"https:\/\/fpvoleibol.pt\/fpv\/wp-json\/wp\/v2\/posts"}],"about":[{"href":"https:\/\/fpvoleibol.pt\/fpv\/wp-json\/wp\/v2\/types\/post"}],"author":[{"embeddable":true,"href":"https:\/\/fpvoleibol.pt\/fpv\/wp-json\/wp\/v2\/users\/1"}],"replies":[{"embeddable":true,"href":"https:\/\/fpvoleibol.pt\/fpv\/wp-json\/wp\/v2\/comments?post=840"}],"version-history":[{"count":1,"href":"https:\/\/fpvoleibol.pt\/fpv\/wp-json\/wp\/v2\/posts\/840\/revisions"}],"predecessor-version":[{"id":842,"href":"https:\/\/fpvoleibol.pt\/fpv\/wp-json\/wp\/v2\/posts\/840\/revisions\/842"}],"wp:featuredmedia":[{"embeddable":true,"href":"https:\/\/fpvoleibol.pt\/fpv\/wp-json\/wp\/v2\/media\/841"}],"wp:attachment":[{"href":"https:\/\/fpvoleibol.pt\/fpv\/wp-json\/wp\/v2\/media?parent=840"}],"wp:term":[{"taxonomy":"category","embeddable":true,"href":"https:\/\/fpvoleibol.pt\/fpv\/wp-json\/wp\/v2\/categories?post=840"},{"taxonomy":"post_tag","embeddable":true,"href":"https:\/\/fpvoleibol.pt\/fpv\/wp-json\/wp\/v2\/tags?post=840"}],"curies":[{"name":"wp","href":"https:\/\/api.w.org\/{rel}","templated":true}]}}