{"id":836,"date":"2020-07-01T17:47:55","date_gmt":"2020-07-01T17:47:55","guid":{"rendered":"https:\/\/fpvoleibol.pt\/fpv\/?p=836"},"modified":"2020-07-01T17:47:55","modified_gmt":"2020-07-01T17:47:55","slug":"cursos-de-formacao-da-fpv-para-dirigentes-e-delegados-tecnicos","status":"publish","type":"post","link":"https:\/\/fpvoleibol.pt\/fpv\/2020\/07\/01\/cursos-de-formacao-da-fpv-para-dirigentes-e-delegados-tecnicos\/","title":{"rendered":"CURSOS DE FORMA\u00c7\u00c3O DA FPV PARA DIRIGENTES E DELEGADOS T\u00c9CNICOS"},"content":{"rendered":"<p class=\"descricaonoticia\" align=\"center\"><img loading=\"lazy\" decoding=\"async\" src=\"https:\/\/www.fpvoleibol.pt\/noticias\/2020\/imagens\/Noticia_cursos.jpg\" width=\"480\" height=\"270\" border=\"1\" \/><\/p>\n<p class=\"descricaonoticia\" align=\"justify\">Est\u00e3o abertas as inscri\u00e7\u00f5es para os cursos de forma\u00e7\u00e3o a realizar neste m\u00eas de Julho pela Federa\u00e7\u00e3o Portuguesa de Voleibol (FPV).<\/p>\n<p class=\"descricaonoticia\" align=\"justify\">O Curso de Forma\u00e7\u00e3o de Dirigentes Desportivos decorrer\u00e1 nos dias dias 8, 15 e 22 de Julho, das 21h00 \u00e0s 23h00, na plataforma Zoom e tem por principais destinat\u00e1rios os dirigentes de clubes de Voleibol, que poder\u00e3o assim &#8220;<em>adquirir conhecimentos transversais nas vertentes t\u00e9cnicas e comportamental em mat\u00e9rias necess\u00e1rias a uma boa pr\u00e1tica do dirigismo desportivo<\/em>&#8220;.<\/p>\n<p class=\"descricaonoticia\" align=\"justify\">As pr\u00e9-inscri\u00e7\u00f5es podem ser efectuadas at\u00e9 ao dia 6 de Julho atrav\u00e9s do link\u00a0<a href=\"https:\/\/forms.gle\/2DRyxBRWTg53K5hq9\" target=\"_blank\" rel=\"noopener noreferrer\">https:\/\/forms.gle\/2DRyxBRWTg53K5hq9<\/a><\/p>\n<p class=\"descricaonoticia\" align=\"justify\">Nos dias 10, 17 e 24 de Julho, igualmente das 21h00 \u00e0s 23h00 e atrav\u00e9s da plataforma Zoom, os interessados poder\u00e3o assistir e participar no Curso de Forma\u00e7\u00e3o de Delegados T\u00e9cnicos promovido pela FPV e que ter\u00e1 como p\u00fablico-alvo &#8220;t<em>odos aqueles que pretendam adquirir conhecimentos necess\u00e1rios ao bom exerc\u00edcio da fun\u00e7\u00e3o de Delegado T\u00e9cnico<\/em>&#8220;.<\/p>\n<p class=\"descricaonoticia\" align=\"justify\">As pr\u00e9-inscri\u00e7\u00f5es podem ser efectuadas at\u00e9 ao dia 8 de Julho atrav\u00e9s do link\u00a0<a href=\"https:\/\/forms.gle\/WKZUt6KkCbtzU7ip7\" target=\"_blank\" rel=\"noopener noreferrer\">https:\/\/forms.gle\/WKZUt6KkCbtzU7ip7<\/a><\/p>\n<p class=\"descricaonoticia\" align=\"justify\"><strong>Inscri\u00e7\u00f5es, hor\u00e1rios\u00a0<\/strong>e\u00a0<strong>mais informa\u00e7\u00f5es<\/strong>\u00a0em\u00a0<a href=\"http:\/\/www.fpvoleibol.pt\/cursos\/cursos-2020.php\" target=\"_blank\" rel=\"noopener noreferrer\">www.fpvoleibol.pt\/cursos\/cursos-2020.php<\/a><\/p>\n<p class=\"descricaonoticia\" align=\"left\">Mais informa\u00e7\u00f5es:\u00a0<a href=\"mailto:formacao.fpv@fpvoleibol.pt\">formacao.fpv@fpvoleibol.pt<\/a><\/p>\n","protected":false},"excerpt":{"rendered":"<p>Est\u00e3o abertas as inscri\u00e7\u00f5es para os cursos de forma\u00e7\u00e3o a realizar neste m\u00eas de Julho pela Federa\u00e7\u00e3o Portuguesa de Voleibol (FPV). O Curso de Forma\u00e7\u00e3o de Dirigentes Desportivos decorrer\u00e1 nos [&hellip;]<\/p>\n","protected":false},"author":1,"featured_media":837,"comment_status":"open","ping_status":"open","sticky":false,"template":"","format":"standard","meta":{"_monsterinsights_skip_tracking":false,"_monsterinsights_sitenote_active":false,"_monsterinsights_sitenote_note":"","_monsterinsights_sitenote_category":0,"footnotes":""},"categories":[11,8],"tags":[],"class_list":{"0":"post-836","1":"post","2":"type-post","3":"status-publish","4":"format-standard","5":"has-post-thumbnail","7":"category-formacao","8":"category-voleibol","9":"czr-hentry"},"aioseo_notices":[],"_links":{"self":[{"href":"https:\/\/fpvoleibol.pt\/fpv\/wp-json\/wp\/v2\/posts\/836","targetHints":{"allow":["GET"]}}],"collection":[{"href":"https:\/\/fpvoleibol.pt\/fpv\/wp-json\/wp\/v2\/posts"}],"about":[{"href":"https:\/\/fpvoleibol.pt\/fpv\/wp-json\/wp\/v2\/types\/post"}],"author":[{"embeddable":true,"href":"https:\/\/fpvoleibol.pt\/fpv\/wp-json\/wp\/v2\/users\/1"}],"replies":[{"embeddable":true,"href":"https:\/\/fpvoleibol.pt\/fpv\/wp-json\/wp\/v2\/comments?post=836"}],"version-history":[{"count":1,"href":"https:\/\/fpvoleibol.pt\/fpv\/wp-json\/wp\/v2\/posts\/836\/revisions"}],"predecessor-version":[{"id":838,"href":"https:\/\/fpvoleibol.pt\/fpv\/wp-json\/wp\/v2\/posts\/836\/revisions\/838"}],"wp:featuredmedia":[{"embeddable":true,"href":"https:\/\/fpvoleibol.pt\/fpv\/wp-json\/wp\/v2\/media\/837"}],"wp:attachment":[{"href":"https:\/\/fpvoleibol.pt\/fpv\/wp-json\/wp\/v2\/media?parent=836"}],"wp:term":[{"taxonomy":"category","embeddable":true,"href":"https:\/\/fpvoleibol.pt\/fpv\/wp-json\/wp\/v2\/categories?post=836"},{"taxonomy":"post_tag","embeddable":true,"href":"https:\/\/fpvoleibol.pt\/fpv\/wp-json\/wp\/v2\/tags?post=836"}],"curies":[{"name":"wp","href":"https:\/\/api.w.org\/{rel}","templated":true}]}}