{"id":824,"date":"2020-06-30T11:11:21","date_gmt":"2020-06-30T11:11:21","guid":{"rendered":"https:\/\/fpvoleibol.pt\/fpv\/?p=824"},"modified":"2020-06-30T11:11:21","modified_gmt":"2020-06-30T11:11:21","slug":"diogo-geraldes-reeleito-presidente-da-anavol","status":"publish","type":"post","link":"https:\/\/fpvoleibol.pt\/fpv\/2020\/06\/30\/diogo-geraldes-reeleito-presidente-da-anavol\/","title":{"rendered":"DIOGO GERALDES REELEITO PRESIDENTE DA ANAVOL"},"content":{"rendered":"<p class=\"descricaonoticia\" align=\"center\"><img loading=\"lazy\" decoding=\"async\" src=\"https:\/\/www.fpvoleibol.pt\/noticias\/2020\/imagens\/Diogo_Geraldes_d.jpg\" width=\"480\" height=\"270\" border=\"1\" \/><\/p>\n<p class=\"descricaonoticia\" align=\"justify\"><strong>Diogo Geraldes<\/strong>\u00a0foi reeleito, no passado s\u00e1bado,\u00a0<span class=\"auto-style2\">Presidente da Associa\u00e7\u00e3o Nacional de \u00c1rbitros de Voleibol (ANAVOL)<\/span>.<\/p>\n<p class=\"descricaonoticia\" align=\"justify\">Diogo Couto Geraldes foi reconduzido na presid\u00eancia da Direc\u00e7\u00e3o da ANAVOL para o quadri\u00e9nio 2020\/2024 numa elei\u00e7\u00e3o em que se apresentou como \u00fanico candidato, encabe\u00e7ando a Lista A, que se apresentou sob o mote \u00ab<em>Valorizar&#8221; &#8211; juntos somos mais fortes!<\/em>\u00bb.<\/p>\n<p class=\"descricaonoticia\" align=\"justify\">Em comunicado, a ANAVOL regozijou-se pela &#8220;<em>elevada participa\u00e7\u00e3o a n\u00edvel nacional&#8221;<\/em>, da maioria dos associados, n\u00e3o tendo havido votos nulos ou em branco, apresentando a lista agora eleita &#8220;<em>representantes de todas as regi\u00f5es do Pa\u00eds<\/em>&#8220;.<\/p>\n<p class=\"descricaonoticia\" align=\"justify\">A Tomada de Posse decorreu em Vila Nova de Gaia e contou com a presen\u00e7a, entre outras personalidades ligadas ao Desporto, do Presidente da Federa\u00e7\u00e3o Portuguesa de Voleibol (FPV), Vicente Ara\u00fajo, do Presidente da Associa\u00e7\u00e3o de Voleibol do Porto (AVP), Joaquim Vilela, e do Presidente da CAJAP e da APAF, Luciano Gon\u00e7alves, bem como de representantes da C\u00e2mara Municipal de Gaia.<\/p>\n<p class=\"descricaonoticia\" align=\"justify\">Mais informa\u00e7\u00f5es\u00a0<a href=\"https:\/\/www.facebook.com\/anavol.arbitros\/\" target=\"_blank\" rel=\"noopener noreferrer\">aqui<\/a><\/p>\n","protected":false},"excerpt":{"rendered":"<p>Diogo Geraldes\u00a0foi reeleito, no passado s\u00e1bado,\u00a0Presidente da Associa\u00e7\u00e3o Nacional de \u00c1rbitros de Voleibol (ANAVOL). Diogo Couto Geraldes foi reconduzido na presid\u00eancia da Direc\u00e7\u00e3o da ANAVOL para o quadri\u00e9nio 2020\/2024 numa [&hellip;]<\/p>\n","protected":false},"author":1,"featured_media":825,"comment_status":"open","ping_status":"open","sticky":false,"template":"","format":"standard","meta":{"_monsterinsights_skip_tracking":false,"_monsterinsights_sitenote_active":false,"_monsterinsights_sitenote_note":"","_monsterinsights_sitenote_category":0,"footnotes":""},"categories":[13],"tags":[],"class_list":{"0":"post-824","1":"post","2":"type-post","3":"status-publish","4":"format-standard","5":"has-post-thumbnail","7":"category-arbitragem","8":"czr-hentry"},"aioseo_notices":[],"_links":{"self":[{"href":"https:\/\/fpvoleibol.pt\/fpv\/wp-json\/wp\/v2\/posts\/824","targetHints":{"allow":["GET"]}}],"collection":[{"href":"https:\/\/fpvoleibol.pt\/fpv\/wp-json\/wp\/v2\/posts"}],"about":[{"href":"https:\/\/fpvoleibol.pt\/fpv\/wp-json\/wp\/v2\/types\/post"}],"author":[{"embeddable":true,"href":"https:\/\/fpvoleibol.pt\/fpv\/wp-json\/wp\/v2\/users\/1"}],"replies":[{"embeddable":true,"href":"https:\/\/fpvoleibol.pt\/fpv\/wp-json\/wp\/v2\/comments?post=824"}],"version-history":[{"count":1,"href":"https:\/\/fpvoleibol.pt\/fpv\/wp-json\/wp\/v2\/posts\/824\/revisions"}],"predecessor-version":[{"id":826,"href":"https:\/\/fpvoleibol.pt\/fpv\/wp-json\/wp\/v2\/posts\/824\/revisions\/826"}],"wp:featuredmedia":[{"embeddable":true,"href":"https:\/\/fpvoleibol.pt\/fpv\/wp-json\/wp\/v2\/media\/825"}],"wp:attachment":[{"href":"https:\/\/fpvoleibol.pt\/fpv\/wp-json\/wp\/v2\/media?parent=824"}],"wp:term":[{"taxonomy":"category","embeddable":true,"href":"https:\/\/fpvoleibol.pt\/fpv\/wp-json\/wp\/v2\/categories?post=824"},{"taxonomy":"post_tag","embeddable":true,"href":"https:\/\/fpvoleibol.pt\/fpv\/wp-json\/wp\/v2\/tags?post=824"}],"curies":[{"name":"wp","href":"https:\/\/api.w.org\/{rel}","templated":true}]}}