{"id":819,"date":"2020-06-29T09:12:12","date_gmt":"2020-06-29T09:12:12","guid":{"rendered":"https:\/\/fpvoleibol.pt\/fpv\/?p=819"},"modified":"2021-05-03T16:17:06","modified_gmt":"2021-05-03T15:17:06","slug":"portugal-acolhe-fase-de-qualificacao-para-o-eurovolley-2021","status":"publish","type":"post","link":"https:\/\/fpvoleibol.pt\/fpv\/2020\/06\/29\/portugal-acolhe-fase-de-qualificacao-para-o-eurovolley-2021\/","title":{"rendered":"PORTUGAL ACOLHE FASE DE QUALIFICA\u00c7\u00c3O PARA O EUROVOLLEY 2021"},"content":{"rendered":"<p class=\"descricaonoticia\" align=\"center\"><img loading=\"lazy\" decoding=\"async\" src=\"https:\/\/www.fpvoleibol.pt\/noticias\/2020\/imagens\/eurovolley_qual.jpg\" width=\"480\" height=\"270\" border=\"1\" \/><\/p>\n<p class=\"descricaonoticia\" align=\"justify\">A Confedera\u00e7\u00e3o Europeia de Voleibol (CEV) definiu hoje as\u00a0<strong>pools de qualifica\u00e7\u00e3o<\/strong>\u00a0para os Campeonatos da Europa 2021 de seniores masculinos e de seniores femininos, que ser\u00e3o disputadas em Janeiro do pr\u00f3ximo ano, depois de a sua realiza\u00e7\u00e3o, prevista para este Ver\u00e3o, ter sido, na sua maioria, impossibilitada pela evolu\u00e7\u00e3o da pandemia de Covid-19.<\/p>\n<p class=\"auto-style1\"><a href=\"https:\/\/www.fpvoleibol.pt\/noticias\/2020\/imagens\/EuroVolley%202021%20Qualifiers%20schedule%20men_gd.jpg\" target=\"_blank\" rel=\"noopener noreferrer\"><img loading=\"lazy\" decoding=\"async\" class=\"aligncenter\" src=\"https:\/\/www.fpvoleibol.pt\/noticias\/2020\/imagens\/EuroVolley%202021%20Qualifiers%20schedule%20men_pq.jpg\" width=\"480\" height=\"270\" border=\"1\" \/><\/a><\/p>\n<p class=\"descricaonoticia\" align=\"justify\">Se a situa\u00e7\u00e3o evoluir favoravelmente,\u00a0<span class=\"auto-style2\">Portugal ir\u00e1 acolher duas fases de qualifica\u00e7\u00e3o<\/span>, mais concretamente o\u00a0<strong>Torneio 1 da Pool B de femininos<\/strong>, de 7 a 10 de Janeiro \u2013 a Ge\u00f3rgia organiza o Torneio 2 deste grupo, de 14 a 17 de Janeiro \u2013 e o\u00a0<strong>Torneio 2 da Pool G de masculinos<\/strong>, de 14 a 17 de Janeiro, enquanto a Hungria recebe, de 7 a 10 de Janeiro, o Torneio 1. [<strong>Ver imagens]<\/strong><\/p>\n<p class=\"auto-style1\"><a href=\"https:\/\/www.fpvoleibol.pt\/noticias\/2020\/imagens\/EuroVolley%202021%20Qualifiers%20schedule%20women_gd.jpg\" target=\"_blank\" rel=\"noopener noreferrer\"><img loading=\"lazy\" decoding=\"async\" class=\"aligncenter\" src=\"https:\/\/www.fpvoleibol.pt\/noticias\/2020\/imagens\/EuroVolley%202021%20Qualifiers%20schedule%20women_pq.jpg\" width=\"480\" height=\"270\" border=\"1\" \/><\/a><\/p>\n<p class=\"auto-style3\">Nesta derradeira fase de apuramento para o EuroVolley 2021, a Selec\u00e7\u00e3o Nacional de Seniores Masculinos defronta, em dois torneios na Pool G, a Noruega, a Bielorr\u00fassia e a Hungria, ao passo que a Ge\u00f3rgia, a Ucr\u00e2nia e a Su\u00e9cia s\u00e3o as advers\u00e1rias da Selec\u00e7\u00e3o Nacional de Seniores Femininos na Pool B.<\/p>\n<p class=\"auto-style3\">Em masculinos, apuram-se para o Europeu (organizado pela Pol\u00f3nia, Rep\u00fablica Checa, Est\u00f3nia e Finl\u00e2ndia), os vencedores das sete pools de qualifica\u00e7\u00e3o e os cinco melhores segundos classificados.<\/p>\n<p class=\"auto-style3\">Em femininos, apuram-se para o Europeu (a decorrer na S\u00e9rvia, na Bulg\u00e1ria, na Cro\u00e1cia e na Rom\u00e9nia), as selec\u00e7\u00f5es vencedoras das seis pools de qualifica\u00e7\u00e3o e os seis segundos classificados.<\/p>\n<p class=\"auto-style3\">Tanto em masculinos como em femininos, as 12 selec\u00e7\u00f5es apuradas nestas fases de qualifica\u00e7\u00e3o ir\u00e3o juntar-se aos 4 organizadores e \u00e0s outras 8 selec\u00e7\u00f5es j\u00e1 qualificadas de acordo com a\u00a0<a href=\"https:\/\/www.cev.eu\/Competition-Area\/competition.aspx?ID=1052&amp;PID=-2\" target=\"_blank\" rel=\"noopener noreferrer\">classifica\u00e7\u00e3o final da edi\u00e7\u00e3o de 2019<\/a>.<\/p>\n<p class=\"auto-style3\">Ver mais informa\u00e7\u00f5es\u00a0<a href=\"https:\/\/www.cev.eu\/News.aspx?NewsID=30822&amp;ID=5\" target=\"_blank\" rel=\"noopener noreferrer\">aqui<\/a><\/p>\n<p class=\"descricaonoticia\" align=\"justify\">Recorde-se ainda que a CEV cancelou, no passado dia 15, as segundas fases de qualifica\u00e7\u00e3o para os Campeonatos da Europa dos escal\u00f5es mais jovens, nomeadamente de Sub-17 Femininos, Sub-18 Masculinos, Sub-19 Femininos e Sub-20 Masculinos.<br \/>\nAs Selec\u00e7\u00f5es Nacionais de Sub-18 e Sub-20 Masculinos, orientadas por Nuno Pereira, tinham conseguido o apuramento para a 2.\u00aa fase, agendada inicialmente para Abril\/Maio \u00faltimo e posteriormente \u00abadiada\u00bb para Agosto. Ver an\u00fancio\u00a0<a href=\"https:\/\/www.cev.eu\/News.aspx?NewsID=30771&amp;ID=5\" target=\"_blank\" rel=\"noopener noreferrer\">aqui<\/a><\/p>\n","protected":false},"excerpt":{"rendered":"<p>A Confedera\u00e7\u00e3o Europeia de Voleibol (CEV) definiu hoje as\u00a0pools de qualifica\u00e7\u00e3o\u00a0para os Campeonatos da Europa 2021 de seniores masculinos e de seniores femininos, que ser\u00e3o disputadas em Janeiro do pr\u00f3ximo [&hellip;]<\/p>\n","protected":false},"author":1,"featured_media":818,"comment_status":"open","ping_status":"open","sticky":false,"template":"","format":"standard","meta":{"_monsterinsights_skip_tracking":false,"_monsterinsights_sitenote_active":false,"_monsterinsights_sitenote_note":"","_monsterinsights_sitenote_category":0,"footnotes":""},"categories":[8],"tags":[35,36],"class_list":{"0":"post-819","1":"post","2":"type-post","3":"status-publish","4":"format-standard","5":"has-post-thumbnail","7":"category-voleibol","8":"tag-eurovolley2021-seniores-femininos","9":"tag-eurovolley2021-seniores-masculinos","10":"czr-hentry"},"aioseo_notices":[],"_links":{"self":[{"href":"https:\/\/fpvoleibol.pt\/fpv\/wp-json\/wp\/v2\/posts\/819","targetHints":{"allow":["GET"]}}],"collection":[{"href":"https:\/\/fpvoleibol.pt\/fpv\/wp-json\/wp\/v2\/posts"}],"about":[{"href":"https:\/\/fpvoleibol.pt\/fpv\/wp-json\/wp\/v2\/types\/post"}],"author":[{"embeddable":true,"href":"https:\/\/fpvoleibol.pt\/fpv\/wp-json\/wp\/v2\/users\/1"}],"replies":[{"embeddable":true,"href":"https:\/\/fpvoleibol.pt\/fpv\/wp-json\/wp\/v2\/comments?post=819"}],"version-history":[{"count":1,"href":"https:\/\/fpvoleibol.pt\/fpv\/wp-json\/wp\/v2\/posts\/819\/revisions"}],"predecessor-version":[{"id":820,"href":"https:\/\/fpvoleibol.pt\/fpv\/wp-json\/wp\/v2\/posts\/819\/revisions\/820"}],"wp:featuredmedia":[{"embeddable":true,"href":"https:\/\/fpvoleibol.pt\/fpv\/wp-json\/wp\/v2\/media\/818"}],"wp:attachment":[{"href":"https:\/\/fpvoleibol.pt\/fpv\/wp-json\/wp\/v2\/media?parent=819"}],"wp:term":[{"taxonomy":"category","embeddable":true,"href":"https:\/\/fpvoleibol.pt\/fpv\/wp-json\/wp\/v2\/categories?post=819"},{"taxonomy":"post_tag","embeddable":true,"href":"https:\/\/fpvoleibol.pt\/fpv\/wp-json\/wp\/v2\/tags?post=819"}],"curies":[{"name":"wp","href":"https:\/\/api.w.org\/{rel}","templated":true}]}}