{"id":813,"date":"2020-06-26T16:26:11","date_gmt":"2020-06-26T16:26:11","guid":{"rendered":"https:\/\/fpvoleibol.pt\/fpv\/?p=813"},"modified":"2020-06-26T16:26:11","modified_gmt":"2020-06-26T16:26:11","slug":"volei-a-mesa-com-ana-gomes-e-daniel-lacerda","status":"publish","type":"post","link":"https:\/\/fpvoleibol.pt\/fpv\/2020\/06\/26\/volei-a-mesa-com-ana-gomes-e-daniel-lacerda\/","title":{"rendered":"\u00abVOLEI \u00c0 MESA\u00bb COM ANA GOMES E DANIEL LACERDA"},"content":{"rendered":"<p class=\"descricaonoticia\" align=\"center\"><img loading=\"lazy\" decoding=\"async\" src=\"https:\/\/www.fpvoleibol.pt\/noticias\/2020\/imagens\/VT_VoleibolSentado.jpg\" width=\"480\" height=\"270\" border=\"1\" \/><\/p>\n<p class=\"descricaonoticia\" align=\"justify\"><strong>Daniel Lacerda<\/strong>, respons\u00e1vel pelo\u00a0<a href=\"https:\/\/www.fpvoleibol.pt\/paravolei\/\" target=\"_blank\" rel=\"noopener noreferrer\">ParaVolei<\/a>\u00a0a n\u00edvel nacional e antigo Director T\u00e9cnico Nacional, e\u00a0<strong>Ana Gomes,<\/strong>\u00a0respons\u00e1vel pelo Desporto Adaptado no CD Fi\u00e3es, s\u00e3o os pr\u00f3ximos convidados do programa produzido pela\u00a0<strong>Volei TV<\/strong>, canal multim\u00e9dia da Federa\u00e7\u00e3o Portuguesa de Voleibol (FPV), e denominado \u00ab<strong>Volei \u00e0 Mesa<\/strong>\u00bb.<\/p>\n<p class=\"descricaonoticia\" align=\"justify\">O moderador \u00e9\u00a0<strong>Ant\u00f3nio Guerra<\/strong>, um dos respons\u00e1veis pelo Departamento da Forma\u00e7\u00e3o da FPV e antigo seleccionador nacional, e o 6.\u00ba epis\u00f3dio do<strong>\u00a0\u00abVolei \u00e0 Mesa\u00bb<\/strong>\u00a0\u2013 subordinado ao tema \u00abVoleibol Sentado\u00bb \u2013 vai para o ar hoje, pelas\u00a0<span class=\"auto-style2\">18h00,<\/span>\u00a0no canal YouTube da Volei TV.<\/p>\n<p class=\"descricaonoticia\" align=\"justify\">A n\u00e3o perder\u00a0<a href=\"https:\/\/youtu.be\/b9zKPZ1z7Q4\" target=\"_blank\" rel=\"noopener noreferrer\">aqui<\/a><\/p>\n<p class=\"auto-style1\"><img loading=\"lazy\" decoding=\"async\" class=\"aligncenter\" src=\"https:\/\/www.fpvoleibol.pt\/noticias\/2020\/imagens\/VM480x270.jpg\" width=\"480\" height=\"270\" border=\"1\" \/><\/p>\n<p class=\"descricaonoticia\" align=\"justify\">De acordo com Jessica Silva, respons\u00e1vel pela Volei TV, no \u00abVolei \u00e0 Mesa\u00bb &#8220;<em>estar\u00e3o sempre \u00abem cima da mesa\u00bb, de um forma informal, v\u00e1rios temas ligados ao panorama do Voleibol nacional e internacional, que abordar\u00e3o desde a hist\u00f3ria da modalidade, gestos t\u00e9cnicos, organiza\u00e7\u00e3o t\u00e1ctica e colectiva a especificidades do Voleibol, Voleibol de Praia e ParaVole<\/em>i&#8221;.<\/p>\n<p class=\"descricaonoticia\" align=\"justify\"><strong><span class=\"auto-style2\">Voleibol na TV\u00a0<\/span><\/strong>\u00e9 no\u00a0<strong><a href=\"http:\/\/www.volei.tv\/\" target=\"_blank\" rel=\"noopener noreferrer\">www.volei.tv<\/a><\/strong><\/p>\n<p class=\"auto-style1\">Mais informa\u00e7\u00f5es:\u00a0<a href=\"http:\/\/www.fpvoleibol.pt\/\" target=\"_blank\" rel=\"noopener noreferrer\">www.fpvoleibol.pt<\/a>\u00a0\/\u00a0<a href=\"https:\/\/www.facebook.com\/fpvoleibol\/posts\/1198255823518464\" target=\"_blank\" rel=\"noopener noreferrer\">Facebook<\/a><\/p>\n","protected":false},"excerpt":{"rendered":"<p>Daniel Lacerda, respons\u00e1vel pelo\u00a0ParaVolei\u00a0a n\u00edvel nacional e antigo Director T\u00e9cnico Nacional, e\u00a0Ana Gomes,\u00a0respons\u00e1vel pelo Desporto Adaptado no CD Fi\u00e3es, s\u00e3o os pr\u00f3ximos convidados do programa produzido pela\u00a0Volei TV, canal multim\u00e9dia [&hellip;]<\/p>\n","protected":false},"author":1,"featured_media":814,"comment_status":"open","ping_status":"open","sticky":false,"template":"","format":"standard","meta":{"_monsterinsights_skip_tracking":false,"_monsterinsights_sitenote_active":false,"_monsterinsights_sitenote_note":"","_monsterinsights_sitenote_category":0,"footnotes":""},"categories":[15,14,8],"tags":[],"class_list":{"0":"post-813","1":"post","2":"type-post","3":"status-publish","4":"format-standard","5":"has-post-thumbnail","7":"category-diversos","8":"category-institucional","9":"category-voleibol","10":"czr-hentry"},"aioseo_notices":[],"_links":{"self":[{"href":"https:\/\/fpvoleibol.pt\/fpv\/wp-json\/wp\/v2\/posts\/813","targetHints":{"allow":["GET"]}}],"collection":[{"href":"https:\/\/fpvoleibol.pt\/fpv\/wp-json\/wp\/v2\/posts"}],"about":[{"href":"https:\/\/fpvoleibol.pt\/fpv\/wp-json\/wp\/v2\/types\/post"}],"author":[{"embeddable":true,"href":"https:\/\/fpvoleibol.pt\/fpv\/wp-json\/wp\/v2\/users\/1"}],"replies":[{"embeddable":true,"href":"https:\/\/fpvoleibol.pt\/fpv\/wp-json\/wp\/v2\/comments?post=813"}],"version-history":[{"count":1,"href":"https:\/\/fpvoleibol.pt\/fpv\/wp-json\/wp\/v2\/posts\/813\/revisions"}],"predecessor-version":[{"id":815,"href":"https:\/\/fpvoleibol.pt\/fpv\/wp-json\/wp\/v2\/posts\/813\/revisions\/815"}],"wp:featuredmedia":[{"embeddable":true,"href":"https:\/\/fpvoleibol.pt\/fpv\/wp-json\/wp\/v2\/media\/814"}],"wp:attachment":[{"href":"https:\/\/fpvoleibol.pt\/fpv\/wp-json\/wp\/v2\/media?parent=813"}],"wp:term":[{"taxonomy":"category","embeddable":true,"href":"https:\/\/fpvoleibol.pt\/fpv\/wp-json\/wp\/v2\/categories?post=813"},{"taxonomy":"post_tag","embeddable":true,"href":"https:\/\/fpvoleibol.pt\/fpv\/wp-json\/wp\/v2\/tags?post=813"}],"curies":[{"name":"wp","href":"https:\/\/api.w.org\/{rel}","templated":true}]}}