{"id":810,"date":"2020-06-26T16:24:39","date_gmt":"2020-06-26T16:24:39","guid":{"rendered":"https:\/\/fpvoleibol.pt\/fpv\/?p=810"},"modified":"2020-06-26T16:24:39","modified_gmt":"2020-06-26T16:24:39","slug":"as-supertacas-mais-desejadas","status":"publish","type":"post","link":"https:\/\/fpvoleibol.pt\/fpv\/2020\/06\/26\/as-supertacas-mais-desejadas\/","title":{"rendered":"AS SUPERTA\u00c7A(S) MAIS DESEJADAS"},"content":{"rendered":"<p class=\"descricaonoticia\" align=\"center\"><img loading=\"lazy\" decoding=\"async\" src=\"https:\/\/www.fpvoleibol.pt\/noticias\/2020\/imagens\/supertacafem_2018_b.jpg\" width=\"480\" height=\"270\" border=\"1\" \/><\/p>\n<p class=\"descricaonoticia\" align=\"justify\">Os condicionamentos provocados pelos efeitos nefastos da pandemia de Covid-19, sobretudo no que diz respeito \u00e0 aus\u00eancia de competi\u00e7\u00e3o e \u00e0s consequ\u00eancias desportivas e financeiras que da\u00ed adv\u00eam, tornam as Superta\u00e7as 2020 de masculinos e de femininos ainda mais aguardadas, tanto pelos os clubes como pelos adeptos.<\/p>\n<p class=\"descricaonoticia\" align=\"justify\">Tendo em considera\u00e7\u00e3o que os campeonatos nacionais de 2019\/2020 n\u00e3o chegaram ao fim \u2013 assim como a Ta\u00e7a de Portugal de masculinos \u2013 a Superta\u00e7a de 2020 ter\u00e1 um figurino diferente.<\/p>\n<p class=\"descricaonoticia\" align=\"justify\">Em masculinos, SL Benfica, Sporting CP, AJ Fonte do Bastardo, SC Espinho, AA S. Mamede e Leix\u00f5es SC s\u00e3o as seis equipas que ir\u00e3o disputar a Superta\u00e7a 2020.<br \/>\nAs equipas ser\u00e3o divididas em duas s\u00e9ries de tr\u00eas equipas cada e distribu\u00eddas em sistema de serpentina, de acordo com a classifica\u00e7\u00e3o obtida no momento da interrup\u00e7\u00e3o do Campeonato 2019\/2020.<br \/>\nEsta edi\u00e7\u00e3o da Superta\u00e7a ser\u00e1 disputada em dois fins-de-semana, em campo neutro e em data a definir, mas, em princ\u00edpio, no m\u00eas de Setembro.<br \/>\nNo primeiro fim-de-semana, ser\u00e1 apurada a classifica\u00e7\u00e3o respeitante a cada s\u00e9rie para, no segundo fim-de-semana, ser encontrado o vencedor da Superta\u00e7a.<\/p>\n<p class=\"descricaonoticia\" align=\"justify\">Em 2019, o SL Benfica venceu (3-0: 25-14, 25-18 e 25-22) a AJ Fonte do Bastardo e ergueu a Superta\u00e7a Honda, disputada no Pavilh\u00e3o do Complexo Municipal dos Desportos \u00abCidade de Almada\u00bb e que contou com a arbitragem de H\u00e9lio Ormonde (AV S\u00e3o Miguel) e Pedro Pinto (AV Porto). Ver estat\u00edstica\u00a0<a href=\"https:\/\/www.fpvoleibol.pt\/noticias\/2019\/Supertacahonda_SLB-AJFB%20(3-0).pdf\" target=\"_blank\" rel=\"noopener noreferrer\">aqui<\/a><\/p>\n<p class=\"descricaonoticia\" align=\"justify\">A Superta\u00e7a 2020 de seniores femininos ser\u00e1 disputada por Clube Kair\u00f3s, AVC Famalic\u00e3o, Porto Volei 2014 e AJM\/FC Porto.<br \/>\nA competi\u00e7\u00e3o ser\u00e1 realizada em dois fins-de-semana, em campo neutro e em data a definir.<\/p>\n<p class=\"descricaonoticia\" align=\"justify\">De acordo com o sorteio a realizar, o Clube Kair\u00f3s, o AVC Famalic\u00e3o e o Porto Volei 2014 jogar\u00e3o no primeiro fim-de-semana, todos contra todos a uma volta para apurar quem disputar\u00e1, no segundo fim-de-semana, a Superta\u00e7a com o AJM\/FC Porto, vencedor da Ta\u00e7a de Portugal.<\/p>\n<p class=\"descricaonoticia\" align=\"justify\">Em 2019, a AJM\/FC Porto conquistou a sua primeira Superta\u00e7a ao superar, em Vila Flor, o Leix\u00f5es SC, ent\u00e3o tricampe\u00e3o nacional em t\u00edtulo, por 3-2 (27-29, 23-25, 25-17, 25-16 e 15-6). Ver estat\u00edstica do jogo\u00a0<a href=\"https:\/\/www.fpvoleibol.pt\/noticias\/2019\/Match%20report_Ajm%20FCP%20x%20LSC.pdf\" target=\"_blank\" rel=\"noopener noreferrer\">aqui<\/a><\/p>\n<p class=\"descricaonoticia\" align=\"justify\">Mais informa\u00e7\u00f5es\u00a0<a href=\"https:\/\/www.fpvoleibol.pt\/documentacao\/circulares\/19_20\/39.pdf\" target=\"_blank\" rel=\"noopener noreferrer\">aqui<\/a><\/p>\n","protected":false},"excerpt":{"rendered":"<p>Os condicionamentos provocados pelos efeitos nefastos da pandemia de Covid-19, sobretudo no que diz respeito \u00e0 aus\u00eancia de competi\u00e7\u00e3o e \u00e0s consequ\u00eancias desportivas e financeiras que da\u00ed adv\u00eam, tornam as [&hellip;]<\/p>\n","protected":false},"author":1,"featured_media":811,"comment_status":"open","ping_status":"open","sticky":false,"template":"","format":"standard","meta":{"_monsterinsights_skip_tracking":false,"_monsterinsights_sitenote_active":false,"_monsterinsights_sitenote_note":"","_monsterinsights_sitenote_category":0,"footnotes":""},"categories":[8],"tags":[],"class_list":{"0":"post-810","1":"post","2":"type-post","3":"status-publish","4":"format-standard","5":"has-post-thumbnail","7":"category-voleibol","8":"czr-hentry"},"aioseo_notices":[],"_links":{"self":[{"href":"https:\/\/fpvoleibol.pt\/fpv\/wp-json\/wp\/v2\/posts\/810","targetHints":{"allow":["GET"]}}],"collection":[{"href":"https:\/\/fpvoleibol.pt\/fpv\/wp-json\/wp\/v2\/posts"}],"about":[{"href":"https:\/\/fpvoleibol.pt\/fpv\/wp-json\/wp\/v2\/types\/post"}],"author":[{"embeddable":true,"href":"https:\/\/fpvoleibol.pt\/fpv\/wp-json\/wp\/v2\/users\/1"}],"replies":[{"embeddable":true,"href":"https:\/\/fpvoleibol.pt\/fpv\/wp-json\/wp\/v2\/comments?post=810"}],"version-history":[{"count":1,"href":"https:\/\/fpvoleibol.pt\/fpv\/wp-json\/wp\/v2\/posts\/810\/revisions"}],"predecessor-version":[{"id":812,"href":"https:\/\/fpvoleibol.pt\/fpv\/wp-json\/wp\/v2\/posts\/810\/revisions\/812"}],"wp:featuredmedia":[{"embeddable":true,"href":"https:\/\/fpvoleibol.pt\/fpv\/wp-json\/wp\/v2\/media\/811"}],"wp:attachment":[{"href":"https:\/\/fpvoleibol.pt\/fpv\/wp-json\/wp\/v2\/media?parent=810"}],"wp:term":[{"taxonomy":"category","embeddable":true,"href":"https:\/\/fpvoleibol.pt\/fpv\/wp-json\/wp\/v2\/categories?post=810"},{"taxonomy":"post_tag","embeddable":true,"href":"https:\/\/fpvoleibol.pt\/fpv\/wp-json\/wp\/v2\/tags?post=810"}],"curies":[{"name":"wp","href":"https:\/\/api.w.org\/{rel}","templated":true}]}}