{"id":807,"date":"2020-06-23T16:22:15","date_gmt":"2020-06-23T16:22:15","guid":{"rendered":"https:\/\/fpvoleibol.pt\/fpv\/?p=807"},"modified":"2020-06-26T16:23:23","modified_gmt":"2020-06-26T16:23:23","slug":"congresso-internacional-de-voleibol","status":"publish","type":"post","link":"https:\/\/fpvoleibol.pt\/fpv\/2020\/06\/23\/congresso-internacional-de-voleibol\/","title":{"rendered":"CONGRESSO INTERNACIONAL DE VOLEIBOL"},"content":{"rendered":"<p class=\"descricaonoticia\" align=\"center\"><a href=\"https:\/\/www.fpvoleibol.pt\/noticias\/2020\/imagens\/lusofona_congresso_gd.jpg\" target=\"_blank\" rel=\"noopener noreferrer\"><img loading=\"lazy\" decoding=\"async\" title=\"Foto 1\" src=\"https:\/\/www.fpvoleibol.pt\/noticias\/2020\/imagens\/lusofona_congresso_pq.jpg\" width=\"430\" height=\"611\" border=\"1\" \/><\/a><\/p>\n<p class=\"auto-style1\">A Lus\u00f3fona Voleibol, em colabora\u00e7\u00e3o com a Federa\u00e7\u00e3o Portuguesa de Voleibol, vai realizar o\u00a0<strong>Congresso Internacional de Voleibol \u00abDo Brasil para Portugal\u00bb<\/strong>\u00a0nos dias 4 a 6 de Setembro, no Audit\u00f3rio Agostinho da Silva da Universidade Lus\u00f3fona de Humanidades e Tecnologias, em Lisboa.<\/p>\n<p class=\"auto-style1\">O evento conta com a participa\u00e7\u00e3o de tr\u00eas nomes grandes do Voleibol brasileiro,<span class=\"auto-style2\">\u00a0Percy Oncken (Lus\u00f3fona VC)<\/span>,\u00a0<span class=\"auto-style2\">Marcel Matz (SL Benfica<\/span>) e\u00a0<span class=\"auto-style2\"><em>Gersinho<\/em>\u00a0Amorim (Sporting CP<\/span>), que foram campe\u00f5es mundiais pela\u00a0<em>selec\u00e7\u00e3o canarinha<\/em>\u00a0e que agora partilham os seus conhecimentos em Portugal, e atribui<strong>\u00a04<\/strong>\u00a0Unidades de Cr\u00e9dito (UC) aos treinadores que participem\u00a0<em>presencialmente<\/em>\u00a0na forma\u00e7\u00e3o.<\/p>\n<p class=\"auto-style1\"><strong>Link para inscri\u00e7\u00f5es<\/strong>\u00a0e informa\u00e7\u00f5es adicionais\u00a0<a href=\"https:\/\/www.ulusofona.pt\/agenda\/congresso-internacional-voleibol\" target=\"_blank\" rel=\"noopener noreferrer\">aqui<\/a><\/p>\n<p class=\"auto-style1\">Mais informa\u00e7\u00f5es atrav\u00e9s de\u00a0<a href=\"mailto:lusofonavoleibol@ulusofona.pt\">lusofonavoleibol@ulusofona.pt<\/a><\/p>\n","protected":false},"excerpt":{"rendered":"<p>A Lus\u00f3fona Voleibol, em colabora\u00e7\u00e3o com a Federa\u00e7\u00e3o Portuguesa de Voleibol, vai realizar o\u00a0Congresso Internacional de Voleibol \u00abDo Brasil para Portugal\u00bb\u00a0nos dias 4 a 6 de Setembro, no Audit\u00f3rio Agostinho [&hellip;]<\/p>\n","protected":false},"author":1,"featured_media":808,"comment_status":"open","ping_status":"open","sticky":false,"template":"","format":"standard","meta":{"_monsterinsights_skip_tracking":false,"_monsterinsights_sitenote_active":false,"_monsterinsights_sitenote_note":"","_monsterinsights_sitenote_category":0,"footnotes":""},"categories":[11,8],"tags":[],"class_list":{"0":"post-807","1":"post","2":"type-post","3":"status-publish","4":"format-standard","5":"has-post-thumbnail","7":"category-formacao","8":"category-voleibol","9":"czr-hentry"},"aioseo_notices":[],"_links":{"self":[{"href":"https:\/\/fpvoleibol.pt\/fpv\/wp-json\/wp\/v2\/posts\/807","targetHints":{"allow":["GET"]}}],"collection":[{"href":"https:\/\/fpvoleibol.pt\/fpv\/wp-json\/wp\/v2\/posts"}],"about":[{"href":"https:\/\/fpvoleibol.pt\/fpv\/wp-json\/wp\/v2\/types\/post"}],"author":[{"embeddable":true,"href":"https:\/\/fpvoleibol.pt\/fpv\/wp-json\/wp\/v2\/users\/1"}],"replies":[{"embeddable":true,"href":"https:\/\/fpvoleibol.pt\/fpv\/wp-json\/wp\/v2\/comments?post=807"}],"version-history":[{"count":1,"href":"https:\/\/fpvoleibol.pt\/fpv\/wp-json\/wp\/v2\/posts\/807\/revisions"}],"predecessor-version":[{"id":809,"href":"https:\/\/fpvoleibol.pt\/fpv\/wp-json\/wp\/v2\/posts\/807\/revisions\/809"}],"wp:featuredmedia":[{"embeddable":true,"href":"https:\/\/fpvoleibol.pt\/fpv\/wp-json\/wp\/v2\/media\/808"}],"wp:attachment":[{"href":"https:\/\/fpvoleibol.pt\/fpv\/wp-json\/wp\/v2\/media?parent=807"}],"wp:term":[{"taxonomy":"category","embeddable":true,"href":"https:\/\/fpvoleibol.pt\/fpv\/wp-json\/wp\/v2\/categories?post=807"},{"taxonomy":"post_tag","embeddable":true,"href":"https:\/\/fpvoleibol.pt\/fpv\/wp-json\/wp\/v2\/tags?post=807"}],"curies":[{"name":"wp","href":"https:\/\/api.w.org\/{rel}","templated":true}]}}