{"id":804,"date":"2020-06-22T10:30:22","date_gmt":"2020-06-22T10:30:22","guid":{"rendered":"https:\/\/fpvoleibol.pt\/fpv\/?p=804"},"modified":"2020-06-23T09:31:13","modified_gmt":"2020-06-23T09:31:13","slug":"curso-de-grau-iii-para-treinadores-de-voleibol","status":"publish","type":"post","link":"https:\/\/fpvoleibol.pt\/fpv\/2020\/06\/22\/curso-de-grau-iii-para-treinadores-de-voleibol\/","title":{"rendered":"CURSO DE GRAU III PARA TREINADORES DE VOLEIBOL"},"content":{"rendered":"<p class=\"descricaonoticia\" align=\"center\"><img loading=\"lazy\" decoding=\"async\" src=\"https:\/\/www.fpvoleibol.pt\/noticias\/2020\/imagens\/cursos_grau1.jpg\" width=\"480\" height=\"270\" border=\"1\" \/><\/p>\n<p class=\"descricaonoticia\" align=\"justify\">Est\u00e1 aberto o per\u00edodo de pr\u00e9-inscri\u00e7\u00f5es para o curso de Grau III que a Federa\u00e7\u00e3o Portuguesa de Voleibol (FPV) vai realizar entre 8 e 29 de Julho de 2020.<\/p>\n<p class=\"descricaonoticia\" align=\"justify\">O Curso de Grau III tem sess\u00f5es te\u00f3ricas e pr\u00e1ticas. As te\u00f3ricas, ministradas online atrav\u00e9s da plataforma Zoom, repartem-se pelos dias 8 a 15 de Julho, dias 18 e 19 de Julho e de 24 a 29 de Julho, enquanto as sess\u00f5es pr\u00e1ticas ser\u00e3o realizadas na FADEUP.<\/p>\n<p class=\"descricaonoticia\" align=\"justify\"><strong>Inscri\u00e7\u00f5es, hor\u00e1rios\u00a0<\/strong>e\u00a0<strong>mais informa\u00e7\u00f5es<\/strong>\u00a0em\u00a0<a href=\"http:\/\/www.fpvoleibol.pt\/cursos\/cursos-2020.php\" target=\"_blank\" rel=\"noopener noreferrer\">www.fpvoleibol.pt\/cursos\/cursos-2020.php<\/a><\/p>\n<p class=\"descricaonoticia\" align=\"justify\">No\u00a0 \u00e2mbito do Programa Nacional de Forma\u00e7\u00e3o de Treinadores 2020, a Federa\u00e7\u00e3o Portuguesa de Voleibol (FPV) realizou Cursos de Treinadores de Grau I e de Grau II no corrente m\u00eas de Junho.<\/p>\n<p class=\"descricaonoticia\" align=\"justify\"><b>Ver caracter\u00edsticas detalhadas dos cursos 2020\u00a0<\/b><a href=\"http:\/\/www.fpvoleibol.pt\/cursos\/cursos-2020.php\" target=\"_blank\" rel=\"noopener noreferrer\">aqui<\/a><\/p>\n<p class=\"descricaonoticia\" align=\"left\">Mais informa\u00e7\u00f5es:\u00a0<a href=\"mailto:formacao.fpv@fpvoleibol.pt\">formacao.fpv@fpvoleibol.pt<\/a><\/p>\n","protected":false},"excerpt":{"rendered":"<p>Est\u00e1 aberto o per\u00edodo de pr\u00e9-inscri\u00e7\u00f5es para o curso de Grau III que a Federa\u00e7\u00e3o Portuguesa de Voleibol (FPV) vai realizar entre 8 e 29 de Julho de 2020. O [&hellip;]<\/p>\n","protected":false},"author":1,"featured_media":805,"comment_status":"open","ping_status":"open","sticky":false,"template":"","format":"standard","meta":{"_monsterinsights_skip_tracking":false,"_monsterinsights_sitenote_active":false,"_monsterinsights_sitenote_note":"","_monsterinsights_sitenote_category":0,"footnotes":""},"categories":[11,8],"tags":[],"class_list":{"0":"post-804","1":"post","2":"type-post","3":"status-publish","4":"format-standard","5":"has-post-thumbnail","7":"category-formacao","8":"category-voleibol","9":"czr-hentry"},"aioseo_notices":[],"_links":{"self":[{"href":"https:\/\/fpvoleibol.pt\/fpv\/wp-json\/wp\/v2\/posts\/804","targetHints":{"allow":["GET"]}}],"collection":[{"href":"https:\/\/fpvoleibol.pt\/fpv\/wp-json\/wp\/v2\/posts"}],"about":[{"href":"https:\/\/fpvoleibol.pt\/fpv\/wp-json\/wp\/v2\/types\/post"}],"author":[{"embeddable":true,"href":"https:\/\/fpvoleibol.pt\/fpv\/wp-json\/wp\/v2\/users\/1"}],"replies":[{"embeddable":true,"href":"https:\/\/fpvoleibol.pt\/fpv\/wp-json\/wp\/v2\/comments?post=804"}],"version-history":[{"count":1,"href":"https:\/\/fpvoleibol.pt\/fpv\/wp-json\/wp\/v2\/posts\/804\/revisions"}],"predecessor-version":[{"id":806,"href":"https:\/\/fpvoleibol.pt\/fpv\/wp-json\/wp\/v2\/posts\/804\/revisions\/806"}],"wp:featuredmedia":[{"embeddable":true,"href":"https:\/\/fpvoleibol.pt\/fpv\/wp-json\/wp\/v2\/media\/805"}],"wp:attachment":[{"href":"https:\/\/fpvoleibol.pt\/fpv\/wp-json\/wp\/v2\/media?parent=804"}],"wp:term":[{"taxonomy":"category","embeddable":true,"href":"https:\/\/fpvoleibol.pt\/fpv\/wp-json\/wp\/v2\/categories?post=804"},{"taxonomy":"post_tag","embeddable":true,"href":"https:\/\/fpvoleibol.pt\/fpv\/wp-json\/wp\/v2\/tags?post=804"}],"curies":[{"name":"wp","href":"https:\/\/api.w.org\/{rel}","templated":true}]}}