{"id":801,"date":"2020-06-22T09:28:46","date_gmt":"2020-06-22T09:28:46","guid":{"rendered":"https:\/\/fpvoleibol.pt\/fpv\/?p=801"},"modified":"2020-06-23T09:30:48","modified_gmt":"2020-06-23T09:30:48","slug":"2-o-ciclo-de-formacoes-da-aval-nos-dias-1-3-e-4-de-julho","status":"publish","type":"post","link":"https:\/\/fpvoleibol.pt\/fpv\/2020\/06\/22\/2-o-ciclo-de-formacoes-da-aval-nos-dias-1-3-e-4-de-julho\/","title":{"rendered":"2.\u00ba CICLO DE FORMA\u00c7\u00d5ES DA AVAL NOS DIAS 1, 3 E 4 DE JULHO"},"content":{"rendered":"<p class=\"descricaonoticia\" align=\"center\"><a href=\"https:\/\/www.fpvoleibol.pt\/noticias\/2020\/imagens\/aval_22junho2020_gd.jpg\" target=\"_blank\" rel=\"noopener noreferrer\"><img loading=\"lazy\" decoding=\"async\" title=\"Foto 1\" src=\"https:\/\/www.fpvoleibol.pt\/noticias\/2020\/imagens\/aval_22junho2020_pq.jpg\" width=\"480\" height=\"339\" border=\"1\" \/><\/a><\/p>\n<p class=\"auto-style1\">Apesar do momento delicado que Portugal atravessa, no combate \u00e0 pandemia de Covid-19, a\u00a0<strong>Associa\u00e7\u00e3o de Voleibol do Alentejo e Algarve (AVAL) &#8220;<\/strong><em><strong>tem procurado formas de continuar a\u00a0<\/strong>trabalhar em prol do Voleibol&#8221;,\u00a0<\/em>como salienta Ruben Lan\u00e7a, Director T\u00e9cnico Regional da AVAL.<\/p>\n<p class=\"auto-style1\">Assim, e de forma a ir ao encontro das necessidades &#8220;dos nossos t\u00e9cnicos, professores, dirigentes e amantes da modalidade&#8221;, a AVAL, em colabora\u00e7\u00e3o com a FPV, est\u00e1 a organizar o 2.\u00ba Ciclo de Forma\u00e7\u00f5es, com o objectivo de ajudar na inicia\u00e7\u00e3o do Voleibol nas escolas, conhecer e saber operacionalizar o Gira-Volei nas escolas\/clubes e aprender t\u00e9cnicas para a inicia\u00e7\u00e3o do Voleibol de Praia.<\/p>\n<p class=\"auto-style2\"><strong>Prelectores e Temas<\/strong><\/p>\n<p class=\"auto-style4\"><strong>1 de Julho (21h00 \u00e0s 23h00)<\/strong><\/p>\n<p class=\"auto-style1\"><strong>Rui Ara\u00fajo<\/strong>: O In\u00edcio do ensino do Voleibol na Escola\/Clube<br \/>\n&#8211; Doutoramento em Ci\u00eancias do Desporto &#8211; Especializa\u00e7\u00e3o em Pedagogia do Desporto<br \/>\n&#8211; Investiga\u00e7\u00e3o na \u00e1rea dos modelos de ensino do desporto em contexto escolar<br \/>\n&#8211; Docente de Did\u00e1ctica Espec\u00edfica do Voleibol na Faculdade de Desporto da Universidade do Porto e Instituto Superior da Maia<br \/>\n&#8211; Coordenador T\u00e9cnico e Treinador de Voleibol Grau III<br \/>\n&#8211; Formador FPV nos Cursos de Grau I, II e III<\/p>\n<p class=\"auto-style4\"><strong>3 de Julho \/18h30 \u00e0s 20h30)<\/strong><\/p>\n<p class=\"auto-style1\"><strong>Nuno Lemos<\/strong>: Gira-Volei &#8211; como operacionalizar nas Escolas\/Clubes<br \/>\n&#8211; Professor na Escola Carolina Beatriz \u00c2ngelo (CBA) &#8211; Guarda<br \/>\n&#8211; Respons\u00e1vel pelo Centro de Gira-Volei da Sequeira\/CBA desde 2001<br \/>\n&#8211; Pr\u00e9mio &#8220;M\u00e9rito Gira-Volei&#8221; da FPV em 2006<br \/>\n&#8211; Treinador de Voleibol Grau II<\/p>\n<p class=\"auto-style1\"><strong>4 de Julho \/18h30 \u00e0s 20h30)<\/strong><\/p>\n<p class=\"auto-style1\"><strong>Miguel Pombeiro<\/strong>: Voleibol de Praia &#8211; Como operacionalizar nas Escolas\/Clubes<br \/>\n&#8211; Treinador de Voleibol de Praia RFEVB<br \/>\n&#8211; Treinador Medalha de Ouro no Torneio Internacional S\u00e9nior WEVZA (2018)<br \/>\n&#8211; Treinador da dupla N\u00ba 2 do Circuito Nacional de Voleibol de Praia S\u00e9nior FPV (2019)<br \/>\n&#8211; Treinador Voleibol Grau III<\/p>\n<p class=\"auto-style1\"><span class=\"auto-style5\"><strong>A inscri\u00e7\u00e3o pode ser efectada atrav\u00e9s dos seguintes links<\/strong><\/span>:<\/p>\n<p class=\"auto-style1\">T\u00e9cnicos e amantes da modalidade \u2013\u00a0<a href=\"https:\/\/forms.gle\/36qvNaMt85wo48Nt5\" target=\"_blank\" rel=\"noopener noreferrer\">https:\/\/forms.gle\/36qvNaMt85wo48Nt5<\/a><\/p>\n<p class=\"auto-style1\">Professores \u2013\u00a0<a href=\"https:\/\/forms.gle\/Qg6KwUyFwJBjVXdB9\" target=\"_blank\" rel=\"noopener noreferrer\">https:\/\/forms.gle\/Qg6KwUyFwJBjVXdB9<\/a><\/p>\n<p class=\"auto-style1\">Mais informa\u00e7\u00f5es atrav\u00e9s de\u00a0<a href=\"mailto:avalentejo@gmail.com\">avalentejo@gmail.com<\/a>\u00a0e em\u00a0<a href=\"http:\/\/avalentejo.pt\/\" target=\"_blank\" rel=\"noopener noreferrer\">http:\/\/avalentejo.pt<\/a><\/p>\n","protected":false},"excerpt":{"rendered":"<p>Apesar do momento delicado que Portugal atravessa, no combate \u00e0 pandemia de Covid-19, a\u00a0Associa\u00e7\u00e3o de Voleibol do Alentejo e Algarve (AVAL) &#8220;tem procurado formas de continuar a\u00a0trabalhar em prol do [&hellip;]<\/p>\n","protected":false},"author":1,"featured_media":802,"comment_status":"open","ping_status":"open","sticky":false,"template":"","format":"standard","meta":{"_monsterinsights_skip_tracking":false,"_monsterinsights_sitenote_active":false,"_monsterinsights_sitenote_note":"","_monsterinsights_sitenote_category":0,"footnotes":""},"categories":[11,8],"tags":[],"class_list":{"0":"post-801","1":"post","2":"type-post","3":"status-publish","4":"format-standard","5":"has-post-thumbnail","7":"category-formacao","8":"category-voleibol","9":"czr-hentry"},"aioseo_notices":[],"_links":{"self":[{"href":"https:\/\/fpvoleibol.pt\/fpv\/wp-json\/wp\/v2\/posts\/801","targetHints":{"allow":["GET"]}}],"collection":[{"href":"https:\/\/fpvoleibol.pt\/fpv\/wp-json\/wp\/v2\/posts"}],"about":[{"href":"https:\/\/fpvoleibol.pt\/fpv\/wp-json\/wp\/v2\/types\/post"}],"author":[{"embeddable":true,"href":"https:\/\/fpvoleibol.pt\/fpv\/wp-json\/wp\/v2\/users\/1"}],"replies":[{"embeddable":true,"href":"https:\/\/fpvoleibol.pt\/fpv\/wp-json\/wp\/v2\/comments?post=801"}],"version-history":[{"count":1,"href":"https:\/\/fpvoleibol.pt\/fpv\/wp-json\/wp\/v2\/posts\/801\/revisions"}],"predecessor-version":[{"id":803,"href":"https:\/\/fpvoleibol.pt\/fpv\/wp-json\/wp\/v2\/posts\/801\/revisions\/803"}],"wp:featuredmedia":[{"embeddable":true,"href":"https:\/\/fpvoleibol.pt\/fpv\/wp-json\/wp\/v2\/media\/802"}],"wp:attachment":[{"href":"https:\/\/fpvoleibol.pt\/fpv\/wp-json\/wp\/v2\/media?parent=801"}],"wp:term":[{"taxonomy":"category","embeddable":true,"href":"https:\/\/fpvoleibol.pt\/fpv\/wp-json\/wp\/v2\/categories?post=801"},{"taxonomy":"post_tag","embeddable":true,"href":"https:\/\/fpvoleibol.pt\/fpv\/wp-json\/wp\/v2\/tags?post=801"}],"curies":[{"name":"wp","href":"https:\/\/api.w.org\/{rel}","templated":true}]}}