{"id":798,"date":"2020-06-22T15:43:56","date_gmt":"2020-06-22T15:43:56","guid":{"rendered":"https:\/\/fpvoleibol.pt\/fpv\/?p=798"},"modified":"2020-06-22T15:43:56","modified_gmt":"2020-06-22T15:43:56","slug":"sistemas-defensivos-no-cifo-2020","status":"publish","type":"post","link":"https:\/\/fpvoleibol.pt\/fpv\/2020\/06\/22\/sistemas-defensivos-no-cifo-2020\/","title":{"rendered":"SISTEMAS DEFENSIVOS NO CIFO 2020"},"content":{"rendered":"<p class=\"descricaonoticia\" align=\"center\"><a href=\"https:\/\/www.fpvoleibol.pt\/noticias\/2020\/imagens\/CIFO2020M14M15_gd.jpg\" target=\"_blank\" rel=\"noopener noreferrer\"><img loading=\"lazy\" decoding=\"async\" src=\"https:\/\/www.fpvoleibol.pt\/noticias\/2020\/imagens\/CIFO2020M14M15_pq.jpg\" width=\"430\" height=\"579\" border=\"1\" \/><\/a><\/p>\n<p class=\"descricaonoticia\" align=\"justify\">O\u00a0<strong>Ciclo Internacional de Forma\u00e7\u00e3o Online<\/strong>, organizado pela\u00a0<span class=\"auto-style1\">Associa\u00e7\u00e3o Nacional de Treinadores de Voleibol (ANTV)<\/span>\u00a0em colabora\u00e7\u00e3o com a\u00a0<span class=\"auto-style1\">Federa\u00e7\u00e3o Portuguesa de Voleibol (FPV)<\/span>, entra na sua s\u00e9tima semana de realiza\u00e7\u00e3o com mais dois m\u00f3dulos da categoria de alto rendimento.<\/p>\n<p class=\"descricaonoticia\" align=\"justify\">Hoje, pelas 21h00, o brasileiro\u00a0<strong>Roberley Leonaldo<\/strong>\u00a0apresenta o tema \u00abProcesso do treino de KII, como come\u00e7ar e onde chegar (par\u00e2metros e tend\u00eancias da transi\u00e7\u00e3o no alto rendimento).<\/p>\n<p class=\"descricaonoticia\" align=\"justify\">No dia 25, a sess\u00e3o estar\u00e1 a cargo de mais dois t\u00e9cnicos brasileiros:\u00a0<strong>Willian Santa Maria\u00a0<\/strong>e<strong>\u00a0Reinado Bacilieri,<\/strong>\u00a0com o tema \u00abModelo defensivo para o alto rendimento &#8211; Organiza\u00e7\u00e3o da rela\u00e7\u00e3o bloco\/defesa.<\/p>\n<p class=\"descricaonoticia\" align=\"justify\">Ver hor\u00e1rios e mais informa\u00e7\u00f5es\u00a0<a href=\"https:\/\/www.fpvoleibol.pt\/noticias\/2020\/cifo_2020_22junho.pdf\" target=\"_blank\" rel=\"noopener noreferrer\">aqui<\/a><\/p>\n<p class=\"descricaonoticia\" align=\"justify\">O\u00a0<strong>Ciclo Internacional de Forma\u00e7\u00e3o Online<\/strong>\u00a0prolonga-se por tr\u00eas meses e ter\u00e1 38 horas de forma\u00e7\u00e3o, divididas em 20 m\u00f3dulos de curta dura\u00e7\u00e3o, classificados em 6 categorias e num total de 28 formadores, atribuindo\u00a0<span class=\"auto-style1\">7,6 unidades de cr\u00e9dito (UC).<\/span><\/p>\n<p class=\"descricaonoticia\" align=\"justify\">Inscri\u00e7\u00f5es em\u00a0<a href=\"https:\/\/docs.google.com\/forms\/d\/e\/1FAIpQLSeLsWe6ES2QH6HloV8pJUEVDfAP2-cIyNZSUINezzqptiTqGA\/viewform\" target=\"_blank\" rel=\"noopener noreferrer\">bit.ly\/inscricaoantv2020<\/a><\/p>\n<p class=\"descricaonoticia\" align=\"justify\">Para mais informa\u00e7\u00f5es:\u00a0<a href=\"mailto:antvoleibol@gmail.com\" target=\"_blank\" rel=\"noopener noreferrer\">antvoleibol@gmail.com<\/a><\/p>\n<p class=\"descricaonoticia\" align=\"justify\"><span class=\"auto-style1\">Programa de Maio<\/span>\u00a0<a href=\"https:\/\/www.fpvoleibol.pt\/noticias\/2020\/PROGRAMA_MAIO.pdf\" target=\"_blank\" rel=\"noopener noreferrer\">aqui<\/a><\/p>\n<p class=\"descricaonoticia\" align=\"justify\"><span class=\"auto-style1\">Programa de Junho\/Julho<\/span>\u00a0<a href=\"https:\/\/www.fpvoleibol.pt\/noticias\/2020\/PROGRAMA_JUNJUL.pdf\" target=\"_blank\" rel=\"noopener noreferrer\">aqui<\/a><\/p>\n","protected":false},"excerpt":{"rendered":"<p>O\u00a0Ciclo Internacional de Forma\u00e7\u00e3o Online, organizado pela\u00a0Associa\u00e7\u00e3o Nacional de Treinadores de Voleibol (ANTV)\u00a0em colabora\u00e7\u00e3o com a\u00a0Federa\u00e7\u00e3o Portuguesa de Voleibol (FPV), entra na sua s\u00e9tima semana de realiza\u00e7\u00e3o com mais dois [&hellip;]<\/p>\n","protected":false},"author":1,"featured_media":799,"comment_status":"open","ping_status":"open","sticky":false,"template":"","format":"standard","meta":{"_monsterinsights_skip_tracking":false,"_monsterinsights_sitenote_active":false,"_monsterinsights_sitenote_note":"","_monsterinsights_sitenote_category":0,"footnotes":""},"categories":[11,8],"tags":[],"class_list":{"0":"post-798","1":"post","2":"type-post","3":"status-publish","4":"format-standard","5":"has-post-thumbnail","7":"category-formacao","8":"category-voleibol","9":"czr-hentry"},"aioseo_notices":[],"_links":{"self":[{"href":"https:\/\/fpvoleibol.pt\/fpv\/wp-json\/wp\/v2\/posts\/798","targetHints":{"allow":["GET"]}}],"collection":[{"href":"https:\/\/fpvoleibol.pt\/fpv\/wp-json\/wp\/v2\/posts"}],"about":[{"href":"https:\/\/fpvoleibol.pt\/fpv\/wp-json\/wp\/v2\/types\/post"}],"author":[{"embeddable":true,"href":"https:\/\/fpvoleibol.pt\/fpv\/wp-json\/wp\/v2\/users\/1"}],"replies":[{"embeddable":true,"href":"https:\/\/fpvoleibol.pt\/fpv\/wp-json\/wp\/v2\/comments?post=798"}],"version-history":[{"count":1,"href":"https:\/\/fpvoleibol.pt\/fpv\/wp-json\/wp\/v2\/posts\/798\/revisions"}],"predecessor-version":[{"id":800,"href":"https:\/\/fpvoleibol.pt\/fpv\/wp-json\/wp\/v2\/posts\/798\/revisions\/800"}],"wp:featuredmedia":[{"embeddable":true,"href":"https:\/\/fpvoleibol.pt\/fpv\/wp-json\/wp\/v2\/media\/799"}],"wp:attachment":[{"href":"https:\/\/fpvoleibol.pt\/fpv\/wp-json\/wp\/v2\/media?parent=798"}],"wp:term":[{"taxonomy":"category","embeddable":true,"href":"https:\/\/fpvoleibol.pt\/fpv\/wp-json\/wp\/v2\/categories?post=798"},{"taxonomy":"post_tag","embeddable":true,"href":"https:\/\/fpvoleibol.pt\/fpv\/wp-json\/wp\/v2\/tags?post=798"}],"curies":[{"name":"wp","href":"https:\/\/api.w.org\/{rel}","templated":true}]}}