{"id":795,"date":"2020-06-19T15:39:23","date_gmt":"2020-06-19T15:39:23","guid":{"rendered":"https:\/\/fpvoleibol.pt\/fpv\/?p=795"},"modified":"2020-06-22T15:40:48","modified_gmt":"2020-06-22T15:40:48","slug":"arbitragem-portuguesa-em-foco-na-europa-e-americas","status":"publish","type":"post","link":"https:\/\/fpvoleibol.pt\/fpv\/2020\/06\/19\/arbitragem-portuguesa-em-foco-na-europa-e-americas\/","title":{"rendered":"ARBITRAGEM PORTUGUESA EM FOCO NA EUROPA E AM\u00c9RICA(S)"},"content":{"rendered":"<p class=\"descricaonoticia\" align=\"center\"><a href=\"https:\/\/www.fpvoleibol.pt\/noticias\/2020\/imagens\/Webinar%20DevRef_gd.jpg\" target=\"_blank\" rel=\"noopener noreferrer\"><img loading=\"lazy\" decoding=\"async\" title=\"Foto 1\" src=\"https:\/\/www.fpvoleibol.pt\/noticias\/2020\/imagens\/Webinar%20DevRef_pq.jpg\" width=\"480\" height=\"270\" border=\"1\" \/><\/a><\/p>\n<p class=\"auto-style1\">Os \u00e1rbitros de Voleibol de Praia v\u00e3o ter mais uma excelente oportunidade para aprofundar os seus conhecimentos com os webinars promovidos pela Confedera\u00e7\u00e3o Europeia de Voleibol (CEV), que contar\u00e3o com a participa\u00e7\u00e3o do portugu\u00eas Rui Carvalho, \u00e1rbitro nomeado para os Jogos Ol\u00edmpicos de T\u00f3quio e que apitou a final do Londres 2012.<br \/>\nRui Carvalho foi tamb\u00e9m solicitado para ser prelector no semin\u00e1rio que envolve o n\u00facleo de \u00e1rbitros da Confedera\u00e7\u00e3o Sul-Americana de Voleibol (CSV) e da NORCECA, confedera\u00e7\u00e3o que re\u00fane os pa\u00edses da Am\u00e9rica do Norte, Am\u00e9rica Central e Cara\u00edbas, a realizar amanh\u00e3.<\/p>\n<p class=\"auto-style2\"><img loading=\"lazy\" decoding=\"async\" class=\"aligncenter\" title=\"Foto 1\" src=\"https:\/\/www.fpvoleibol.pt\/noticias\/2020\/imagens\/rcarvalho_norceca.jpg\" width=\"430\" height=\"608\" border=\"1\" \/><\/p>\n<p class=\"auto-style1\">Em rela\u00e7\u00e3o \u00e0 Europa, ser\u00e3o dois os semin\u00e1rios on-line promovidos pela CEV, atrav\u00e9s da sua Comiss\u00e3o Europ\u00e9ia de Arbitragem (ERC), numa altura em que todos ainda vivem os efeitos nefastos da pandemia de Covid-19 e o regresso aos pavilh\u00f5es e \u00e0s quadras ainda n\u00e3o se iniciou em todos os pa\u00edses.<br \/>\nA iniciativa envolve 34 \u00e1rbitros internacionais de Voleibol de Praia de v\u00e1rios pa\u00edses que ir\u00e3o partilhar os seus conhecimentos e experi\u00eancias nos dias 22 e 24 de Junho.<br \/>\nO portugu\u00eas Rui Carvalho, o grego Charalampos Papadogoulas, o alem\u00e3o Tobias Markfeld e a polaca Agnieszka Myszkowska s\u00e3o os quatro \u00e1rbitros internacionais de elite que far\u00e3o apresenta\u00e7\u00f5es durante os semin\u00e1rios.<\/p>\n<p class=\"auto-style2\"><img loading=\"lazy\" decoding=\"async\" class=\"aligncenter\" title=\"Foto 1\" src=\"https:\/\/www.fpvoleibol.pt\/noticias\/2020\/imagens\/ruicarvalho_WCh.jpg\" width=\"480\" height=\"270\" border=\"1\" \/><\/p>\n<p class=\"auto-style1\"><strong>Rui Carvalho<\/strong>, que\u00a0<em>apitou<\/em>\u00a0a<a href=\"https:\/\/www.fpvoleibol.pt\/noticias\/2012\/20120810-297.html\" target=\"_blank\" rel=\"noopener noreferrer\">\u00a0final de masculinos de Voleibol de Praia nos Jogos Ol\u00edmpicos de Londres 2012<\/a>, vai estar novamente presente nos Jogos Ol\u00edmpicos de T\u00f3quio.<br \/>\nVer not\u00edcia\u00a0<a href=\"https:\/\/www.fpvoleibol.pt\/noticias\/2020\/20200131-1495_tok.html\" target=\"_blank\" rel=\"noopener noreferrer\">aqui<\/a>\u00a0e mais informa\u00e7\u00f5es\u00a0<a href=\"https:\/\/www.fpvoleibol.pt\/noticias\/2012\/20120203-041.html\" target=\"_blank\" rel=\"noopener noreferrer\">aqui<\/a>\u00a0e<a href=\"https:\/\/www.fpvoleibol.pt\/noticias\/2012\/20120810-297.html\" target=\"_blank\" rel=\"noopener noreferrer\">\u00a0aqui<\/a><\/p>\n<p class=\"auto-style1\">Informa\u00e7\u00f5es adicionais:\u00a0<a href=\"http:\/\/www.cev.eu\/\" target=\"_blank\" rel=\"noopener noreferrer\">www.cev.eu<\/a>\u00a0\/\u00a0<a href=\"http:\/\/www.fivb.com\/\" target=\"_blank\" rel=\"noopener noreferrer\">www.fivb.com<\/a><\/p>\n","protected":false},"excerpt":{"rendered":"<p>Os \u00e1rbitros de Voleibol de Praia v\u00e3o ter mais uma excelente oportunidade para aprofundar os seus conhecimentos com os webinars promovidos pela Confedera\u00e7\u00e3o Europeia de Voleibol (CEV), que contar\u00e3o com [&hellip;]<\/p>\n","protected":false},"author":1,"featured_media":796,"comment_status":"open","ping_status":"open","sticky":false,"template":"","format":"standard","meta":{"_monsterinsights_skip_tracking":false,"_monsterinsights_sitenote_active":false,"_monsterinsights_sitenote_note":"","_monsterinsights_sitenote_category":0,"footnotes":""},"categories":[9],"tags":[],"class_list":{"0":"post-795","1":"post","2":"type-post","3":"status-publish","4":"format-standard","5":"has-post-thumbnail","7":"category-voleibol-de-praia","8":"czr-hentry"},"aioseo_notices":[],"_links":{"self":[{"href":"https:\/\/fpvoleibol.pt\/fpv\/wp-json\/wp\/v2\/posts\/795","targetHints":{"allow":["GET"]}}],"collection":[{"href":"https:\/\/fpvoleibol.pt\/fpv\/wp-json\/wp\/v2\/posts"}],"about":[{"href":"https:\/\/fpvoleibol.pt\/fpv\/wp-json\/wp\/v2\/types\/post"}],"author":[{"embeddable":true,"href":"https:\/\/fpvoleibol.pt\/fpv\/wp-json\/wp\/v2\/users\/1"}],"replies":[{"embeddable":true,"href":"https:\/\/fpvoleibol.pt\/fpv\/wp-json\/wp\/v2\/comments?post=795"}],"version-history":[{"count":1,"href":"https:\/\/fpvoleibol.pt\/fpv\/wp-json\/wp\/v2\/posts\/795\/revisions"}],"predecessor-version":[{"id":797,"href":"https:\/\/fpvoleibol.pt\/fpv\/wp-json\/wp\/v2\/posts\/795\/revisions\/797"}],"wp:featuredmedia":[{"embeddable":true,"href":"https:\/\/fpvoleibol.pt\/fpv\/wp-json\/wp\/v2\/media\/796"}],"wp:attachment":[{"href":"https:\/\/fpvoleibol.pt\/fpv\/wp-json\/wp\/v2\/media?parent=795"}],"wp:term":[{"taxonomy":"category","embeddable":true,"href":"https:\/\/fpvoleibol.pt\/fpv\/wp-json\/wp\/v2\/categories?post=795"},{"taxonomy":"post_tag","embeddable":true,"href":"https:\/\/fpvoleibol.pt\/fpv\/wp-json\/wp\/v2\/tags?post=795"}],"curies":[{"name":"wp","href":"https:\/\/api.w.org\/{rel}","templated":true}]}}