{"id":789,"date":"2020-06-18T08:17:48","date_gmt":"2020-06-18T08:17:48","guid":{"rendered":"https:\/\/fpvoleibol.pt\/fpv\/?p=789"},"modified":"2020-06-19T08:19:31","modified_gmt":"2020-06-19T08:19:31","slug":"voleibol-de-praia-integra-munique-2022","status":"publish","type":"post","link":"https:\/\/fpvoleibol.pt\/fpv\/2020\/06\/18\/voleibol-de-praia-integra-munique-2022\/","title":{"rendered":"VOLEIBOL DE PRAIA INTEGRA MUNIQUE 2022"},"content":{"rendered":"<p class=\"descricaonoticia\" align=\"center\"><img loading=\"lazy\" decoding=\"async\" src=\"https:\/\/www.fpvoleibol.pt\/noticias\/2020\/imagens\/BeachVolleyball_Mun.jpg\" width=\"430\" height=\"517\" border=\"1\" \/><\/p>\n<p class=\"descricaonoticia\" align=\"justify\">A Confedera\u00e7\u00e3o Europeia de Voleibol (CEV) anunciou hoje que o Voleibol de Praia vai integrar os Campeonatos Europeus de Munique 2022 (European Championships Munich 2022), um evento que envolve nove modalidades e que se realizar\u00e1 na cidade alem\u00e3 de 11 a 21 de Agosto de 2022. [<strong>Imagem<\/strong>: cortesia de\u00a0<i>Munich Olympic Park<\/i>]<\/p>\n<p class=\"descricaonoticia\" align=\"justify\">A competi\u00e7\u00e3o de Voleibol de Praia contar\u00e1 com 32 duplas por g\u00e9nero, representando 128 atletas masculinos e femininos que competem em dois eventos pelas respectivas medalhas.<br \/>\nNo total dos nove desportos \u2013 Atletismo, Canoagem, Ciclismo, Escalada, Gin\u00e1stica, Remo, T\u00e9nis de Mesa e Triatlo \u2013, devem competir 4.400 atletas de 50 pa\u00edses.<\/p>\n<p class=\"descricaonoticia\" align=\"justify\">Munique 2022 \u00e9 a segunda edi\u00e7\u00e3o destes Campeonatos Europeus, ap\u00f3s em 2018 as cidades de Glasgow (Esc\u00f3cia) e Berlim (Alemanha) terem realizado com sucesso sete Campeonatos Europeus com 13 modalidades, eventos que registaram uma audi\u00eancia televisiva de mais de mil mih\u00f5es, em 44 territ\u00f3rios da Europa e do mundo.<\/p>\n<p class=\"descricaonoticia\" align=\"justify\">Ver an\u00fancio\u00a0<a href=\"https:\/\/www.cev.eu\/News.aspx?NewsID=30782&amp;ID=7\" target=\"_blank\" rel=\"noopener noreferrer\">aqui<\/a><\/p>\n","protected":false},"excerpt":{"rendered":"<p>A Confedera\u00e7\u00e3o Europeia de Voleibol (CEV) anunciou hoje que o Voleibol de Praia vai integrar os Campeonatos Europeus de Munique 2022 (European Championships Munich 2022), um evento que envolve nove [&hellip;]<\/p>\n","protected":false},"author":1,"featured_media":790,"comment_status":"open","ping_status":"open","sticky":false,"template":"","format":"standard","meta":{"_monsterinsights_skip_tracking":false,"_monsterinsights_sitenote_active":false,"_monsterinsights_sitenote_note":"","_monsterinsights_sitenote_category":0,"footnotes":""},"categories":[9],"tags":[],"class_list":{"0":"post-789","1":"post","2":"type-post","3":"status-publish","4":"format-standard","5":"has-post-thumbnail","7":"category-voleibol-de-praia","8":"czr-hentry"},"aioseo_notices":[],"_links":{"self":[{"href":"https:\/\/fpvoleibol.pt\/fpv\/wp-json\/wp\/v2\/posts\/789","targetHints":{"allow":["GET"]}}],"collection":[{"href":"https:\/\/fpvoleibol.pt\/fpv\/wp-json\/wp\/v2\/posts"}],"about":[{"href":"https:\/\/fpvoleibol.pt\/fpv\/wp-json\/wp\/v2\/types\/post"}],"author":[{"embeddable":true,"href":"https:\/\/fpvoleibol.pt\/fpv\/wp-json\/wp\/v2\/users\/1"}],"replies":[{"embeddable":true,"href":"https:\/\/fpvoleibol.pt\/fpv\/wp-json\/wp\/v2\/comments?post=789"}],"version-history":[{"count":1,"href":"https:\/\/fpvoleibol.pt\/fpv\/wp-json\/wp\/v2\/posts\/789\/revisions"}],"predecessor-version":[{"id":791,"href":"https:\/\/fpvoleibol.pt\/fpv\/wp-json\/wp\/v2\/posts\/789\/revisions\/791"}],"wp:featuredmedia":[{"embeddable":true,"href":"https:\/\/fpvoleibol.pt\/fpv\/wp-json\/wp\/v2\/media\/790"}],"wp:attachment":[{"href":"https:\/\/fpvoleibol.pt\/fpv\/wp-json\/wp\/v2\/media?parent=789"}],"wp:term":[{"taxonomy":"category","embeddable":true,"href":"https:\/\/fpvoleibol.pt\/fpv\/wp-json\/wp\/v2\/categories?post=789"},{"taxonomy":"post_tag","embeddable":true,"href":"https:\/\/fpvoleibol.pt\/fpv\/wp-json\/wp\/v2\/tags?post=789"}],"curies":[{"name":"wp","href":"https:\/\/api.w.org\/{rel}","templated":true}]}}