{"id":780,"date":"2020-06-16T08:38:21","date_gmt":"2020-06-16T08:38:21","guid":{"rendered":"https:\/\/fpvoleibol.pt\/fpv\/?p=780"},"modified":"2020-06-17T08:40:32","modified_gmt":"2020-06-17T08:40:32","slug":"encarregados-de-educacao-e-familiares-de-atletas-no-top","status":"publish","type":"post","link":"https:\/\/fpvoleibol.pt\/fpv\/2020\/06\/16\/encarregados-de-educacao-e-familiares-de-atletas-no-top\/","title":{"rendered":"ENCARREGADOS DE EDUCA\u00c7\u00c3O E FAMILIARES DE ATLETAS NO TOP"},"content":{"rendered":"<p class=\"descricaonoticia\" align=\"center\"><img loading=\"lazy\" decoding=\"async\" src=\"https:\/\/www.fpvoleibol.pt\/noticias\/2020\/imagens\/site_Pais_20-junho_f.jpg\" width=\"480\" height=\"270\" border=\"1\" \/><\/p>\n<p class=\"descricaonoticia\" align=\"justify\">O\u00a0<strong>Comit\u00e9 Ol\u00edmpico de Portugal (COP)<\/strong>\u00a0realiza, no dia 20 de Junho, pelas 11h00, uma sess\u00e3o destinada aos encarregados de educa\u00e7\u00e3o e familiares de atletas, no \u00e2mbito do Programa\u00a0<span class=\"auto-style5\">The Olympic Performance (TOP)<\/span>, responsabilidade da Direc\u00e7\u00e3o de Medicina Desportiva do COP.<\/p>\n<p class=\"descricaonoticia\" align=\"justify\">A iniciativa, que re\u00fane encarregados de educa\u00e7\u00e3o e familiares de atletas, tem como tema\u00a0<strong>\u00abA Fam\u00edlia: a chave oculta do sucesso desportivo?\u00bb<\/strong>\u00a0e apresenta como oradores o Director de Medicina Desportiva do COP, Jos\u00e9 Gomes Pereira, e as respons\u00e1veis pelas \u00e1reas de Psicologia e Nutri\u00e7\u00e3o da Direc\u00e7\u00e3o de Medicina Desportiva do COP, respectivamente Ana Bispo Ramires e Cl\u00e1udia Minderico.<br \/>\nA modera\u00e7\u00e3o estar\u00e1 a cargo do Director Desportivo do COP, Pedro Roque.<\/p>\n<p class=\"descricaonoticia\" align=\"justify\">As inscri\u00e7\u00f5es, gratuitas mas limitadas, est\u00e3o abertas no link\u00a0<\/p>\n<p class=\"descricaonoticia\" align=\"justify\">Mais informa\u00e7\u00f5es\u00a0<a href=\"http:\/\/comiteolimpicoportugal.pt\/the-olympic-performance-promove-sessao-para-pais\/\" target=\"_blank\" rel=\"noopener noreferrer\">aqui<\/a><\/p>\n","protected":false},"excerpt":{"rendered":"<p>O\u00a0Comit\u00e9 Ol\u00edmpico de Portugal (COP)\u00a0realiza, no dia 20 de Junho, pelas 11h00, uma sess\u00e3o destinada aos encarregados de educa\u00e7\u00e3o e familiares de atletas, no \u00e2mbito do Programa\u00a0The Olympic Performance (TOP), [&hellip;]<\/p>\n","protected":false},"author":1,"featured_media":781,"comment_status":"open","ping_status":"open","sticky":false,"template":"","format":"standard","meta":{"_monsterinsights_skip_tracking":false,"_monsterinsights_sitenote_active":false,"_monsterinsights_sitenote_note":"","_monsterinsights_sitenote_category":0,"footnotes":""},"categories":[8,9],"tags":[],"class_list":{"0":"post-780","1":"post","2":"type-post","3":"status-publish","4":"format-standard","5":"has-post-thumbnail","7":"category-voleibol","8":"category-voleibol-de-praia","9":"czr-hentry"},"aioseo_notices":[],"_links":{"self":[{"href":"https:\/\/fpvoleibol.pt\/fpv\/wp-json\/wp\/v2\/posts\/780","targetHints":{"allow":["GET"]}}],"collection":[{"href":"https:\/\/fpvoleibol.pt\/fpv\/wp-json\/wp\/v2\/posts"}],"about":[{"href":"https:\/\/fpvoleibol.pt\/fpv\/wp-json\/wp\/v2\/types\/post"}],"author":[{"embeddable":true,"href":"https:\/\/fpvoleibol.pt\/fpv\/wp-json\/wp\/v2\/users\/1"}],"replies":[{"embeddable":true,"href":"https:\/\/fpvoleibol.pt\/fpv\/wp-json\/wp\/v2\/comments?post=780"}],"version-history":[{"count":1,"href":"https:\/\/fpvoleibol.pt\/fpv\/wp-json\/wp\/v2\/posts\/780\/revisions"}],"predecessor-version":[{"id":782,"href":"https:\/\/fpvoleibol.pt\/fpv\/wp-json\/wp\/v2\/posts\/780\/revisions\/782"}],"wp:featuredmedia":[{"embeddable":true,"href":"https:\/\/fpvoleibol.pt\/fpv\/wp-json\/wp\/v2\/media\/781"}],"wp:attachment":[{"href":"https:\/\/fpvoleibol.pt\/fpv\/wp-json\/wp\/v2\/media?parent=780"}],"wp:term":[{"taxonomy":"category","embeddable":true,"href":"https:\/\/fpvoleibol.pt\/fpv\/wp-json\/wp\/v2\/categories?post=780"},{"taxonomy":"post_tag","embeddable":true,"href":"https:\/\/fpvoleibol.pt\/fpv\/wp-json\/wp\/v2\/tags?post=780"}],"curies":[{"name":"wp","href":"https:\/\/api.w.org\/{rel}","templated":true}]}}